{"id":91349,"date":"2025-09-03T20:07:24","date_gmt":"2025-09-03T20:07:24","guid":{"rendered":"https:\/\/www.europesays.com\/es\/91349\/"},"modified":"2025-09-03T20:07:24","modified_gmt":"2025-09-03T20:07:24","slug":"fotografia-y-tauromaquia-dos-siglos-al-alimon-2","status":"publish","type":"post","link":"https:\/\/www.europesays.com\/es\/91349\/","title":{"rendered":"Fotograf\u00eda y tauromaquia, dos siglos al alim\u00f3n"},"content":{"rendered":"<p>Roberto Jim\u00e9nez|Valladolid (EFE).- Nunca un arte tan fugaz como el de la tauromaquia, \u00fanico por irrepetible e in\u00e9dito en cada lance, ha sido tan perenne: anida en la memoria de los aficionados y demora su fecha de caducidad gracias a la fotograf\u00eda, que represa la fugacidad de momentos como los que capta y ofrece el fotoperiodista Nacho Gallego.<\/p>\n<p>Son d\u00e9cimas de segundo como la pincelada de un artista, el golpe de cincel o la nota musical disuelta al final de una pieza, son \u2018Instantes\u2019 como el lema de la exposici\u00f3n que Nacho Gallego ofrece desde este mi\u00e9rcoles en Valladolid en el marco de la Feria y Fiestas de la Virgen de San Lorenzo.<\/p>\n<p>Medio centenar de fotograf\u00edas resume dos d\u00e9cadas detr\u00e1s de la c\u00e1mara en el callej\u00f3n de la plaza de toros de Valladolid -que este 2025 celebra 135 a\u00f1os de vida-, para ofrecer un prontuario de tauromaquia pero tambi\u00e9n un tratado de geometr\u00eda, una po\u00e9tica de la imagen, un juego de luces y una dial\u00e9ctica entre vida y muerte.<\/p>\n<p><img loading=\"lazy\" data-recalc-dims=\"1\" decoding=\"async\" width=\"900\" height=\"599\" data-id=\"2119044\" src=\"https:\/\/www.europesays.com\/es\/wp-content\/uploads\/2025\/09\/1756930043_225_GRAF7069-CYL-TOROS-FOTOGRAFIA.webp\" alt=\"\" class=\"wp-image-2119044\"  \/>Exposici\u00f3n \u2018Instantes\u2019 del fotoperiodista Nacho Gallego inaugurada este mi\u00e9rcoles en la sala de exposiciones de San Benito en Valladolid en el marco de la Feria y Fiestas de la Virgen de San Lorenzo<\/p>\n<p>\u00abUna corrida de toros ofrece muchas opciones para la creatividad\u00bb, ha explicado Nacho Gallego a EFE antes de inaugurar este muestrario al que acompa\u00f1an los textos de Raquel Sanz y Vicente D\u00edez, y que permanecer\u00e1 hasta el 30 de septiembre en la sala de exposiciones de San Benito.<\/p>\n<p>Dos siglos<\/p>\n<p>No tard\u00f3 mucho la fotograf\u00eda, reci\u00e9n nacida en 1839, en sintonizar con la tauromaquia: apenas dos d\u00e9cadas hasta que el 25 de julio de 1859, en la plaza de toros de El Puerto de Santa Mar\u00eda (C\u00e1diz) Louis Charles Raoul Vernay, revel\u00f3 la primera escena taur\u00f3maca seg\u00fan esgrime la Fundaci\u00f3n Toro de Lidia.<\/p>\n<p>C\u00fachares apuraba sus \u00faltimos compromisos y faltaba poco para el debut de Lagartijo y Frascuelo cuando el Conde Vernay abri\u00f3 un venero que casi dos siglos despu\u00e9s sigue manando para fot\u00f3grafos como Nacho Gallego, colaborador de EFE, de Seminci y que ha firmado im\u00e1genes de diversa tem\u00e1tica en The Times o The Washington Post.<\/p>\n<p>En su c\u00e1mara los protagonistas son ahora El Fundi, Jos\u00e9 Tom\u00e1s, Manzanares, El Juli, Enrique Ponce, Padilla, Morante, Roca Rey, Emilio de Justo, Escribano o Talavante, durante sus comparecencias en las ferias de San Pedro Regalado y de la Virgen de San Lorenzo.<\/p>\n<p><img data-recalc-dims=\"1\" loading=\"lazy\" decoding=\"async\" width=\"900\" height=\"600\" src=\"https:\/\/www.europesays.com\/es\/wp-content\/uploads\/2025\/09\/1756930044_889_GRAF7070-CYL-TOROS-FOTOGRAFIA.webp\" alt=\"\" class=\"wp-image-2119048\"  \/>Exposici\u00f3n \u2018Instantes\u2019 del fotoperiodista Nacho Gallego inaugurada este mi\u00e9rcoles en la sala de exposiciones de San Benito en Valladolid en el marco de la Feria y Fiestas de la Virgen de San Lorenzo<\/p>\n<p>Una teor\u00eda del gesto<\/p>\n<p>Todos ellos engrosan esta galer\u00eda de \u2018Instantes\u2019 en actitudes que trascienden la tradicional imagen informativa de un pasaje de la lidia o un momento de apuro porque la tauromaquia \u00abtiene muchas otras cosas que mostrar tambi\u00e9n\u00bb, ha esgrimido este reportero distinguido, entre otros galardones, con el Premio Francisco Coss\u00edo en dos ocasiones y participante en exposiciones individuales y colectivas.<\/p>\n<p>Surge as\u00ed la po\u00e9tica del gesto: de tensi\u00f3n en el port\u00f3n de cuadrillas, de concentraci\u00f3n entrebarreras, de alivio al concluir y de alegr\u00eda y tristeza en funci\u00f3n del resultado. Capta el fot\u00f3grafo miradas perdidas y sensaciones de miedo en contraste con la escrutadora, alegre o relajada de los aficionados.<\/p>\n<p>Las luces seducen al fot\u00f3grafo en claroscuros, penumbras, sombras y brillos que junto a los colores de sedas, adornos, telas y albero ilustran este ritual de contrastes: cadencia y desmayo pero tambi\u00e9n violencia y arrebato en todos sus estratos y protagonistas, tambi\u00e9n banderilleros y varilargueros.<\/p>\n<p>El arte de birlibirloque, en palabras de Bergam\u00edn, emerge con un toro haciendo el pino y la geometr\u00eda se manifiesta en la inapelable verticalidad de Jos\u00e9 Tom\u00e1s o en los tri\u00e1ngulos equil\u00e1teros de trincherazos, ayudados por bajo y medias ver\u00f3nicas que cuelgan en las paredes de la sala de exposiciones, antigua bodega del convento de San Benito el Real. EFE<\/p>\n","protected":false},"excerpt":{"rendered":"Roberto Jim\u00e9nez|Valladolid (EFE).- Nunca un arte tan fugaz como el de la tauromaquia, \u00fanico por irrepetible e in\u00e9dito&hellip;\n","protected":false},"author":2,"featured_media":91350,"comment_status":"","ping_status":"","sticky":false,"template":"","format":"standard","meta":{"footnotes":""},"categories":[277],"tags":[373,168,25,24,8420,19871,23,167,374,444],"class_list":{"0":"post-91349","1":"post","2":"type-post","3":"status-publish","4":"format-standard","5":"has-post-thumbnail","7":"category-toreo","8":"tag-bullfighting","9":"tag-deportes","10":"tag-es","11":"tag-espana","12":"tag-fotografias","13":"tag-interes-cultural","14":"tag-spain","15":"tag-sports","16":"tag-toreo","17":"tag-toros"},"share_on_mastodon":{"url":"","error":""},"_links":{"self":[{"href":"https:\/\/www.europesays.com\/es\/wp-json\/wp\/v2\/posts\/91349","targetHints":{"allow":["GET"]}}],"collection":[{"href":"https:\/\/www.europesays.com\/es\/wp-json\/wp\/v2\/posts"}],"about":[{"href":"https:\/\/www.europesays.com\/es\/wp-json\/wp\/v2\/types\/post"}],"author":[{"embeddable":true,"href":"https:\/\/www.europesays.com\/es\/wp-json\/wp\/v2\/users\/2"}],"replies":[{"embeddable":true,"href":"https:\/\/www.europesays.com\/es\/wp-json\/wp\/v2\/comments?post=91349"}],"version-history":[{"count":0,"href":"https:\/\/www.europesays.com\/es\/wp-json\/wp\/v2\/posts\/91349\/revisions"}],"wp:featuredmedia":[{"embeddable":true,"href":"https:\/\/www.europesays.com\/es\/wp-json\/wp\/v2\/media\/91350"}],"wp:attachment":[{"href":"https:\/\/www.europesays.com\/es\/wp-json\/wp\/v2\/media?parent=91349"}],"wp:term":[{"taxonomy":"category","embeddable":true,"href":"https:\/\/www.europesays.com\/es\/wp-json\/wp\/v2\/categories?post=91349"},{"taxonomy":"post_tag","embeddable":true,"href":"https:\/\/www.europesays.com\/es\/wp-json\/wp\/v2\/tags?post=91349"}],"curies":[{"name":"wp","href":"https:\/\/api.w.org\/{rel}","templated":true}]}}