{"id":91363,"date":"2025-09-03T20:16:26","date_gmt":"2025-09-03T20:16:26","guid":{"rendered":"https:\/\/www.europesays.com\/es\/91363\/"},"modified":"2025-09-03T20:16:26","modified_gmt":"2025-09-03T20:16:26","slug":"arte-flamenco-sobre-cobre-en-el-museo-de-bellas-artes","status":"publish","type":"post","link":"https:\/\/www.europesays.com\/es\/91363\/","title":{"rendered":"arte flamenco sobre cobre en el Museo de Bellas Artes"},"content":{"rendered":"<p>El Museo de Bellas Artes de \u00c1lava ha presentado<strong> la exposici\u00f3n temporal \u00abUna historia de Judit y Holofernes\u00bb<\/strong>. Se trata de una serie de obras del <strong>artista flamenco<\/strong> Peeter Sion. La exhibici\u00f3n estar\u00e1 disponible hasta el 14 de septiembre de 2025.<\/p>\n<p>Esta exposici\u00f3n es posible gracias a<strong> un ciudadano que sald\u00f3 su deuda de 4,3 millones de euros<\/strong> mediante <a href=\"https:\/\/www.gasteizhoy.com\/fotos-goya-arteta-diaz-olano-deuda-millonaria-hacienda\/\" target=\"_blank\" rel=\"noopener nofollow\">la entrega de 87 obras de arte al Museo de Bellas Artes de \u00c1lava<\/a>. Unas piezas que anteriormente pertenec\u00edan a la Fundaci\u00f3n Celaya.<\/p>\n<p>\t\t\t\t\t\t\tPUBLICIDAD &#8211; SIGUE LEYENDO ABAJO<br \/>\n\t\t\t\t\t\t\t<a rel=\"noreferrer nofollow noopener\" href=\"https:\/\/gasteiz.ika.eus\/?utm_source=gasteizhoy&amp;utm_medium=400x400&amp;utm_campaign=matrikulazio_kanpaina_20252026_iraila\" target=\"_blank\"><br \/>\n\t\t\t\t\t\t\t\t<img decoding=\"async\" width=\"400px\" height=\"400px\" layout=\"responsive\" data-category=\"banner-IKA\" id=\"segundoparr\" class=\"banclick\" src=\"https:\/\/www.europesays.com\/es\/wp-content\/uploads\/2025\/09\/publicidad-segundo-parrafo-57.gif\"\/><br \/>\n\t\t\t\t\t\t\t<\/a><\/p>\n<p><img fetchpriority=\"high\" decoding=\"async\" class=\"aligncenter wp-image-252440 size-full\" title=\"judit-holofernes-protagonistas-museo-bellas-artes\" src=\"https:\/\/www.europesays.com\/es\/wp-content\/uploads\/2025\/09\/3-1.jpg\" alt=\"judit-holofernes-protagonistas-museo-bellas-artes\" width=\"1280\" height=\"1125\"  \/><\/p>\n<p>\u00abTal y como nos comprometimos por parte del Departamento, adem\u00e1s de proceder a conservar e incluso restaurar lo que indudablemente era un rico patrimonio, lo \u00edbamos a ir poniendo a disposici\u00f3n de sus leg\u00edtimos due\u00f1os que es la ciudadan\u00eda\u00bb, explica Ana del Val, diputada foral de Cultura y Deporte.<\/p>\n<p><img loading=\"lazy\" decoding=\"async\" class=\"aligncenter wp-image-252441 size-full\" src=\"https:\/\/www.europesays.com\/es\/wp-content\/uploads\/2025\/09\/4.jpg\" alt=\"\" width=\"1600\" height=\"880\"  \/><\/p>\n<p>\t\t\t\t\t\tPUBLICIDAD &#8211; SIGUE LEYENDO ABAJO<br \/>\n\t\t\t\t\t\t<a rel=\"noreferrer nofollow noopener\" href=\"https:\/\/www.hyundai.es\/concesionarios\/autolasa\" target=\"_blank\"><br \/>\n\t\t\t\t\t\t\t<img decoding=\"async\" width=\"400px\" height=\"400px\" layout=\"responsive\" data-category=\"banner-Hyundai-autolasa\" id=\"quintoparr\" class=\"banclick\" src=\"https:\/\/www.europesays.com\/es\/wp-content\/uploads\/2025\/08\/publicidad-quinto-parrafo-32.gif\"\/><br \/>\n\t\t\t\t\t\t<\/a><\/p>\n<p>Entre las obras que integran el conjunto de esta colecci\u00f3n, se cuenta <strong>una serie de seis pinturas sobre cobre que describen el relato b\u00edblico<\/strong> del Antiguo Testamento de Judit y Holofernes, firmadas por el artista flamenco Peeter Sion (Amberes 1624-1695).<\/p>\n<p>Limpieza reciente<\/p>\n<p>Las obras han sido sometidas a <strong>una limpieza recientemente en el taller del Servicio de Restauraci\u00f3n<\/strong> de la Diputaci\u00f3n Foral de \u00c1lava y se encuentran en excelente estado de conservaci\u00f3n.<\/p>\n<p>En cuanto a la representaci\u00f3n pict\u00f3rica de la historia de Judith y Holofernes, se puede apreciar en la serie la manera tan ajustada con que el pintor describe y se ci\u00f1e al relato b\u00edblico:<\/p>\n<ul>\n<li>Achior en el campamento de Holofernes.<\/li>\n<li>Judith abandona Betulia para encontrarse con Holofernes.<\/li>\n<li>Encuentro de Judith y Holofernes.<\/li>\n<li>Judith y Holofernes en la mesa del banquete.<\/li>\n<li>Judith muestra la cabeza de Holofernes en Betulia.<\/li>\n<li>Descubrimiento del cuerpo decapitado de Holofernes<\/li>\n<\/ul>\n<p><img loading=\"lazy\" decoding=\"async\" class=\"aligncenter wp-image-252442 size-full\" src=\"https:\/\/www.europesays.com\/es\/wp-content\/uploads\/2025\/09\/coleccion-peeter-sion.jpg\" alt=\"\" width=\"1600\" height=\"714\"  \/><\/p>\n<p>\t\t\t\t\t\t\tPUBLICIDAD &#8211; SIGUE LEYENDO ABAJO<br \/>\n\t\t\t\t\t\t\t<a rel=\"noreferrer nofollow noopener\" href=\"https:\/\/www.camaradealava.com\/es\/2-edicion-del-curso-experto-en-sostenibilidad\" target=\"_blank\"><br \/>\n\t\t\t\t\t\t\t\t<img decoding=\"async\" width=\"400px\" height=\"400px\" layout=\"responsive\" data-category=\"banner-camara-alava-novparr\" id=\"novparr\" class=\"banclick\" src=\"https:\/\/www.europesays.com\/es\/wp-content\/uploads\/2025\/09\/publicidad-noveno-parrafo-58.gif\"\/><br \/>\n\t\t\t\t\t\t\t<\/a><\/p>\n","protected":false},"excerpt":{"rendered":"El Museo de Bellas Artes de \u00c1lava ha presentado la exposici\u00f3n temporal \u00abUna historia de Judit y Holofernes\u00bb.&hellip;\n","protected":false},"author":2,"featured_media":91364,"comment_status":"","ping_status":"","sticky":false,"template":"","format":"standard","meta":{"footnotes":""},"categories":[173],"tags":[229,233,231,230,232,234,146,147,25,24,23],"class_list":{"0":"post-91363","1":"post","2":"type-post","3":"status-publish","4":"format-standard","5":"has-post-thumbnail","7":"category-arte-y-diseno","8":"tag-arte","9":"tag-arte-y-diseno","10":"tag-arts","11":"tag-arts-and-design","12":"tag-design","13":"tag-diseno","14":"tag-entertainment","15":"tag-entretenimiento","16":"tag-es","17":"tag-espana","18":"tag-spain"},"share_on_mastodon":{"url":"","error":""},"_links":{"self":[{"href":"https:\/\/www.europesays.com\/es\/wp-json\/wp\/v2\/posts\/91363","targetHints":{"allow":["GET"]}}],"collection":[{"href":"https:\/\/www.europesays.com\/es\/wp-json\/wp\/v2\/posts"}],"about":[{"href":"https:\/\/www.europesays.com\/es\/wp-json\/wp\/v2\/types\/post"}],"author":[{"embeddable":true,"href":"https:\/\/www.europesays.com\/es\/wp-json\/wp\/v2\/users\/2"}],"replies":[{"embeddable":true,"href":"https:\/\/www.europesays.com\/es\/wp-json\/wp\/v2\/comments?post=91363"}],"version-history":[{"count":0,"href":"https:\/\/www.europesays.com\/es\/wp-json\/wp\/v2\/posts\/91363\/revisions"}],"wp:featuredmedia":[{"embeddable":true,"href":"https:\/\/www.europesays.com\/es\/wp-json\/wp\/v2\/media\/91364"}],"wp:attachment":[{"href":"https:\/\/www.europesays.com\/es\/wp-json\/wp\/v2\/media?parent=91363"}],"wp:term":[{"taxonomy":"category","embeddable":true,"href":"https:\/\/www.europesays.com\/es\/wp-json\/wp\/v2\/categories?post=91363"},{"taxonomy":"post_tag","embeddable":true,"href":"https:\/\/www.europesays.com\/es\/wp-json\/wp\/v2\/tags?post=91363"}],"curies":[{"name":"wp","href":"https:\/\/api.w.org\/{rel}","templated":true}]}}