{"id":91410,"date":"2025-09-03T20:43:10","date_gmt":"2025-09-03T20:43:10","guid":{"rendered":"https:\/\/www.europesays.com\/es\/91410\/"},"modified":"2025-09-03T20:43:10","modified_gmt":"2025-09-03T20:43:10","slug":"la-pelicula-sigue-mi-voz-rodada-en-navarra-se-estrena-el-proximo-12-de-septiembre","status":"publish","type":"post","link":"https:\/\/www.europesays.com\/es\/91410\/","title":{"rendered":"La pel\u00edcula &#8216;Sigue mi voz&#8217;, rodada en Navarra, se estrena el pr\u00f3ximo 12 de septiembre"},"content":{"rendered":"<p>\n        La pel\u00edcula<a href=\"https:\/\/www.noticiasdenavarra.com\/cultura\/2024\/05\/15\/berta-castane-jae-woo-protagonizan-8237009.html\" title=\"Sigue mi voz\" target=\"_blank\" class=\"link copy\" rel=\"nofollow noopener\"> Sigue mi voz<\/a>, que se <a href=\"https:\/\/www.noticiasdenavarra.com\/tags\/rodajes\/\" title=\"rod\u00f3 el a\u00f1o pasado\" target=\"_blank\" class=\"link copy\" rel=\"nofollow noopener\">rod\u00f3 el a\u00f1o pasado<\/a> en distintas localizaciones de Pamplona y en Altsasu, <strong>se estrenar\u00e1 en salas el pr\u00f3ximo 12 de septiembre<\/strong>. Un d\u00eda antes, el jueves 11, se celebrar\u00e1 la <strong>premiere en Kin\u00e9polis (Madrid)<\/strong> con presencia de todo el equipo y del elenco, encabezado por la actriz espa\u00f1ola <strong>Berta Casta\u00f1\u00e9 <\/strong>y<strong> <\/strong>el actor surcoreano<strong> Yang Jae-woo.<\/strong>\n<\/p>\n<p class=\"article-body__text \">\n        Tambi\u00e9n acudir\u00e1n Claudia Traisac, Nuno Gallego, Fernando Guallar, Yasmina Drissi, Sof\u00eda De Izn\u00e1jar e I\u00f1aki Mur, as\u00ed como los <strong>directores <\/strong>del filme, <strong>In\u00e9s Pintor y Pablo Santidri\u00e1n.<\/strong>\n<\/p>\n<p class=\"article-body__text \">\n        En el apartado de invitadas\/os han <strong>confirmado su asistencia<\/strong> Nadia de Santiago, Ant\u00f3n Lofer, Ra\u00fal Massana, Mar\u00eda Verdoy, Marta L\u00f3pez \u00c1lamo, Lamine Thior, Elea Rochera, Diego Arjona, Ignacio de Borb\u00f3n, Coria Castillo, Carmen S\u00e1nchez, Carlota Boza, Diego Garisa, Javier Ruescas, Anastasia Russo, Teresa Mera, Ram\u00f3n Arang\u00fcena, Noelia Bonilla, Pascual Fern\u00e1ndez, Antonio Santana, V\u00edktor Beltr\u00e1n, Gorka Rodr\u00edguez, Jorge Gonz\u00e1lez, Jean Cruz, Rodrigo Panyagua, Carla Casta\u00f1\u00e9, Julia Mart\u00ednez, Rodrigo Gibaja, Josu Diamond y Conchi Espejo, entre otros.\n<\/p>\n<p>  Un romance al estilo K-Drama<\/p>\n<p class=\"article-body__text \">\n        <strong>Sigue mi voz <\/strong>es una <strong>adaptaci\u00f3n de la novela hom\u00f3nima de la escritora venezolana residente en EEUU Ariana Godoy<\/strong>, autora de t\u00edtulos como <strong>A trav\u00e9s de mi ventana<\/strong><strong>, <\/strong>tambi\u00e9n convertida en una pel\u00edcula protagonizada por la navarra <a href=\"https:\/\/www.noticiasdenavarra.com\/tags\/clara-galle\/\" title=\"Clara Galle.\" target=\"_blank\" class=\"link copy\" rel=\"nofollow noopener\">Clara Galle.<\/a>\u00a0\n<\/p>\n<p class=\"article-body__text \">\n        Godoy ha cautivado a <strong>millones de lectores en Wattpad<\/strong>, donde sus historias <strong>han acumulado m\u00e1s de novecientos millones de lecturas <\/strong>y una comunidad fiel de<strong> m\u00e1s de dos millones de seguidores<\/strong>. Se trata de\u00a0<strong>la historia m\u00e1s personal de la autora, y<\/strong> hasta la fecha y cuenta con <strong>m\u00e1s de 35 millones de lecturas en la plataforma<\/strong>. El libro, que ha sido editado por <strong>Penguin Random House,<\/strong> cuenta con <strong>m\u00e1s de 250 mil unidades vendidas <\/strong>(mayo 2024).\n<\/p>\n<p class=\"article-photo__footer\">\n            Cartel del filme.            Cedida        <\/p>\n<p class=\"article-body__text \">\n        Esta pel\u00edcula es una producci\u00f3n de\u00a0<strong>Zeta Cinema<\/strong>,\u00a0<strong>Beta Fiction Spain,\u00a0Wattpad WEBTOON Studios\u00a0y\u00a0Sigue y No Pares AIE,<\/strong>\u00a0con la participaci\u00f3n de\u00a0<strong>Prime Video<\/strong>\u00a0y la financiaci\u00f3n del\u00a0<strong>ICAA<\/strong>,  y se estrenar\u00e1 en cines de la mano de <strong>Beta Fiction Spain<\/strong>.\u00a0\n<\/p>\n<p class=\"article-body__text \">\n        Tras una <strong>crisis de salud que la mantiene en casa 76 d\u00edas seguidos<\/strong>, Klara no hace otra cosa que escuchar su <strong>programa de radio favorito<\/strong>, <strong>Sigue Mi Voz<\/strong>. Y un d\u00eda se pregunta si <strong>es posible enamorarse de alguien a quien ha o\u00eddo en la radio, pero nunca ha conocido<\/strong> \u00bfPuede realmente sentir algo por Kang, el presentador del programa de radio cuya voz s\u00f3lo ha o\u00eddo una vez, <strong>superar\u00e1 sus miedos y saldr\u00e1 de nuevo al mundo? <\/strong><\/p>\n","protected":false},"excerpt":{"rendered":"La pel\u00edcula Sigue mi voz, que se rod\u00f3 el a\u00f1o pasado en distintas localizaciones de Pamplona y en&hellip;\n","protected":false},"author":2,"featured_media":91411,"comment_status":"","ping_status":"","sticky":false,"template":"","format":"standard","meta":{"footnotes":""},"categories":[169],"tags":[177,146,147,25,24,176,175,708,1257,7417,1262,23,1447],"class_list":{"0":"post-91410","1":"post","2":"type-post","3":"status-publish","4":"format-standard","5":"has-post-thumbnail","7":"category-cine","8":"tag-cine","9":"tag-entertainment","10":"tag-entretenimiento","11":"tag-es","12":"tag-espana","13":"tag-film","14":"tag-movies","15":"tag-navarra","16":"tag-pelicula","17":"tag-rodada","18":"tag-sigue","19":"tag-spain","20":"tag-voz"},"share_on_mastodon":{"url":"","error":""},"_links":{"self":[{"href":"https:\/\/www.europesays.com\/es\/wp-json\/wp\/v2\/posts\/91410","targetHints":{"allow":["GET"]}}],"collection":[{"href":"https:\/\/www.europesays.com\/es\/wp-json\/wp\/v2\/posts"}],"about":[{"href":"https:\/\/www.europesays.com\/es\/wp-json\/wp\/v2\/types\/post"}],"author":[{"embeddable":true,"href":"https:\/\/www.europesays.com\/es\/wp-json\/wp\/v2\/users\/2"}],"replies":[{"embeddable":true,"href":"https:\/\/www.europesays.com\/es\/wp-json\/wp\/v2\/comments?post=91410"}],"version-history":[{"count":0,"href":"https:\/\/www.europesays.com\/es\/wp-json\/wp\/v2\/posts\/91410\/revisions"}],"wp:featuredmedia":[{"embeddable":true,"href":"https:\/\/www.europesays.com\/es\/wp-json\/wp\/v2\/media\/91411"}],"wp:attachment":[{"href":"https:\/\/www.europesays.com\/es\/wp-json\/wp\/v2\/media?parent=91410"}],"wp:term":[{"taxonomy":"category","embeddable":true,"href":"https:\/\/www.europesays.com\/es\/wp-json\/wp\/v2\/categories?post=91410"},{"taxonomy":"post_tag","embeddable":true,"href":"https:\/\/www.europesays.com\/es\/wp-json\/wp\/v2\/tags?post=91410"}],"curies":[{"name":"wp","href":"https:\/\/api.w.org\/{rel}","templated":true}]}}