{"id":91412,"date":"2025-09-03T20:44:11","date_gmt":"2025-09-03T20:44:11","guid":{"rendered":"https:\/\/www.europesays.com\/es\/91412\/"},"modified":"2025-09-03T20:44:11","modified_gmt":"2025-09-03T20:44:11","slug":"4-partidos-a-valverde-y-3-a-padilla","status":"publish","type":"post","link":"https:\/\/www.europesays.com\/es\/91412\/","title":{"rendered":"4 partidos a Valverde y 3 a Padilla"},"content":{"rendered":"<p>Dura sanci\u00f3n de los comit\u00e9s al entrenador del conjunto vasco y a su portero suplente<\/p>\n<p><img fetchpriority=\"high\" class=\"voc-img\" src=\"https:\/\/www.europesays.com\/es\/wp-content\/uploads\/2025\/09\/1500286086-RzB4euLnXeZKLz42nqK5EbJ-1200x840@diario_abc.jpg\" loading=\"eager\" decoding=\"async\" alt=\"Valverde se queja tras ser expulsado ante el Betis por D\u00edaz de Mera\" width=\"1200\" height=\"840\"\/><\/p>\n<p>Valverde se queja tras ser expulsado ante el Betis por D\u00edaz de Mera    AFP  <\/p>\n<p class=\"voc-p\" style=\"\">Los comit\u00e9s vienen &#8216;fuertes&#8217; esta temporada y no piensan andarse con chiquitas. El castigo impuesto al t\u00e9cnico del <strong>Athletic Club<\/strong> y a su portero suplente por las protestas realizadas en el tramo final del partido contra el <strong>Betis<\/strong> el pasado domingo son un buen ejemplo y un aviso a navegantes de cara al nuevo curso. En concreto, el <strong>Comit\u00e9 de Disciplina de la Real Federaci\u00f3n Espa\u00f1ola de F\u00fatbol (RFEF)<\/strong> ha sancionado este mi\u00e9rcoles con <strong>cuatro partido a Ernesto Valverde<\/strong> y con tres encuentros al guardameta rojiblanco \u00c1lex Padilla.<\/p>\n<p class=\"voc-p\" style=\"\">Ambos acabaron expulsados por roja directa en los \u00faltimos instantes del partido entre los vascos y el Real Betis en el estadio de <strong>La Cartuja<\/strong>. Ernesto Valverde tuvo que abandonar el banquillo tras protestar airadamente al \u00e1rbitro del encuentro, D\u00edaz de Mera Escuderos, despu\u00e9s de que este decidiera a\u00f1adir un minuto m\u00e1s al tiempo de descuento por reiteradas interrupciones en la prolongaci\u00f3n.<\/p>\n<p class=\"voc-p\" style=\"\">Adem\u00e1s, el &#8216;Txingurri&#8217; aplaudi\u00f3 al colegiado despu\u00e9s de ser expulsado. Por ello, Valverde no podr\u00e1 dirigir los pr\u00f3ximos cuatro partidos del Athletic Club en <strong>LaLiga<\/strong>, con una sanci\u00f3n que ha sorprendido por su contundencia desde los comit\u00e9s.<\/p>\n<p class=\"voc-p\" style=\"\">Por su parte, el guardameta suplente del equipo rojiblanco <strong>\u00c1lex Padilla<\/strong> tambi\u00e9n fue expulsado, en la acci\u00f3n que desencaden\u00f3 la protesta de Ernesto Valverde, <strong>por introducir un bal\u00f3n al terreno de juego<\/strong> para interrumpir el desarrollo del partido. As\u00ed, el mexicano no podr\u00e1 estar ante Alav\u00e9s, Valencia y Girona.<\/p>\n<p>Reportar un error<\/p>\n","protected":false},"excerpt":{"rendered":"Dura sanci\u00f3n de los comit\u00e9s al entrenador del conjunto vasco y a su portero suplente Valverde se queja&hellip;\n","protected":false},"author":2,"featured_media":91413,"comment_status":"","ping_status":"","sticky":false,"template":"","format":"standard","meta":{"footnotes":""},"categories":[93],"tags":[1575,2182,291,3160,5587,168,25,24,14744,6758,2315,19791,23,167,1933],"class_list":{"0":"post-91412","1":"post","2":"type-post","3":"status-publish","4":"format-standard","5":"has-post-thumbnail","7":"category-deportes","8":"tag-ante","9":"tag-athletic","10":"tag-betis","11":"tag-caras","12":"tag-cartuja","13":"tag-deportes","14":"tag-es","15":"tag-espana","16":"tag-padilla","17":"tag-partidos","18":"tag-protestas","19":"tag-salen","20":"tag-spain","21":"tag-sports","22":"tag-valverde"},"share_on_mastodon":{"url":"","error":""},"_links":{"self":[{"href":"https:\/\/www.europesays.com\/es\/wp-json\/wp\/v2\/posts\/91412","targetHints":{"allow":["GET"]}}],"collection":[{"href":"https:\/\/www.europesays.com\/es\/wp-json\/wp\/v2\/posts"}],"about":[{"href":"https:\/\/www.europesays.com\/es\/wp-json\/wp\/v2\/types\/post"}],"author":[{"embeddable":true,"href":"https:\/\/www.europesays.com\/es\/wp-json\/wp\/v2\/users\/2"}],"replies":[{"embeddable":true,"href":"https:\/\/www.europesays.com\/es\/wp-json\/wp\/v2\/comments?post=91412"}],"version-history":[{"count":0,"href":"https:\/\/www.europesays.com\/es\/wp-json\/wp\/v2\/posts\/91412\/revisions"}],"wp:featuredmedia":[{"embeddable":true,"href":"https:\/\/www.europesays.com\/es\/wp-json\/wp\/v2\/media\/91413"}],"wp:attachment":[{"href":"https:\/\/www.europesays.com\/es\/wp-json\/wp\/v2\/media?parent=91412"}],"wp:term":[{"taxonomy":"category","embeddable":true,"href":"https:\/\/www.europesays.com\/es\/wp-json\/wp\/v2\/categories?post=91412"},{"taxonomy":"post_tag","embeddable":true,"href":"https:\/\/www.europesays.com\/es\/wp-json\/wp\/v2\/tags?post=91412"}],"curies":[{"name":"wp","href":"https:\/\/api.w.org\/{rel}","templated":true}]}}