{"id":91443,"date":"2025-09-03T21:01:14","date_gmt":"2025-09-03T21:01:14","guid":{"rendered":"https:\/\/www.europesays.com\/es\/91443\/"},"modified":"2025-09-03T21:01:14","modified_gmt":"2025-09-03T21:01:14","slug":"miriam-de-ungria-celebracion-por-partida-doble-tercer-aniversario-de-casada-con-el-principe-ghazi-bin-muhammad-y-un-cumpleanos-tan-discreto-como-su-vida-en-la-corte-hachemita","status":"publish","type":"post","link":"https:\/\/www.europesays.com\/es\/91443\/","title":{"rendered":"Miriam de Ungr\u00eda, celebraci\u00f3n por partida doble: tercer aniversario de casada con el pr\u00edncipe Ghazi bin Muhammad y un cumplea\u00f1os tan discreto como su vida en la corte hachemita"},"content":{"rendered":"<p><strong><a href=\"https:\/\/www.revistavanityfair.es\/articulos\/vida-miriam-de-ungria-princesa-por-partida-doble-madre-del-heredero-de-la-casa-real-bulgara-y-discrecion-en-la-corte-hachemita\" rel=\"nofollow noopener\" target=\"_blank\">Miriam de Ungr\u00eda<\/a> ha celebrado su 62\u00ba cumplea\u00f1os<\/strong> en m\u00e1s absoluta intimidad. La \u00faltima vez que vimos a <a href=\"https:\/\/www.revistavanityfair.es\/realeza\/articulos\/miriam-de-ungria-yo-tenia-que-estar-bien-para-hacer-que-kardam-de-bulgaria-estuviese-lo-mejor-posible\/20639\" rel=\"nofollow noopener\" target=\"_blank\">la que fuera mujer de <strong>Kardam de Bulgaria<\/strong><\/a> fue a finales de octubre de 2023 con motivo de la celebraci\u00f3n en El Pardo del <a href=\"https:\/\/www.revistavanityfair.es\/articulos\/princesa-leonor-fiesta-cumpleanos-amigas-academia-militar-zaragoza-hamburgueseria\" rel=\"nofollow noopener\" target=\"_blank\">18\u00ba cumplea\u00f1os de la princesa Leonor.<\/a> Pocos meses antes, en marzo, <a href=\"https:\/\/www.revistavanityfair.es\/articulos\/miriam-de-ungria-marido-ghazi-bin-muhammad-corte-hachemita\" rel=\"nofollow noopener\" target=\"_blank\">Miriam de Ungr\u00eda<\/a> hab\u00eda asistido como invitada a <a href=\"https:\/\/www.revistavanityfair.es\/galerias\/el-album-de-fotos-de-la-boda-de-la-princesa-iman-de-jordania-del-abrazo-de-rania-al-intercambio-de-anillos\" rel=\"nofollow noopener\" target=\"_blank\">la boda de <strong>Im\u00e1n de Jordania<\/strong><\/a>, hija de los reyes <strong><a href=\"https:\/\/www.revistavanityfair.es\/articulos\/rania-de-jordania-una-mujer-con-palabra-mas-alla-de-su-imagen-cumple-55-anos\" rel=\"nofollow noopener\" target=\"_blank\">Abdal\u00e1 y Rania de Jordania<\/a>,<\/strong> con el financiero venezolano de origen griego <strong>Jameel Alexander Thermiotis.<\/strong><\/p>\n<p>Miriam de Ungr\u00eda visita Espa\u00f1a con frecuencia para pasar tiempo con sus hijos.<\/p>\n<p>Europa Press Entertainment\/Getty Images<\/p>\n<p>En mayo del mismo a\u00f1o estuvo tambi\u00e9n en el enlace <a href=\"https:\/\/www.revistavanityfair.es\/articulos\/rania-jordania-boda-hijo-mayor\" rel=\"nofollow noopener\" target=\"_blank\">de Hussein de Jordania<\/a> y <a href=\"https:\/\/www.revistavanityfair.es\/articulos\/rajwa-jordania-retratos-pendientes-rania\" rel=\"nofollow noopener\" target=\"_blank\">Rajwa Al Saif<\/a>, y en la preboda <a href=\"https:\/\/www.revistavanityfair.es\/articulos\/miriam-de-ungria-look-preboda-del-hijo-de-rania-de-jordania\" rel=\"nofollow noopener\" target=\"_blank\">la vimos sentada al lado de otras princesas jordanas<\/a>, como la princesa Fahdah Al Hashem, las princesas Aisha and Sara Bint Faisal, <strong>la princesa Alia Tabba y la princesa Wijdan Al Hashemi.<\/strong> La vida de <a href=\"https:\/\/www.revistavanityfair.es\/articulos\/miriam-de-ungria-graduacion-de-su-hijo-boris-vestido-zara\" rel=\"nofollow noopener\" target=\"_blank\">Miriam de Ungr\u00eda<\/a> dio un nuevo giro <a href=\"https:\/\/www.revistavanityfair.es\/articulos\/miriam-de-ungria-se-casa-principe-ghazi-bin-muhammad-primo-abadala-jordania\" rel=\"nofollow noopener\" target=\"_blank\">en el a\u00f1o 2022 cuando contrajo matrimonio con <strong>el pr\u00edncipe Ghazi bin Muhammad<\/strong><\/a>. Su boda se celebr\u00f3 el 3 de septiembre en la m\u00e1s estricta intimidad y tan solo con la compa\u00f1\u00eda de sus respectivos hijos. Fue una sorpresa para muchos, incluidos algunos amigos de la espa\u00f1ola, que no conoc\u00edan la relaci\u00f3n de la dise\u00f1adora de joyas con el pr\u00edncipe jordano, al que hab\u00eda conocido un tiempo antes en Londres, donde Miriam viv\u00eda desde 2019.<\/p>\n<p>Miriam de Ungr\u00eda y su marido en la boda del pr\u00edncipe Hussein de Jordania.<\/p>\n<p>Royal Hashemite Court RHC<\/p>\n<p>Actos ben\u00e9ficos y pocos eventos en Am\u00e1n<\/p>\n<p>Desde ese momento, la que fuera nuera de <a href=\"https:\/\/www.revistavanityfair.es\/articulos\/margarita-gomez-acebo-cejuela-historia-simeon-bulgaria-guerra-civil\" rel=\"nofollow noopener\" target=\"_blank\"><strong>Sime\u00f3n de Bulgaria<\/strong><\/a> se instal\u00f3 en Am\u00e1n, capital de Jordania y una ciudad que une modernidad y tradici\u00f3n. Am\u00e1n tiene m\u00e1s de cuatro millones de habitantes y destaca por estar ubicada en lo alto de la colina de <strong>Jabal al-Qal&#8217;a<\/strong>. Su ciudadela hist\u00f3rica incluye las columnas del templo romano de H\u00e9rcules y el complejo palaciego Umayyad, que data del siglo\u00a0VIII y es conocido por su grandiosa c\u00fapula. Adem\u00e1s cuenta con una gran vida comercial, social y cultural. All\u00ed <a href=\"https:\/\/www.revistavanityfair.es\/articulos\/miriam-de-ungria-muere-padre-bernardo\" rel=\"nofollow noopener\" target=\"_blank\">Miriam de Ungr\u00eda<\/a> disfruta de la tranquilidad y est\u00e1 inmersa en varias causas sociales a trav\u00e9s de organizaciones ben\u00e9ficas y acompa\u00f1a a su marido en actos oficiales, como cuando <a href=\"https:\/\/www.revistavanityfair.es\/articulos\/miriam-ungria-visita-rey-felipe-jordania\" rel=\"nofollow noopener\" target=\"_blank\">en octubre de 2024 dio la bienvenida al rey Felipe VI en su visita a Jordania<\/a>.<\/p>\n<p>Su marido es primo del rey de Jordania y desempe\u00f1a labores dentro de la casa real jordana siendo asesor del rey para asuntos religiosos y culturales e incluso act\u00faa como regente cuando Abdal\u00e1 II no est\u00e1 en el pa\u00eds. Ghazi bin Muhammad <strong>se gradu\u00f3 con Honors en Literatura en la Universidad de Princeton<\/strong> y se form\u00f3 tambi\u00e9n en Cambridge e hizo un postgrado en la Universidad de El Cairo.<\/p>\n<p>Tanto Miriam como su segundo marido han estado casados dos veces. Ella es viuda de Kardam de Bulgaria, fallecido en 2015, con el que <a href=\"https:\/\/www.revistavanityfair.es\/articulos\/boda-de-miriam-de-ungria-y-kardam-de-bulgaria-vestido-tiara\" rel=\"nofollow noopener\" target=\"_blank\">contrajo matrimonio el 11 de julio de 1996 en la iglesia ortodoxa de los santos Andr\u00e9s y Demetrio de Madrid<\/a>. Fue la primera boda de uno de los hijos del rey Sime\u00f3n. Por su parte, el pr\u00edncipe jordano se cas\u00f3 en 1997 con <strong>Areej Zawawi<\/strong> y con ella tiene cuatro hijos: el <strong>pr\u00edncipe Abdal\u00e1<\/strong> y las <strong>princesas Tasneem<\/strong>, <strong>Jennah<\/strong> y <strong>Salsabeel<\/strong>. Tras su boda, la espa\u00f1ola pas\u00f3 a ser la princesa Miriam Al Ghazi, aunque sigue llevando el t\u00edtulo de princesa de Tirnovo y de Bulgaria.<\/p>\n","protected":false},"excerpt":{"rendered":"Miriam de Ungr\u00eda ha celebrado su 62\u00ba cumplea\u00f1os en m\u00e1s absoluta intimidad. La \u00faltima vez que vimos a&hellip;\n","protected":false},"author":2,"featured_media":91444,"comment_status":"","ping_status":"","sticky":false,"template":"","format":"standard","meta":{"footnotes":""},"categories":[174],"tags":[255,146,147,25,24,33353,256,33351,33352,23],"class_list":{"0":"post-91443","1":"post","2":"type-post","3":"status-publish","4":"format-standard","5":"has-post-thumbnail","7":"category-famosos","8":"tag-celebrities","9":"tag-entertainment","10":"tag-entretenimiento","11":"tag-es","12":"tag-espana","13":"tag-familia-real-de-jordania","14":"tag-famosos","15":"tag-miriam-de-ungria","16":"tag-simeon-de-bulgaria","17":"tag-spain"},"share_on_mastodon":{"url":"","error":""},"_links":{"self":[{"href":"https:\/\/www.europesays.com\/es\/wp-json\/wp\/v2\/posts\/91443","targetHints":{"allow":["GET"]}}],"collection":[{"href":"https:\/\/www.europesays.com\/es\/wp-json\/wp\/v2\/posts"}],"about":[{"href":"https:\/\/www.europesays.com\/es\/wp-json\/wp\/v2\/types\/post"}],"author":[{"embeddable":true,"href":"https:\/\/www.europesays.com\/es\/wp-json\/wp\/v2\/users\/2"}],"replies":[{"embeddable":true,"href":"https:\/\/www.europesays.com\/es\/wp-json\/wp\/v2\/comments?post=91443"}],"version-history":[{"count":0,"href":"https:\/\/www.europesays.com\/es\/wp-json\/wp\/v2\/posts\/91443\/revisions"}],"wp:featuredmedia":[{"embeddable":true,"href":"https:\/\/www.europesays.com\/es\/wp-json\/wp\/v2\/media\/91444"}],"wp:attachment":[{"href":"https:\/\/www.europesays.com\/es\/wp-json\/wp\/v2\/media?parent=91443"}],"wp:term":[{"taxonomy":"category","embeddable":true,"href":"https:\/\/www.europesays.com\/es\/wp-json\/wp\/v2\/categories?post=91443"},{"taxonomy":"post_tag","embeddable":true,"href":"https:\/\/www.europesays.com\/es\/wp-json\/wp\/v2\/tags?post=91443"}],"curies":[{"name":"wp","href":"https:\/\/api.w.org\/{rel}","templated":true}]}}