{"id":91457,"date":"2025-09-03T21:08:12","date_gmt":"2025-09-03T21:08:12","guid":{"rendered":"https:\/\/www.europesays.com\/es\/91457\/"},"modified":"2025-09-03T21:08:12","modified_gmt":"2025-09-03T21:08:12","slug":"la-terapia-con-icotinib-ofrece-beneficio-en-el-cancer-de-pulmon-con-mutaciones-en-el-egfr","status":"publish","type":"post","link":"https:\/\/www.europesays.com\/es\/91457\/","title":{"rendered":"La terapia con icotinib ofrece beneficio en el c\u00e1ncer de pulm\u00f3n con mutaciones en el EGFR"},"content":{"rendered":"<p class=\"mostrar-fragmento\">Cient\u00edficos de diversos centros chinos han llevado a cabo un ensayo de fase III en el que demuestran la efiacis y seguridad de icotinib, en pacientes con c\u00e1ncer de pulm\u00f3n no microc\u00edtico en estadios II-IIIA y mutaciones en el EGFR, ya sometidos a cirug\u00eda de resecci\u00f3n completa.\u00a0 En comparaci\u00f3n con el &#8230;            &#13;\n        <\/p>\n<p> &#13;<br \/>\n&#13;<\/p>\n<p>Cient\u00edficos de diversos centros chinos<strong> han llevado a cabo un ensayo de fase III en el que demuestran la efiacis y seguridad de icotinib, en pacientes con c\u00e1ncer de pulm\u00f3n no microc\u00edtico en estadios II-IIIA y mutaciones en el EGFR, ya sometidos a cirug\u00eda de resecci\u00f3n complet<\/strong>a.\u00a0<\/p>\n<p>En comparaci\u00f3n con el grupo control, la dosificaci\u00f3n tres veces al d\u00eda durante 12 meses prolong\u00f3 significativamente la supervivencia global y la libre de enfermedad (SLE), con reducciones de riesgo del 45 y del 60%, respectivamente. El beneficio sobre la SLE se mantuvo consistente a trav\u00e9s de los distintos subgrupos, independientemente del estadio de la enfermedad, la presencia de la mutaci\u00f3n L858R o de deleciones en el ex\u00f3n 19 del EGFR, seg\u00fan afirma <strong>Si-Yu Wang<\/strong>, investigador de la Universidad Sun Yat-sen y codirector del <a href=\"https:\/\/pubmed.ncbi.nlm.nih.gov\/40866342\/\" style=\"text-decoration:none\" rel=\"nofollow noopener\" target=\"_blank\">estudio<\/a>.\u00a0<\/p>\n<p>El cient\u00edfico prosigue indicando que la terapia de 12 meses tuvo un impacto similar a la de 6 meses, con tasas de SLE comparables a los 5 a\u00f1os. Notablemente, el tratamiento de cualquier duraci\u00f3n tambi\u00e9n mejor\u00f3 la supervivencia libre de met\u00e1stasis cerebrales, asegura Wang. <strong>Icotinib fue bien tolerado, ya que menos del 10% de los pacientes experiment\u00f3 efectos adversos de grado 3 o superior, que consistieron en diarrea, elevaci\u00f3n de las aminotransferasas, leucopenia e insomnio, en el grupo de 12 meses. <\/strong>Adicionalmente, no se registraron fatalidades ni reducciones de dosis por cuestiones de toxicidad. Los resultados apoyan el uso de icotinib despu\u00e9s de la quimioterapia adyuvante en este grupo de pacientes, concluye el investigador.<\/p>\n<p> &#13;<\/p>\n<p>&#13;<br \/>\n            SEGUIR LEYENDO&#13;\n        <\/p>\n","protected":false},"excerpt":{"rendered":"Cient\u00edficos de diversos centros chinos han llevado a cabo un ensayo de fase III en el que demuestran&hellip;\n","protected":false},"author":2,"featured_media":91458,"comment_status":"","ping_status":"","sticky":false,"template":"","format":"standard","meta":{"footnotes":""},"categories":[92],"tags":[33361,8299,1066,10885,987,29732,33360,25,24,165,33359,9785,4650,8400,3256,4298,4946,33362,1288,166,23,3362,1064,1885],"class_list":{"0":"post-91457","1":"post","2":"type-post","3":"status-publish","4":"format-standard","5":"has-post-thumbnail","7":"category-salud","8":"tag-adyuvante","9":"tag-beneficio","10":"tag-cancer","11":"tag-cerebrales","12":"tag-despues","13":"tag-eficaz","14":"tag-egfr","15":"tag-es","16":"tag-espana","17":"tag-health","18":"tag-icotinib","19":"tag-metastasis","20":"tag-mutaciones","21":"tag-ofrece","22":"tag-pulmon","23":"tag-quimioterapia","24":"tag-recurrencia","25":"tag-reduccion","26":"tag-riesgo","27":"tag-salud","28":"tag-spain","29":"tag-terapia","30":"tag-tratamiento","31":"tag-ultima"},"share_on_mastodon":{"url":"","error":""},"_links":{"self":[{"href":"https:\/\/www.europesays.com\/es\/wp-json\/wp\/v2\/posts\/91457","targetHints":{"allow":["GET"]}}],"collection":[{"href":"https:\/\/www.europesays.com\/es\/wp-json\/wp\/v2\/posts"}],"about":[{"href":"https:\/\/www.europesays.com\/es\/wp-json\/wp\/v2\/types\/post"}],"author":[{"embeddable":true,"href":"https:\/\/www.europesays.com\/es\/wp-json\/wp\/v2\/users\/2"}],"replies":[{"embeddable":true,"href":"https:\/\/www.europesays.com\/es\/wp-json\/wp\/v2\/comments?post=91457"}],"version-history":[{"count":0,"href":"https:\/\/www.europesays.com\/es\/wp-json\/wp\/v2\/posts\/91457\/revisions"}],"wp:featuredmedia":[{"embeddable":true,"href":"https:\/\/www.europesays.com\/es\/wp-json\/wp\/v2\/media\/91458"}],"wp:attachment":[{"href":"https:\/\/www.europesays.com\/es\/wp-json\/wp\/v2\/media?parent=91457"}],"wp:term":[{"taxonomy":"category","embeddable":true,"href":"https:\/\/www.europesays.com\/es\/wp-json\/wp\/v2\/categories?post=91457"},{"taxonomy":"post_tag","embeddable":true,"href":"https:\/\/www.europesays.com\/es\/wp-json\/wp\/v2\/tags?post=91457"}],"curies":[{"name":"wp","href":"https:\/\/api.w.org\/{rel}","templated":true}]}}