{"id":91459,"date":"2025-09-03T21:09:08","date_gmt":"2025-09-03T21:09:08","guid":{"rendered":"https:\/\/www.europesays.com\/es\/91459\/"},"modified":"2025-09-03T21:09:08","modified_gmt":"2025-09-03T21:09:08","slug":"estas-son-las-propuestas-de-torrejon-de-ardoz-para-celebrar-los-15-anos-del-parque-europa","status":"publish","type":"post","link":"https:\/\/www.europesays.com\/es\/91459\/","title":{"rendered":"Estas son las propuestas de Torrej\u00f3n de Ardoz para celebrar los 15 a\u00f1os del Parque Europa"},"content":{"rendered":"<p class=\"mce\">El <strong class=\"mce\">Parque Europa de Torrej\u00f3n de Ardoz<\/strong> celebra este fin de semana su 15\u00ba aniversario con el <strong class=\"mce\">Espect\u00e1culo Fuente<\/strong> con final pirot\u00e9cnico, Gran Espect\u00e1culo A\u00e9reo, reparto gratuito de tarta, Desfile y show musical de los Guachis, Fauna Aventura, el grupo ochentero Letra Peque\u00f1a y la exposici\u00f3n &#8216;Torrej\u00f3n regresa al futuro&#8217;.<\/p>\n<p class=\"mce\">El alcalde, <strong class=\"mce\">Alejandro Navarro Prieto<\/strong>, acompa\u00f1ado por el primer teniente alcalde, <strong class=\"mce\">Valeriano D\u00edaz,<\/strong> y la edil de<strong class=\"mce\"> Igualdad y Festejos, Mar\u00eda Eugenia Gil,<\/strong> han presentado en el <strong class=\"mce\">Teatro Griego<\/strong> de este parque la programaci\u00f3n que se llevar\u00e1 a cabo durante el viernes, s\u00e1bado y domingo para conmemorar este aniversario.<\/p>\n<p>                <a href=\"https:\/\/www.telemadrid.es\/noticias\/madrid\/Abierto-el-plazo-para-participar-en-el-Certamen-de-Cortometrajes-de-Torrejon-de-Ardoz-0-2812218774--20250901044336.html\" class=\"lnk\" target=\"_blank\" rel=\"nofollow noopener\">Abierto el plazo para participar en el Certamen de Cortometrajes de Torrej\u00f3n de Ardoz<\/a><\/p>\n<p class=\"mce\">La novedad m\u00e1s destacada de la programaci\u00f3n del XV aniversario del <strong class=\"mce\">Parque Europa ser\u00e1 el Gran Espect\u00e1culo A\u00e9reo \u00abAsteroide B612<\/strong>\u00bb a cargo del prestigioso grupo La PUJA!, basado en el libro El Principito. Ser\u00e1 el s\u00e1bado a las 21.20 horas El Espect\u00e1culo Fuente, que el viernes llega con el show Locos por los 80, el s\u00e1bado con Energy con final pirot\u00e9cnico y el domingo con <strong class=\"mce\">Hapiness<\/strong>, comenzar\u00e1 a las 21.30 horas, a diferencia del resto de fines de semana.<\/p>\n<p class=\"mce\">Otra de las novedades ser\u00e1 la exposici\u00f3n<strong class=\"mce\"> &#8216;Torrej\u00f3n regresa al Futuro&#8217;,<\/strong> que muestra a escala 1:1 figuras y veh\u00edculos de las pel\u00edculas m\u00e1s m\u00edticas de las d\u00e9cadas de los 80 y 90 y que se usaban para p<a data-content-id=\"\" href=\"https:\/\/www.telemadrid.es\/noticias\/madrid\/El-Parque-Europa-de-Torrejon-celebra-su-14-aniversario-con-la-exposicion-Tutankamon-la-Magia-del-Faraon-0-2706329347--20240913090337.html\" text=\"romocionar estas producciones cinematogr\u00e1ficas\" title=\"\" target=\"_blank\" rel=\"noopener nofollow\" class=\"mceNonEditable mce\">romocionar estas producciones cinematogr\u00e1ficas<\/a> en los videoclubs y cines de la \u00e9poca.<\/p>\n<p>                <a href=\"https:\/\/www.telemadrid.es\/noticias\/madrid\/Aquaman-y-el-reino-perdido-y-Buffalo-Kids-dos-opciones-de-cine-de-verano-este-fin-de-semana-en-Torrejon-de-Ardoz-0-2808919107--20250821054641.html\" class=\"lnk\" target=\"_blank\" rel=\"nofollow noopener\">&#8216;Aquaman y el reino perdido&#8217; y &#8216;Buffalo Kids&#8217;:  dos opciones de cine de verano este fin de semana en Torrej\u00f3n de Ardoz<\/a><\/p>\n<p class=\"mce\">As\u00ed, habr\u00e1 desde personajes de<strong class=\"mce\"> Star Wars,<\/strong> como C-3PO, R2-D2 o el impresionante <strong class=\"mce\">Jabba el Hutt<\/strong>, hasta el jeep de Jurassic Park, el coche de los<strong class=\"mce\"> Cazafantasmas, el Delorean de Regreso al Futuro o el veh\u00edculo de Mario Bros<\/strong>, adem\u00e1s de figuras de un <strong class=\"mce\">Gremlin o Chuky.<\/strong><\/p>\n<p class=\"mce\">El s\u00e1bado, a las 19.30 horas, tambi\u00e9n tendr\u00e1 lugar en la <strong class=\"mce\">Plaza de Espa\u00f1a<\/strong> tendr\u00e1 lugar el reparto gratuito de tarta para menores de 14 a\u00f1os, mientras que antes ser\u00e1 el turno de Animales de Fauna Aventura, en el <strong class=\"mce\">Teatro Griego.<\/strong><\/p>\n<p>                <a href=\"https:\/\/www.telemadrid.es\/programas\/telenoticias-1\/El-estilo-Art-Deco-revoluciona-Conde-Duque-con-una-exposicion-gratuita-2-2812838718--20250903042640.html\" class=\"lnk\" target=\"_blank\" rel=\"nofollow noopener\">El estilo Art Dec\u00f3 revoluciona Conde Duque con una exposici\u00f3n gratuita<\/a><\/p>\n<p class=\"mce\">A las 20.15 horas se celebrar\u00e1 el <strong class=\"mce\">Desfile Guachi,<\/strong> en el que los <strong class=\"mce\">Guachis<\/strong> recorrer\u00e1n el <strong class=\"mce\">Parque Europa<\/strong>, partiendo de la <strong class=\"mce\">Puerta de Alcal\u00e1 hasta Puerta de Brandemburgo<\/strong>, donde habr\u00e1 un photocall. A las 21.00 horas, adem\u00e1s, el show musical de<strong class=\"mce\"> Los Guachis<\/strong> en el <strong class=\"mce\">Teatro Griego<\/strong> y, para acabar la jornada, el mencionado<strong class=\"mce\"> Espect\u00e1culo Fuente \u00abEnergy\u00bb<\/strong> con final Pirot\u00e9cnico.<\/p>\n<p class=\"mce\">Completan el programa la actuaci\u00f3n del grupo ochentero Letra Peque\u00f1a en el <strong class=\"mce\">Teatro Griego<\/strong> y el III <strong class=\"mce\">Marat\u00f3n Fotogr\u00e1fico Nocturno Parque Europa<\/strong>, el viernes; las partidas simult\u00e1neas de ajedrez en la arboleda junto a la <strong class=\"mce\">Torre de Belem<\/strong>, el s\u00e1bado; o el <strong class=\"mce\">Recital l\u00edrico Aniversario Parque Europa<\/strong> con la <strong class=\"mce\">Agrupaci\u00f3n L\u00edrica de Torrej\u00f3n de Ardoz<\/strong> y espect\u00e1culo de Circo Tot B\u00e9, el domingo.<\/p>\n","protected":false},"excerpt":{"rendered":"El Parque Europa de Torrej\u00f3n de Ardoz celebra este fin de semana su 15\u00ba aniversario con el Espect\u00e1culo&hellip;\n","protected":false},"author":2,"featured_media":91460,"comment_status":"","ping_status":"","sticky":false,"template":"","format":"standard","meta":{"footnotes":""},"categories":[91],"tags":[517,209,168,95,2666,146,147,25,24,61,813,4687,12244,2667,2663,2662,2664,492,23,12245,21],"class_list":{"0":"post-91459","1":"post","2":"type-post","3":"status-publish","4":"format-standard","5":"has-post-thumbnail","7":"category-entretenimiento","8":"tag-actualidad","9":"tag-cultura","10":"tag-deportes","11":"tag-economia","12":"tag-emision-en-directo","13":"tag-entertainment","14":"tag-entretenimiento","15":"tag-es","16":"tag-espana","17":"tag-internacional","18":"tag-nacional","19":"tag-noticias-hoy","20":"tag-noticias-madrid","21":"tag-podcast","22":"tag-programas-de-telemadrid","23":"tag-programas-de-television","24":"tag-programas-onda-madrid","25":"tag-sociedad","26":"tag-spain","27":"tag-ultima-hora-madrid","28":"tag-ultimas-noticias"},"share_on_mastodon":{"url":"","error":""},"_links":{"self":[{"href":"https:\/\/www.europesays.com\/es\/wp-json\/wp\/v2\/posts\/91459","targetHints":{"allow":["GET"]}}],"collection":[{"href":"https:\/\/www.europesays.com\/es\/wp-json\/wp\/v2\/posts"}],"about":[{"href":"https:\/\/www.europesays.com\/es\/wp-json\/wp\/v2\/types\/post"}],"author":[{"embeddable":true,"href":"https:\/\/www.europesays.com\/es\/wp-json\/wp\/v2\/users\/2"}],"replies":[{"embeddable":true,"href":"https:\/\/www.europesays.com\/es\/wp-json\/wp\/v2\/comments?post=91459"}],"version-history":[{"count":0,"href":"https:\/\/www.europesays.com\/es\/wp-json\/wp\/v2\/posts\/91459\/revisions"}],"wp:featuredmedia":[{"embeddable":true,"href":"https:\/\/www.europesays.com\/es\/wp-json\/wp\/v2\/media\/91460"}],"wp:attachment":[{"href":"https:\/\/www.europesays.com\/es\/wp-json\/wp\/v2\/media?parent=91459"}],"wp:term":[{"taxonomy":"category","embeddable":true,"href":"https:\/\/www.europesays.com\/es\/wp-json\/wp\/v2\/categories?post=91459"},{"taxonomy":"post_tag","embeddable":true,"href":"https:\/\/www.europesays.com\/es\/wp-json\/wp\/v2\/tags?post=91459"}],"curies":[{"name":"wp","href":"https:\/\/api.w.org\/{rel}","templated":true}]}}