{"id":91489,"date":"2025-09-03T21:25:14","date_gmt":"2025-09-03T21:25:14","guid":{"rendered":"https:\/\/www.europesays.com\/es\/91489\/"},"modified":"2025-09-03T21:25:14","modified_gmt":"2025-09-03T21:25:14","slug":"nueva-sala-muba-america-badajoz","status":"publish","type":"post","link":"https:\/\/www.europesays.com\/es\/91489\/","title":{"rendered":"NUEVA SALA MUBA AM\u00c9RICA BADAJOZ"},"content":{"rendered":"<p class=\"ft-text\"><strong>El Museo de Bellas Artes (Muba) de <\/strong><a class=\"ft-link ft-link--decoration\" href=\"https:\/\/www.lacronicabadajoz.com\/badajoz\/\" target=\"_blank\" rel=\"nofollow noopener\"><strong>Badajoz <\/strong><\/a><strong>inaugura este s\u00e1bado una sala dedicada a Am\u00e9rica<\/strong>. El espacio que se ha destinado est\u00e1 ubicado en el edificio C, la sala que hasta ahora se dedicaba a las exposiciones temporales, en la calle Francisco Pizarro.<\/p>\n<p class=\"ft-text\">As\u00ed lo ha comunicado Mar\u00eda Teresa Rodr\u00edguez, directora de la instituci\u00f3n, durante una rueda de prensa en la Diputaci\u00f3n de Badajoz en la que se han presentado todos las actividades que se programan para la celebraci\u00f3n de la Noche en Blanco de Badajoz.<\/p>\n<p>Trabajo durante meses<\/p>\n<p class=\"ft-text\">Precisamente,<strong> se ha escogido esta fecha se\u00f1alada para la cultura pacense como punto de inicio para esta nueva propuesta art\u00edstica que ofrece el Muba porque es uno de los momentos en que m\u00e1s visitantes se reciben: <\/strong>\u00abM\u00e1s de 2.500 personas, por lo tanto, es una noche central para los pacenses y visitantes\u00bb, ha afirmado Mar\u00eda Teresa Rodr\u00edguez.<\/p>\n<p class=\"ft-text\"><strong>El trabajo para convertir este edificio en esta nueva exposici\u00f3n permanente se ha desarrollado en los pasados meses<\/strong>: \u00abLlevamos todo el verano trabajando porque la pr\u00f3xima obra de remodelaci\u00f3n del edificio m\u00e1s antiguo del museo, que se sit\u00faa en la calle Mel\u00e9ndez Vald\u00e9s, nos obliga a hacer una reestructuraci\u00f3n de las colecciones\u00bb, ha explicado su directora. De este modo, se\u00f1ala que \u00abdurante el verano se han sacado todos los bienes que se encontraban en el edificio antiguo. En estos momentos est\u00e1 casi vac\u00edo ya\u00bb.<\/p>\n<p class=\"ft-text\">En este tiempo, <strong>los trabajadores del Muba han organizado las colecciones y han dise\u00f1ado el nuevo espacio de exposici\u00f3n permanente en el edificio con acceso a la calle Francisco Pizarro<\/strong>. Esta estar\u00e1 <strong>dedicada a la colecci\u00f3n que se engloba en los siglos XVI, XVII y XVIII y \u00abadem\u00e1s la nueva secci\u00f3n dedicada a Am\u00e9rica\u00bb<\/strong>.<\/p>\n<p><img decoding=\"async\" src=\"https:\/\/www.europesays.com\/es\/wp-content\/uploads\/2025\/09\/ea895e52-2730-4664-a2e0-0babd4e44a59_alta-libre-aspect-ratio_default_0.jpg\" width=\"1200\" height=\"800\" alt=\"Un trabajador del Museo de Bellas Artes de Badajoz coloca uno de los cuadros de la nueva sala dedicada a Am\u00e9rica.\" class=\"ft-helper-img-rd\" loading=\"lazy\" hasdataaida=\"true\"\/><\/p>\n<p class=\"ft-helper-fontColor-quaternary ft-helper-fontSize-body-S ft-helper-spacer-t-xxs\">Un trabajador del Museo de Bellas Artes de Badajoz coloca uno de los cuadros de la nueva sala dedicada a Am\u00e9rica.  \/ Santi Garc\u00eda<\/p>\n<p class=\"ft-text\">Esta nueva secci\u00f3n se lleva gestando desde hace tiempo, seg\u00fan ha detallado la directora del museo, y acoger\u00e1 <strong>obras \u00abrealizadas en Am\u00e9rica, tanto en M\u00e9xico como en Per\u00fa\u00bb<\/strong>. Pero tambi\u00e9n contendr\u00e1 <strong>piezas del siglo XIX que \u00abreflejan hechos y personajes americanos\u00bb.<\/strong><\/p>\n<p>Una tem\u00e1tica \u00abobligada\u00bb<\/p>\n<p class=\"ft-text\">La tem\u00e1tica americana <strong>es novedosa en las salas muse\u00edsticas extreme\u00f1as<\/strong>. Como especifica Mar\u00eda Teresa Rodr\u00edguez, trabajan para crear esta exposici\u00f3n desde hace a\u00f1os: <strong>\u00abCreemos que un museo de bellas artes como es el de Badajoz era casi obligado que tuvi\u00e9ramos una secci\u00f3n americana dentro del arte m\u00e1s antiguo\u00bb<\/strong>.<\/p>\n<p class=\"ft-text\">De esta forma, entre las piezas que se expondr\u00e1n desde el pr\u00f3ximo s\u00e1bado, \u00abhabr\u00e1 obras que ya son conocidas por el visitante, pero tambi\u00e9n habr\u00e1 otras que son \u00faltimas adquisiciones\u00bb.<\/p>\n<p class=\"ft-text\">Una de ellas es del artista peruano Basilio Santa Cruz. <strong>\u00abEs una Santa Catalina cuya adquisici\u00f3n est\u00e1 justificada porque sigue los par\u00e1metros y formas de la representaci\u00f3n de las santas y v\u00edrgenes de Zurbar\u00e1n\u00bb<\/strong>, se\u00f1ala la directora. El pintor extreme\u00f1o, Francisco de Zurbar\u00e1n, tuvo una gran actividad comercial con el Virreinato de Per\u00fa y tuvo un gran n\u00famero de disc\u00edpulos en el mencionado pa\u00eds. La direcci\u00f3n del museo tiene la intenci\u00f3n de restaurar este cuadro de dimensiones considerables, 205 x 120 cm, pr\u00f3ximamente.<\/p>\n<p class=\"ft-text\">Hasta el momento, esta <strong>nueva exposici\u00f3n permanente en el edificio C cuenta con 41 obras expuestas en estos momentos, pero aseguran que este n\u00famero aumentar\u00e1<\/strong>: \u00abLa colecci\u00f3n seguir\u00e1 creciendo y seguir\u00e1n cambiando las piezas a medida que esta colecci\u00f3n vaya creciendo\u00bb.<\/p>\n<p class=\"ft-text\"><strong>El acto inaugural se producir\u00e1 con el comienzo de la Noche en Blanco de Badajoz 2025<\/strong> y desde ese momento se podr\u00e1 visitar de manera permanente como un espacio m\u00e1s del museo. Por su parte, el edificio de la calle Mel\u00e9ndez Vald\u00e9s, permanecer\u00e1 cerrado a espera de que comiencen las obras de mejora del inmueble.<\/p>\n<p><img decoding=\"async\" src=\"https:\/\/www.europesays.com\/es\/wp-content\/uploads\/2025\/09\/416a06af-3a5a-4a3e-9c24-012d1ed11a51_source-aspect-ratio_default_0.webp.webp\" width=\"111\" height=\"159\" alt=\"\" class=\"ft-helper-img-rd\" loading=\"lazy\"\/>M\u00e1s actividades de Diputaci\u00f3n de Badajoz para la Noche en Blanco<\/p>\n<p class=\"ft-text\">La <strong>Diputaci\u00f3n de Badajoz programa muchas m\u00e1s actividades para la Noche en Blanco 2025<\/strong>. Varios edificios de la instituci\u00f3n provincial abrir\u00e1n sus puertas en horario nocturno para sumarse a la oferta cultural de esa jornada y <strong>\u00abofrecer lo mejor que tiene en el \u00e1mbito de la cultura\u00bb<\/strong>, ha se\u00f1alado Ricardo Cabezas, diputado de Cultura, durante la rueda de prensa de presentaci\u00f3n.<\/p>\n<p class=\"ft-text\">El palacio provincial, sede de la instituci\u00f3n, abrir\u00e1 sus puertas para poder visitar el sal\u00f3n noble, el patio de columnas o la sala de exposiciones Vaquero Poblador. <strong>Esta sala acoge la muestra &#8216;Besti\u00e1rio&#8217; de Maria Leal da Costa<\/strong> en el palacio provincial, mientras que en su otra sede, en el Hospital Centro Vivo, ofrecer\u00e1 la exposici\u00f3n <strong>&#8216;La metamorfosis del movimiento&#8217; de Ricardo Gigante y un espect\u00e1culo de circo.<\/strong><\/p>\n<p class=\"ft-text\">Los dos conservatorios provinciales tambi\u00e9n abrir\u00e1n sus dependencias para dejar que la m\u00fasica inunde las calles pacenses. De esta forma, se ofrecer\u00e1 \u00abuna programaci\u00f3n variada\u00bb, seg\u00fan ha destacado Jes\u00fas David Valero, el director del Conservatorio Superior de M\u00fasica \u2018Bonifacio Gil\u2019. Adem\u00e1s de los conciertos en los patios y auditorios de los centros, tambi\u00e9n se estrenar\u00e1 un cortometraje elaborado en el taller de m\u00fasica y cine. Los j\u00f3venes int\u00e9rpretes y sus profesores tomar\u00e1n el protagonismo de esta noche especial con un objetivo:<strong> \u00abQueremos que la gente de Badajoz conozca d\u00f3nde se vive la m\u00fasica, que la ciudadan\u00eda disfrute, se emocione y se acerque a la m\u00fasica\u00bb, afirma Valero<\/strong>.<\/p>\n","protected":false},"excerpt":{"rendered":"El Museo de Bellas Artes (Muba) de Badajoz inaugura este s\u00e1bado una sala dedicada a Am\u00e9rica. El espacio&hellip;\n","protected":false},"author":2,"featured_media":91490,"comment_status":"","ping_status":"","sticky":false,"template":"","format":"standard","meta":{"footnotes":""},"categories":[173],"tags":[889,229,233,231,230,7235,209,232,234,146,147,25,10558,24,2003,4520,33366,185,474,3397,3932,23],"class_list":{"0":"post-91489","1":"post","2":"type-post","3":"status-publish","4":"format-standard","5":"has-post-thumbnail","7":"category-arte-y-diseno","8":"tag-america","9":"tag-arte","10":"tag-arte-y-diseno","11":"tag-arts","12":"tag-arts-and-design","13":"tag-badajoz","14":"tag-cultura","15":"tag-design","16":"tag-diseno","17":"tag-entertainment","18":"tag-entretenimiento","19":"tag-es","20":"tag-espacio","21":"tag-espana","22":"tag-exposicion","23":"tag-inaugura","24":"tag-muba","25":"tag-musica","26":"tag-obras","27":"tag-sabado","28":"tag-sala","29":"tag-spain"},"share_on_mastodon":{"url":"","error":""},"_links":{"self":[{"href":"https:\/\/www.europesays.com\/es\/wp-json\/wp\/v2\/posts\/91489","targetHints":{"allow":["GET"]}}],"collection":[{"href":"https:\/\/www.europesays.com\/es\/wp-json\/wp\/v2\/posts"}],"about":[{"href":"https:\/\/www.europesays.com\/es\/wp-json\/wp\/v2\/types\/post"}],"author":[{"embeddable":true,"href":"https:\/\/www.europesays.com\/es\/wp-json\/wp\/v2\/users\/2"}],"replies":[{"embeddable":true,"href":"https:\/\/www.europesays.com\/es\/wp-json\/wp\/v2\/comments?post=91489"}],"version-history":[{"count":0,"href":"https:\/\/www.europesays.com\/es\/wp-json\/wp\/v2\/posts\/91489\/revisions"}],"wp:featuredmedia":[{"embeddable":true,"href":"https:\/\/www.europesays.com\/es\/wp-json\/wp\/v2\/media\/91490"}],"wp:attachment":[{"href":"https:\/\/www.europesays.com\/es\/wp-json\/wp\/v2\/media?parent=91489"}],"wp:term":[{"taxonomy":"category","embeddable":true,"href":"https:\/\/www.europesays.com\/es\/wp-json\/wp\/v2\/categories?post=91489"},{"taxonomy":"post_tag","embeddable":true,"href":"https:\/\/www.europesays.com\/es\/wp-json\/wp\/v2\/tags?post=91489"}],"curies":[{"name":"wp","href":"https:\/\/api.w.org\/{rel}","templated":true}]}}