{"id":91495,"date":"2025-09-03T21:28:09","date_gmt":"2025-09-03T21:28:09","guid":{"rendered":"https:\/\/www.europesays.com\/es\/91495\/"},"modified":"2025-09-03T21:28:09","modified_gmt":"2025-09-03T21:28:09","slug":"un-pasaje-para-recordar-la-historia-de-una-emisora-de-radio-burgalesa","status":"publish","type":"post","link":"https:\/\/www.europesays.com\/es\/91495\/","title":{"rendered":"Un pasaje para recordar la historia de una emisora de radio burgalesa"},"content":{"rendered":"<p><a class=\"v-mdl-ath__fig-a\" href=\"https:\/\/www.burgosconecta.es\/autor\/julio-cesar-rico-5332.html\" title=\"Julio C\u00e9sar Rico\" rel=\"nofollow noopener\" target=\"_blank\"><br \/>\n<img decoding=\"async\" class=\"v-mdl-ath__img\" src=\"https:\/\/s3.ppllstatics.com\/comun\/img\/2014\/autor\/autor-5332-foto-4.jpeg\" alt=\"Julio C\u00e9sar Rico\"\/><br \/>\n<\/a><\/p>\n<p class=\"v-mdl-ath__p v-mdl-ath__p--6\">\nMi\u00e9rcoles, 3 de septiembre 2025, 07:30<\/p>\n<p class=\"v-p\">El pasaje de Radio Popular lo forma el espacio en forma de un arco cuadrado que permite el paso de peatones y veh\u00edculos en direcci\u00f3n a la plaza de Espa\u00f1a desde la avenida del Cid. El nombre se lo da la circunstancia de estar en emplazadas las instalaciones de Radio Popular, Cadena de Ondas Populares Cope (Cope) en el edificio Feyg\u00f3n con entrada por el pasaje.<\/p>\n<p class=\"v-p\">La propia emisora apunta en su web que las primeras radios surgieron a finales de los a\u00f1os 50 como estaciones diocesanas o incluso parroquiales. Cada una de ellas con su propia programaci\u00f3n, pero todas con la misma vocaci\u00f3n de servicio \u00abdesde una cosmovisi\u00f3n cat\u00f3lica\u00bb. En 1960, 31 emisoras diocesanas formaban lo que a\u00f1os m\u00e1s tarde se convirti\u00f3 en la Cadena COPE, en 1979, cuando todas las radios populares pasan a conformar la Cadena de Ondas Populares Espa\u00f1olas, con una programaci\u00f3n unificada, con desconexiones locales y con servicios informativos centralizados.<\/p>\n<p class=\"v-p\">Pero la realidad es que Radio Popular de Burgos fue la pionera de la cadena cuando el 1 de agosto de 1959, de la mano y de la voz del sacerdote Joaqu\u00edn Luis Ortega, comenz\u00f3 las emisiones desde un piso diocesano de la plaza Alonso Mart\u00ednez.<\/p>\n<p class=\"v-p\">El primer mensaje que lanz\u00f3 fue: \u00abBajo la advocaci\u00f3n de Santa Mar\u00eda la Mayor, patrona de la ciudad y de la di\u00f3cesis, transmite Radio Popular de Burgos, estaci\u00f3n emisora EAK-3\u00bb. Se han cumplido ya 66 a\u00f1os de aquel saludo a trav\u00e9s de la Onda Media, \u00fanica v\u00eda con las ondas corta y larga para emitir, que era la onda ordinaria para emitir. Cope Burgos a\u00fan emite, como otras muchas emisoras de la cadena, por esta v\u00eda adem\u00e1s de la frecuencia modulada.<\/p>\n<p class=\"v-p\">Este pasaje Radio Popular, une a trav\u00e9s del edificio que est\u00e1 sobre el los dos rascacielos que hasta ahora ha tenido <a href=\"https:\/\/www.burgosconecta.es\/\" data-voc-vtm-id=\"in-text-traffic\" title=\"Burgos\" data-mrf-link=\"www.burgosconecta.es\" rel=\"nofollow noopener\" target=\"_blank\">Burgos<\/a>. Una inauguraci\u00f3n que tuvo lugar apenas unos meses despu\u00e9s de que Radio Popular empezar\u00e1 sus emisiones, en abril de 1960, el primer edificio del Feygon mide 52 metros, tiene 16 pisos y es obra de los arquitectos Federico D\u00edaz y Gonzalo Rodr\u00edguez, fraile de ah\u00ed en acr\u00f3nimo, Feygon -Federico y Gonzalo-<\/p>\n<p class=\"v-p\">Podemos ver m\u00e1s edificios de estos arquitectos en el paseo de la Castellana, en Madrid, en M\u00e1laga, Alicante y Santander. El pasaje Radio Popular apenas tiene 20 metros de longitud y une la avenida del Cid con la plaza de Espa\u00f1a.<\/p>\n<p>Comenta<\/p>\n<p>Reporta un error<\/p>\n","protected":false},"excerpt":{"rendered":"Mi\u00e9rcoles, 3 de septiembre 2025, 07:30 El pasaje de Radio Popular lo forma el espacio en forma de&hellip;\n","protected":false},"author":2,"featured_media":91496,"comment_status":"","ping_status":"","sticky":false,"template":"","format":"standard","meta":{"footnotes":""},"categories":[170],"tags":[33368,24414,146,147,25,24,448,184,185,33367,1448,15443,23],"class_list":{"0":"post-91495","1":"post","2":"type-post","3":"status-publish","4":"format-standard","5":"has-post-thumbnail","7":"category-musica","8":"tag-burgalesa","9":"tag-emisora","10":"tag-entertainment","11":"tag-entretenimiento","12":"tag-es","13":"tag-espana","14":"tag-historia","15":"tag-music","16":"tag-musica","17":"tag-pasaje","18":"tag-radio","19":"tag-recordar","20":"tag-spain"},"share_on_mastodon":{"url":"","error":""},"_links":{"self":[{"href":"https:\/\/www.europesays.com\/es\/wp-json\/wp\/v2\/posts\/91495","targetHints":{"allow":["GET"]}}],"collection":[{"href":"https:\/\/www.europesays.com\/es\/wp-json\/wp\/v2\/posts"}],"about":[{"href":"https:\/\/www.europesays.com\/es\/wp-json\/wp\/v2\/types\/post"}],"author":[{"embeddable":true,"href":"https:\/\/www.europesays.com\/es\/wp-json\/wp\/v2\/users\/2"}],"replies":[{"embeddable":true,"href":"https:\/\/www.europesays.com\/es\/wp-json\/wp\/v2\/comments?post=91495"}],"version-history":[{"count":0,"href":"https:\/\/www.europesays.com\/es\/wp-json\/wp\/v2\/posts\/91495\/revisions"}],"wp:featuredmedia":[{"embeddable":true,"href":"https:\/\/www.europesays.com\/es\/wp-json\/wp\/v2\/media\/91496"}],"wp:attachment":[{"href":"https:\/\/www.europesays.com\/es\/wp-json\/wp\/v2\/media?parent=91495"}],"wp:term":[{"taxonomy":"category","embeddable":true,"href":"https:\/\/www.europesays.com\/es\/wp-json\/wp\/v2\/categories?post=91495"},{"taxonomy":"post_tag","embeddable":true,"href":"https:\/\/www.europesays.com\/es\/wp-json\/wp\/v2\/tags?post=91495"}],"curies":[{"name":"wp","href":"https:\/\/api.w.org\/{rel}","templated":true}]}}