{"id":91515,"date":"2025-09-03T21:39:08","date_gmt":"2025-09-03T21:39:08","guid":{"rendered":"https:\/\/www.europesays.com\/es\/91515\/"},"modified":"2025-09-03T21:39:08","modified_gmt":"2025-09-03T21:39:08","slug":"sufrida-primera-victoria-del-costa-del-sol-frente-al-elda","status":"publish","type":"post","link":"https:\/\/www.europesays.com\/es\/91515\/","title":{"rendered":"Sufrida primera victoria del Costa del Sol frente al Elda"},"content":{"rendered":"<p>El Costa del Sol sum\u00f3 en casa la primera victoria de la temporada (28-24) ante el Elda Prestigio, tras empatar el primer duelo liguero  &#8230; ante el Beti-Onak. Carranque recibi\u00f3 a las panteras con calor y con ilusi\u00f3n y recibi\u00f3 de su equipo una alegr\u00eda y dos puntos de mucho valor. Fue un partido sufrido y trabajado a partes iguales, que supone una inyecci\u00f3n de confianza para este nuevo proyecto. Tuvo premio el oficio del conjunto de Suso Gallardo, que no volver\u00e1 a competir hasta dentro de nueve d\u00edas por la Supercopa Ib\u00e9rica Femenina. Volver\u00e1 a ser el P\u00e9rez Canca el escenario.<\/p>\n<p class=\"v-p\">Realiz\u00f3 un inicio demoledor el equipo malague\u00f1o. En poco m\u00e1s de tres minutos el marcador luc\u00eda un imponente 5-0. A lomos de Martu Romero, desencadenada, se abr\u00eda una brecha muy interesante bien pronto. No obstante, mejor\u00f3 el cuadro visitante al final del primer tiempo, que aprovechaban las rotaciones para ir comprimiendo. Merche Castellanos aparec\u00eda y permit\u00eda irse con el gobierno al descanso (15-16).<\/p>\n<p class=\"v-p\">Ahora cada gol era oro molido. Se masticaban las posesiones y la igualdad era extrema. Maider Barros, que acabar\u00eda con cartulina roja, ofrec\u00eda ox\u00edgeno desde la esquina y Joana Resende desde los siete metros (22-20). Hab\u00eda que remar para ponerle la guinda. Y se movi\u00f3 bien en el barro el equipo malague\u00f1o, que supo encontrar su momento para asestar el golpe final. Lo puso la elegante primera l\u00ednea portuguesa, que con un tanto de cadera le echaba el lazo para amarrar el triunfo. <\/p>\n<p class=\"v-p\">Dos puntos de trascendencia para coger sensaciones y comenzar a escalar en la clasificaci\u00f3n de la Liga Guerreras Iberdrola.<\/p>\n","protected":false},"excerpt":{"rendered":"El Costa del Sol sum\u00f3 en casa la primera victoria de la temporada (28-24) ante el Elda Prestigio,&hellip;\n","protected":false},"author":2,"featured_media":91516,"comment_status":"","ping_status":"","sticky":false,"template":"","format":"standard","meta":{"footnotes":""},"categories":[278],"tags":[376,2828,168,22185,25,24,3419,375,1078,2829,23,167,33372,1261],"class_list":{"0":"post-91515","1":"post","2":"type-post","3":"status-publish","4":"format-standard","5":"has-post-thumbnail","7":"category-balonmano","8":"tag-balonmano","9":"tag-costa","10":"tag-deportes","11":"tag-elda","12":"tag-es","13":"tag-espana","14":"tag-frente","15":"tag-handball","16":"tag-primera","17":"tag-sol","18":"tag-spain","19":"tag-sports","20":"tag-sufrida","21":"tag-victoria"},"share_on_mastodon":{"url":"","error":""},"_links":{"self":[{"href":"https:\/\/www.europesays.com\/es\/wp-json\/wp\/v2\/posts\/91515","targetHints":{"allow":["GET"]}}],"collection":[{"href":"https:\/\/www.europesays.com\/es\/wp-json\/wp\/v2\/posts"}],"about":[{"href":"https:\/\/www.europesays.com\/es\/wp-json\/wp\/v2\/types\/post"}],"author":[{"embeddable":true,"href":"https:\/\/www.europesays.com\/es\/wp-json\/wp\/v2\/users\/2"}],"replies":[{"embeddable":true,"href":"https:\/\/www.europesays.com\/es\/wp-json\/wp\/v2\/comments?post=91515"}],"version-history":[{"count":0,"href":"https:\/\/www.europesays.com\/es\/wp-json\/wp\/v2\/posts\/91515\/revisions"}],"wp:featuredmedia":[{"embeddable":true,"href":"https:\/\/www.europesays.com\/es\/wp-json\/wp\/v2\/media\/91516"}],"wp:attachment":[{"href":"https:\/\/www.europesays.com\/es\/wp-json\/wp\/v2\/media?parent=91515"}],"wp:term":[{"taxonomy":"category","embeddable":true,"href":"https:\/\/www.europesays.com\/es\/wp-json\/wp\/v2\/categories?post=91515"},{"taxonomy":"post_tag","embeddable":true,"href":"https:\/\/www.europesays.com\/es\/wp-json\/wp\/v2\/tags?post=91515"}],"curies":[{"name":"wp","href":"https:\/\/api.w.org\/{rel}","templated":true}]}}