{"id":91546,"date":"2025-09-03T21:59:07","date_gmt":"2025-09-03T21:59:07","guid":{"rendered":"https:\/\/www.europesays.com\/es\/91546\/"},"modified":"2025-09-03T21:59:07","modified_gmt":"2025-09-03T21:59:07","slug":"trinidad-y-tobago-elogia-ataque-de-eeuu-contra-bote-de-narcotraficantes-en-el-caribe","status":"publish","type":"post","link":"https:\/\/www.europesays.com\/es\/91546\/","title":{"rendered":"Trinidad y Tobago elogia ataque de EEUU contra bote de narcotraficantes en el Caribe"},"content":{"rendered":"\n<p>PUERTO ESPA\u00d1A\u00a0\u2014\u00a0 La primera ministra de Trinidad y Tobago, Kamla Persad-Bissessar, elogi\u00f3 el ataque estadounidense a un barco sospechoso de transportar drogas en el sur del Caribe y dijo que todos los traficantes deber\u00edan ser asesinados \u201cviolentamente\u201d.<\/p>\n<p>El presidente estadounidense Donald Trump dijo el martes que 11 personas murieron a bordo del barco que parti\u00f3 de Venezuela, pa\u00eds que se encuentra cerca de Trinidad y Tobago.<\/p>\n<p>\u201cYo, junto con la mayor parte del pa\u00eds, estoy contenta de que el despliegue naval de Estados Unidos tenga \u00e9xito en su misi\u00f3n\u201d, declar\u00f3 Persad-Bissessar en un comunicado emitido el martes por la noche. \u201cEl dolor y el sufrimiento que los c\u00e1rteles han infligido a nuestra naci\u00f3n es inmenso. No tengo compasi\u00f3n por los traficantes; el Ej\u00e9rcito de Estados Unidos deber\u00eda matarlos a todos violentamente\u201d, a\u00f1adi\u00f3.<\/p>\n<p>El secretario de Estado de Estados Unidos, Marco Rubio, ha dicho que las drogas a bordo de la embarcaci\u00f3n probablemente se dirig\u00edan a Trinidad o a otro lugar del Caribe.<\/p>\n<p>Persad-Bissessar expres\u00f3 que restringir las armas ilegales, las drogas y el tr\u00e1fico de personas disminuir\u00eda la violencia en la regi\u00f3n del Caribe y en Trinidad y Tobago, que ha impuesto dos estados de emergencia en los \u00faltimos meses.<\/p>\n<p>\u201cNuestro pa\u00eds ha sido devastado por la violencia sangrienta y la adicci\u00f3n debido a la avaricia de los c\u00e1rteles\u201d, manifest\u00f3 Persad-Bissessar. \u201cLa masacre de nuestra gente es alimentada por los malvados traficantes de carteles\u201d.<\/p>\n<p>Acci\u00f3n estadounidense bajo escrutinio<\/p>\n<p>Otros l\u00edderes caribe\u00f1os fueron m\u00e1s reservados en sus comentarios.<\/p>\n<p>El ministro de Relaciones Exteriores de Barbados, Kerrie Symmonds, dijo el mi\u00e9rcoles a The Associated Press que los miembros de Caricom, un bloque comercial regional, enviaron una carta a Rubio para solicitar una l\u00ednea de comunicaci\u00f3n abierta sobre los acontecimientos, diciendo que quieren evitar sorpresas por cualquier acci\u00f3n de Estados Unidos contra Venezuela.<\/p>\n<p>\u201cLo que realmente queremos&#8230; es una estructura donde podamos compartir informaci\u00f3n relacionada con los activos estadounidenses en la regi\u00f3n, estableciendo canales de comunicaci\u00f3n y, lo que es importante, donde sea posible, alguna consulta para mantener la cooperaci\u00f3n pr\u00e1ctica para la confianza mutua continua y evitar malentendidos\u201d, dijo.<\/p>\n<p>Symmonds tambi\u00e9n afirm\u00f3 que, dependiendo de la respuesta de Rubio, ambas partes podr\u00edan organizar una reuni\u00f3n cara a cara para analizar los temores de que se mantenga la designaci\u00f3n largamente deseada de la regi\u00f3n como una zona de paz.<\/p>\n<p>\u201cLo que tratamos de hacer efectivamente es trabajar a trav\u00e9s de los canales diplom\u00e1ticos para asegurarnos de que no haya sorpresas\u201d, declar\u00f3.<\/p>\n<p>El mi\u00e9rcoles, Rubio defendi\u00f3 el ataque y advirti\u00f3 que tales operaciones \u201cvolver\u00e1n a ocurrir\u201d.<\/p>\n<p>Mientras tanto, el presidente colombiano, Gustavo Petro, cuestion\u00f3 el operativo estadounidense, asegurando que es posible hacer una interdicci\u00f3n mar\u00edtima de cargamentos de droga sin atacar a sus ocupantes, explicando que Colombia los suele capturar, dado que los que transportan la droga \u201cno son los grandes narcos\u201d, sino \u201cj\u00f3venes muy pobres\u201d de la regi\u00f3n.<\/p>\n<p>\u201cBombardear la lancha es romper el principio universal de proporcionalidad de la fuerza y generar un asesinato\u201d, indic\u00f3 el mi\u00e9rcoles el mandatario de izquierda en la red social X.<\/p>\n<p>Juanita Goebertus, directora para las Am\u00e9ricas de Human Rights Watch, dijo que, aunque los grupos del crimen organizado son una \u201cgran amenaza\u201d para los derechos humanos en Am\u00e9rica Latina, los gobiernos regionales necesitan fortalecer su capacidad judicial para desmantelarlos.<\/p>\n<p>\u201cSi las circunstancias que rodean este ataque son exactamente como la administraci\u00f3n las describe, ello equivaldr\u00eda a una ejecuci\u00f3n extrajudicial, prohibida por el derecho internacional\u201d, dijo.<\/p>\n<p>Tent\u00e1culos de Tren de Aragua en Trinidad<\/p>\n<p>Trump se\u00f1al\u00f3 que la embarcaci\u00f3n atacada en aguas internacionales era operada por el Tren de Aragua, una banda venezolana. Hasta el momento, la Casa Blanca no ha explicado c\u00f3mo el ej\u00e9rcito determin\u00f3 que quienes iban a bordo de la embarcaci\u00f3n eran miembros del grupo delictivo.<\/p>\n<p>En julio, el gobierno de Trinidad y Tobago design\u00f3 al Tren de Aragua como una organizaci\u00f3n terrorista, lo que significa que las autoridades pueden congelar cualquier propiedad, fondos o activos que la banda posea o controle.<\/p>\n<p>Las autoridades han confirmado que la banda est\u00e1 activa en la naci\u00f3n caribe\u00f1a, con presencia principalmente en el centro y este de Trinidad.<\/p>\n<p>Un alto funcionario policial con profundo conocimiento de las maniobras del grupo dijo a la AP que las operaciones del Tren de Aragua son a peque\u00f1a escala en Trinidad. Afirm\u00f3 que el grupo tiene que enfrentarse a bandas locales m\u00e1s grandes y no se quedan en ciertas \u00e1reas cuando van a Trinidad a cobrar dinero o a hablar de negocios.<\/p>\n<p>El funcionario, que declar\u00f3 bajo condici\u00f3n de anonimato por temor a represalias, dijo que las autoridades no tienen una estimaci\u00f3n de cu\u00e1ntos miembros de la banda Tren de Aragua operan en la naci\u00f3n de dos islas, dado su constante ingreso y salida ilegal. Se\u00f1al\u00f3 que se dedican principalmente al tr\u00e1fico de drogas, armas y personas.<\/p>\n<p>El ataque se produjo despu\u00e9s de que Estados Unidos anunciara el mes pasado que planeaba aumentar su fuerza mar\u00edtima en aguas frente a Venezuela para combatir las amenazas de los carteles de drogas latinoamericanos.<\/p>\n","protected":false},"excerpt":{"rendered":"PUERTO ESPA\u00d1A\u00a0\u2014\u00a0 La primera ministra de Trinidad y Tobago, Kamla Persad-Bissessar, elogi\u00f3 el ataque estadounidense a un barco&hellip;\n","protected":false},"author":2,"featured_media":91547,"comment_status":"","ping_status":"","sticky":false,"template":"","format":"standard","meta":{"footnotes":""},"categories":[42],"tags":[3418,33381,1422,3677,17,18,30234,13979,629,7817,13,14,100,11,61,62,63,64,33382,19,20,32076,14605,9,10,15,16,6192,12,33380,33379,21,22,65,66,67],"class_list":{"0":"post-91546","1":"post","2":"type-post","3":"status-publish","4":"format-standard","5":"has-post-thumbnail","7":"category-internacional","8":"tag-activo","9":"tag-aragua","10":"tag-ataque","11":"tag-banda","12":"tag-breaking-news","13":"tag-breakingnews","14":"tag-caribe","15":"tag-droga","16":"tag-estados-unidos","17":"tag-estadounidense","18":"tag-featured-news","19":"tag-featurednews","20":"tag-grupo","21":"tag-headlines","22":"tag-internacional","23":"tag-international","24":"tag-international-news","25":"tag-internationalnews","26":"tag-kamla-persad-bissessar","27":"tag-latest-news","28":"tag-latestnews","29":"tag-marco-rubio","30":"tag-miembro","31":"tag-news","32":"tag-noticias","33":"tag-noticias-destacadas","34":"tag-noticiasdestacadas","35":"tag-region","36":"tag-titulares","37":"tag-tobago","38":"tag-trinidad","39":"tag-ultimas-noticias","40":"tag-ultimasnoticias","41":"tag-world","42":"tag-world-news","43":"tag-worldnews"},"share_on_mastodon":{"url":"","error":""},"_links":{"self":[{"href":"https:\/\/www.europesays.com\/es\/wp-json\/wp\/v2\/posts\/91546","targetHints":{"allow":["GET"]}}],"collection":[{"href":"https:\/\/www.europesays.com\/es\/wp-json\/wp\/v2\/posts"}],"about":[{"href":"https:\/\/www.europesays.com\/es\/wp-json\/wp\/v2\/types\/post"}],"author":[{"embeddable":true,"href":"https:\/\/www.europesays.com\/es\/wp-json\/wp\/v2\/users\/2"}],"replies":[{"embeddable":true,"href":"https:\/\/www.europesays.com\/es\/wp-json\/wp\/v2\/comments?post=91546"}],"version-history":[{"count":0,"href":"https:\/\/www.europesays.com\/es\/wp-json\/wp\/v2\/posts\/91546\/revisions"}],"wp:featuredmedia":[{"embeddable":true,"href":"https:\/\/www.europesays.com\/es\/wp-json\/wp\/v2\/media\/91547"}],"wp:attachment":[{"href":"https:\/\/www.europesays.com\/es\/wp-json\/wp\/v2\/media?parent=91546"}],"wp:term":[{"taxonomy":"category","embeddable":true,"href":"https:\/\/www.europesays.com\/es\/wp-json\/wp\/v2\/categories?post=91546"},{"taxonomy":"post_tag","embeddable":true,"href":"https:\/\/www.europesays.com\/es\/wp-json\/wp\/v2\/tags?post=91546"}],"curies":[{"name":"wp","href":"https:\/\/api.w.org\/{rel}","templated":true}]}}