{"id":91554,"date":"2025-09-03T22:03:12","date_gmt":"2025-09-03T22:03:12","guid":{"rendered":"https:\/\/www.europesays.com\/es\/91554\/"},"modified":"2025-09-03T22:03:12","modified_gmt":"2025-09-03T22:03:12","slug":"no-todas-las-oportunidades-son-igual-de-oportunidades","status":"publish","type":"post","link":"https:\/\/www.europesays.com\/es\/91554\/","title":{"rendered":"No todas las oportunidades son igual de oportunidades"},"content":{"rendered":"<p>En Villaseca gusta el toro-toro. Aunque por edad sean novillos. La presentaci\u00f3n como siempre impecable, tanto en romana como en pitones, pero el juego, seg\u00fan para cada cual, \u00abvariado\u00bb. Lo que a nadie se le escapa es que la novillada que ha lidiado Moreno Silva ha sido dura, complicada, y sin opciones de triunfo. M\u00e1s all\u00e1 de un pu\u00f1ado de ovaciones que, como muestra de cari\u00f1o y respeto, el respetable brind\u00f3 a la terna como reconocimiento a su disposici\u00f3n. Una novillada con la que el 85% del escalaf\u00f3n de matadores de toros hubiera pasado fatiguitas, y con la que los novilleros se vieron apurados.\u00a0<\/p>\n<p>\u00abThis is Villaseca\u00bb podr\u00eda rezar el acceso al ruedo, para recordar que aqu\u00ed los novillos tienen trap\u00edo de casi toros, que la integridad es bandera, que hay que dar por imperativo presidencial dos puyazos, y que por mucho que diga el reglamento, con cuatro palos no se cambia el tercio. Y a pesar de ello, los chavales quieren ir, intentan dar la cara, y matan lo que sale por chiqueros.\u00a0No todas las oportunidades son igual de oportunidades.<\/p>\n<p>Miguel Serrano pech\u00f3 abriendo plaza con un animal que se orient\u00f3 r\u00e1pido. Anduvieron muy bien en banderillas Francisco Ramos y Alberto Serrano, que se desmonteraron, en un tercio que el presidente no quiso cambiar con 4 palos, tal y como marca el reglamento. Brind\u00f3 a otro torero, que en Villaseca dio la cara, David Campos, antes de dar la cara Serrano, hilvanando de uno en uno, ganando la cara y tapando el ojo contrario. Nunca se confi\u00f3 y no era para ello. Consigui\u00f3 que le jaleasen las tandas, pero la espada se atasc\u00f3 y escuch\u00f3 los tres avisos. A pesar de ello, salud\u00f3 una ovaci\u00f3n de un p\u00fablico que valor\u00f3 su esfuerzo.\u00a0Ante el cuarto, quiso. Brind\u00f3 \u00a0al respetable y Roque de Vega y Alberto Serrano se desmonter\u00f3 en banderillas. Quiso estar firme, solvente y con voluntad. Pretendi\u00f3 encauzar embestidas que eran poco m\u00e1s que arreones haciendo hilo. Busc\u00f3 cierto desmayo al natural y enjaret\u00f3 una tanda que hizo tocar la m\u00fasica. Poco permit\u00eda el de Saltillo y Serrano aprovech\u00f3 lo que ten\u00eda delante. Volvi\u00f3 a precipitarse con la espada, y pinch\u00f3. Luego dej\u00f3 una entera, con la que el novillo ni abri\u00f3 la boca. Se ech\u00f3 y Alberto Serrano lo apuntill\u00f3 con acierto. Otra ovacion\u00f3 al esfuerzo y al concepto. Mucho m\u00e9rito, porque hay tardes en las que es mucho m\u00e1s f\u00e1cil ser torero que en otras.<\/p>\n<p>El segundo ten\u00eda medio recorrido. Algo que se acrecent\u00f3 con el puyazo ca\u00eddo y trasero que recibi\u00f3. Mariscal Ruiz dej\u00f3 una tanda buena por el derecho toreando despacio. Mat\u00f3 de una estocada completa y salud\u00f3 una ovaci\u00f3n.\u00a0Sin pena ni gloria pas\u00f3 el quinto cap\u00edtulo. Mariscal Ruiz tuvo el menos peligroso del env\u00edo. Pasaba cansino por las telas y el novillero tampoco puso mucho m\u00e1s. Silencio.<\/p>\n<p>Emiliano Osornio sorte\u00f3 un animal con mucho peligro. Cuando le ech\u00f3 mano con el capote lo hizo de fea manera y con la muleta siempre midi\u00f3. Y lo mejor fue que anduvo habilidoso en la estocada y lo pasaport\u00f3 de forma r\u00e1pida. Sensacional, por exposici\u00f3n y colocaci\u00f3n fueron los pares de H\u00e9ctor Garc\u00eda que se desmonter\u00f3, mientras que el varilarguero Santiago P\u00e9rez masacr\u00f3 al animal en el caballo, lo peor fue que lo hizo tras sonar el cambio de tercio, y como es l\u00f3gico la autoridad lo requiri\u00f3 para proponerlo para sanci\u00f3n.\u00a0El \u00faltimo embisti\u00f3 con la cara por encima del palillo. Desentendido y, con la salvedad de los dos buenos pares de Iv\u00e1n Garcia, sin mucha historia. Mat\u00f3 una buena y evit\u00f3 alargar la agon\u00eda. Silencio en ambos.<\/p>\n<p><strong>FICHA DEL FESTEJO:<\/strong><\/p>\n<p>Plaza de toros de\u00a0Villaseca de la Sagra. Segunda novillada con picadores del XXV Alfarero de Oro de Villaseca. M\u00e1s de media entrada. Novillos de\u00a0Saltillo.\u00a0<\/p>\n<p><strong>Miguel Serrano (burdeos y azabache),<\/strong> ovaci\u00f3n con saludos tras tres avisos y ovaci\u00f3n con saludos<\/p>\n<p><strong>Mariscal Ruiz (verde botella y oro),\u00a0<\/strong>ovaci\u00f3n y silencio\u00a0<\/p>\n<p><strong>Emiliano Osornio (tabaco y oro),\u00a0<\/strong>silencio en ambos<\/p>\n<p><b>*Incidencias:\u00a0<\/b>Francisco Rodr\u00edguez\u00a0y\u00a0Alberto Serrano\u00a0se desmonteraron tras parear al primero.\u00a0Roque de Vega\u00a0y\u00a0Alberto Serrano\u00a0en el cuarto.\u00a0Iv\u00e1n Garc\u00eda en el sexto.\u00a0<\/p>\n","protected":false},"excerpt":{"rendered":"En Villaseca gusta el toro-toro. Aunque por edad sean novillos. La presentaci\u00f3n como siempre impecable, tanto en romana&hellip;\n","protected":false},"author":2,"featured_media":91555,"comment_status":"","ping_status":"","sticky":false,"template":"","format":"standard","meta":{"footnotes":""},"categories":[277],"tags":[373,168,25,24,23,167,625,374,444],"class_list":{"0":"post-91554","1":"post","2":"type-post","3":"status-publish","4":"format-standard","5":"has-post-thumbnail","7":"category-toreo","8":"tag-bullfighting","9":"tag-deportes","10":"tag-es","11":"tag-espana","12":"tag-spain","13":"tag-sports","14":"tag-tauromaquia","15":"tag-toreo","16":"tag-toros"},"share_on_mastodon":{"url":"","error":""},"_links":{"self":[{"href":"https:\/\/www.europesays.com\/es\/wp-json\/wp\/v2\/posts\/91554","targetHints":{"allow":["GET"]}}],"collection":[{"href":"https:\/\/www.europesays.com\/es\/wp-json\/wp\/v2\/posts"}],"about":[{"href":"https:\/\/www.europesays.com\/es\/wp-json\/wp\/v2\/types\/post"}],"author":[{"embeddable":true,"href":"https:\/\/www.europesays.com\/es\/wp-json\/wp\/v2\/users\/2"}],"replies":[{"embeddable":true,"href":"https:\/\/www.europesays.com\/es\/wp-json\/wp\/v2\/comments?post=91554"}],"version-history":[{"count":0,"href":"https:\/\/www.europesays.com\/es\/wp-json\/wp\/v2\/posts\/91554\/revisions"}],"wp:featuredmedia":[{"embeddable":true,"href":"https:\/\/www.europesays.com\/es\/wp-json\/wp\/v2\/media\/91555"}],"wp:attachment":[{"href":"https:\/\/www.europesays.com\/es\/wp-json\/wp\/v2\/media?parent=91554"}],"wp:term":[{"taxonomy":"category","embeddable":true,"href":"https:\/\/www.europesays.com\/es\/wp-json\/wp\/v2\/categories?post=91554"},{"taxonomy":"post_tag","embeddable":true,"href":"https:\/\/www.europesays.com\/es\/wp-json\/wp\/v2\/tags?post=91554"}],"curies":[{"name":"wp","href":"https:\/\/api.w.org\/{rel}","templated":true}]}}