{"id":91560,"date":"2025-09-03T22:10:32","date_gmt":"2025-09-03T22:10:32","guid":{"rendered":"https:\/\/www.europesays.com\/es\/91560\/"},"modified":"2025-09-03T22:10:32","modified_gmt":"2025-09-03T22:10:32","slug":"el-sevilla-sigue-integrando-a-los-ultimos-fichajes-con-cuidados-para-marcao","status":"publish","type":"post","link":"https:\/\/www.europesays.com\/es\/91560\/","title":{"rendered":"El Sevilla sigue integrando a los \u00faltimos fichajes con cuidados para Marcao"},"content":{"rendered":"<p>Azpilicueta, Mendy y Cardoso completaron una nueva sesi\u00f3n de entrenamiento en una sesi\u00f3n en la que el central brasile\u00f1o luci\u00f3 un vendaje en su rodilla<\/p>\n<p>Alberto Flores y Marcao, en el entrenamiento del Sevilla        Manuel G\u00f3mez      <\/p>\n<p><img decoding=\"async\" class=\"voc-author__img\" src=\"https:\/\/www.europesays.com\/es\/wp-content\/uploads\/2025\/07\/autor-3692-foto-3.png\" alt=\"Orgullo de Nervi\u00f3n\"\/><\/p>\n<p>03\/09\/2025<br \/>\n<br \/><strong><br \/>\nActualizado a las 11:20h.<br \/>\n<\/strong><\/p>\n<p class=\"voc-p\" style=\"\">Tras un final de mercado fren\u00e9tico en el que el Sevilla cerr\u00f3 las incorporaciones de <strong>C\u00e9sar Azpilicueta, Batista Mendy, F\u00e1bio Cardoso y Alexis S\u00e1nchez<\/strong> y cerr\u00f3 las salidas de <strong>Dodi Lukebakio y Kelechi Iheanacho<\/strong>, <strong>Mat\u00edas Almeyda<\/strong> ya sabe c\u00f3mo quedar\u00e1 definitivamente configurada su plantilla para gran parte de la temporada 25-26. El argentino ya ha empezado a integrar a la mayor\u00eda de sus \u00faltimos fichajes. <\/p>\n<p class=\"voc-p\" style=\"\">C\u00e9sar Azpilicueta, F\u00e1bio Cardoso y Batista Mendy sumaron este mi\u00e9rcoles una nueva sesi\u00f3n de entrenamiento en la ciudad deportiva sevillista. No as\u00ed <strong>Alexis S\u00e1nchez<\/strong>, que por asuntos burocr\u00e1ticos a\u00fan no ha entrenado desde que se cerrara su incorporaci\u00f3n. <\/p>\n<p class=\"voc-p\" style=\"\">Sobre el c\u00e9sped de la ciudad deportiva no estuvieron los internacionales <strong>Gudelj, Suazo, Vargas, Vlachodimos y Nyland<\/strong>. Tampoco pudo contar Almeyda con los lesionados <strong>Ejuke, Sow, Ram\u00f3n Mart\u00ednez, Joan Jord\u00e1n y Akor Adams.<\/strong> Marcao estuvo entrenando con el resto del grupo y luci\u00f3 un vendaje en su rodilla por precauci\u00f3n. <\/p>\n<p class=\"voc-p\" style=\"\">Tras conseguir la primera victoria de la temporada en Montilivi (0-2), Almeyda ya prepara el pr\u00f3ximo duelo liguero que disputar\u00e1 su equipo el viernes 12 de septiembre a partir de las 21horas ante el Elche en el Ram\u00f3n S\u00e1nchez-Pizju\u00e1n. <\/p>\n<p>Reportar un error<\/p>\n","protected":false},"excerpt":{"rendered":"Azpilicueta, Mendy y Cardoso completaron una nueva sesi\u00f3n de entrenamiento en una sesi\u00f3n en la que el central&hellip;\n","protected":false},"author":2,"featured_media":91561,"comment_status":"","ping_status":"","sticky":false,"template":"","format":"standard","meta":{"footnotes":""},"categories":[268],"tags":[33385,168,25,24,285,280,282,33384,1172,1171,1262,281,23,167,4421],"class_list":{"0":"post-91560","1":"post","2":"type-post","3":"status-publish","4":"format-standard","5":"has-post-thumbnail","7":"category-futbol","8":"tag-cuidados","9":"tag-deportes","10":"tag-es","11":"tag-espana","12":"tag-fichajes","13":"tag-football","14":"tag-futbol","15":"tag-integrando","16":"tag-marcao","17":"tag-sevilla","18":"tag-sigue","19":"tag-soccer","20":"tag-spain","21":"tag-sports","22":"tag-ultimos"},"share_on_mastodon":{"url":"","error":""},"_links":{"self":[{"href":"https:\/\/www.europesays.com\/es\/wp-json\/wp\/v2\/posts\/91560","targetHints":{"allow":["GET"]}}],"collection":[{"href":"https:\/\/www.europesays.com\/es\/wp-json\/wp\/v2\/posts"}],"about":[{"href":"https:\/\/www.europesays.com\/es\/wp-json\/wp\/v2\/types\/post"}],"author":[{"embeddable":true,"href":"https:\/\/www.europesays.com\/es\/wp-json\/wp\/v2\/users\/2"}],"replies":[{"embeddable":true,"href":"https:\/\/www.europesays.com\/es\/wp-json\/wp\/v2\/comments?post=91560"}],"version-history":[{"count":0,"href":"https:\/\/www.europesays.com\/es\/wp-json\/wp\/v2\/posts\/91560\/revisions"}],"wp:featuredmedia":[{"embeddable":true,"href":"https:\/\/www.europesays.com\/es\/wp-json\/wp\/v2\/media\/91561"}],"wp:attachment":[{"href":"https:\/\/www.europesays.com\/es\/wp-json\/wp\/v2\/media?parent=91560"}],"wp:term":[{"taxonomy":"category","embeddable":true,"href":"https:\/\/www.europesays.com\/es\/wp-json\/wp\/v2\/categories?post=91560"},{"taxonomy":"post_tag","embeddable":true,"href":"https:\/\/www.europesays.com\/es\/wp-json\/wp\/v2\/tags?post=91560"}],"curies":[{"name":"wp","href":"https:\/\/api.w.org\/{rel}","templated":true}]}}