{"id":91588,"date":"2025-09-03T22:26:09","date_gmt":"2025-09-03T22:26:09","guid":{"rendered":"https:\/\/www.europesays.com\/es\/91588\/"},"modified":"2025-09-03T22:26:09","modified_gmt":"2025-09-03T22:26:09","slug":"sebastian-cortes-pregono-la-feria-taurina-2025","status":"publish","type":"post","link":"https:\/\/www.europesays.com\/es\/91588\/","title":{"rendered":"Sebasti\u00e1n Cort\u00e9s pregon\u00f3 la Feria Taurina 2025"},"content":{"rendered":"<p>\t\t\t\t\t3<\/p>\n<p><strong>El alcalde de la ciudad, Manuel Serrano, ha animado a disfrutar de la Feria de Albacete \u201cque es patrimonio nacional y no se entiende sin su prestigiosa Feria Taurina\u201d, durante su intervenci\u00f3n en el acto organizado esta tarde en el Teatro Circo, \u201cel coliseo de la cultura\u201d, con motivo del preg\u00f3n de la Feria Taurina de Albacete 2025, a cargo del diestro albacete\u00f1o y profesor de la Escuela Taurina de Albacete durante m\u00e1s de 30 a\u00f1os, Sebasti\u00e1n Cort\u00e9s, en el 50 aniversario de su alternativa.<\/strong><\/p>\n<p>Un acto amenizado con pasodobles taurinos por la Uni\u00f3n Musical \u2018Ciudad de Albacete\u2019, titular de la Plaza de Toros de Albacete, con su director Alberto Nevado al frente, donde el alcalde ha felicitado a Sebasti\u00e1n Cort\u00e9s por el magn\u00edfico preg\u00f3n que ha ofrecido para anunciar nuestra prestigiosa Feria Taurina, como uno de los grandes atractivos de la Feria que celebramos del 7 al 17 de septiembre en honor a la Patrona, la Virgen de Los Llanos, declarada de Inter\u00e9s Tur\u00edstico Internacional.<\/p>\n<p>Acompa\u00f1ado por el concejal de Asuntos Taurinos, Alberto Reina, el presidente de la Diputaci\u00f3n Provincial, Santiago Caba\u00f1ero, concejales del Equipo de Gobierno y el resto de miembros de la Corporaci\u00f3n Municipal, el alcalde ha dado la enhorabuena a Cort\u00e9s por pregonar la Feria Taurina de Albacete \u201ccon duende, raza y torer\u00eda\u201d.<\/p>\n<p>Manuel Serrano ha puesto en valor el papel tan importante que ha desempe\u00f1ado Sebasti\u00e1n Cort\u00e9s en el mundo del toro, as\u00ed como la gran labor que ha desempe\u00f1ado durante 34 a\u00f1os al frente de la Escuela Taurina de Albacete, formando a toreros, pero tambi\u00e9n a personas al inculcarles valores tan importantes como \u201cel esfuerzo, la dignidad y la honestidad\u201d.<\/p>\n<p>En este sentido, el alcalde ha recordado que Cort\u00e9s ha formado a 30 toreros y a 25 novilleros durante su paso por la Escuela Taurina de nuestra ciudad, se\u00f1alando que \u201ces un gran legado que dif\u00edcilmente ser\u00e1 superable\u201d.<\/p>\n<p>Manuel Serrano ha asegurado que \u201cSebasti\u00e1n Cort\u00e9s es un hombre que ha dejado huella, que ha sido un ejemplo en la vida, en la torer\u00eda, en la fiesta de los toros y un legado de la ciudad de Albacete\u201d, se\u00f1alando que \u201cte tienes que sentir orgulloso porque la afici\u00f3n albacete\u00f1a se siente muy orgullosa de ti\u201d.<\/p>\n<p>En opini\u00f3n del alcalde, \u201cAlbacete te pudo disfrutar toreando y tambi\u00e9n como maestro de grandes toreros y novilleros\u201d, asegurando que \u201cera de justicia social que Sebasti\u00e1n Cort\u00e9s fuera el pregonero de la Feria de Albacete\u201d.<\/p>\n<p>Seg\u00fan ha se\u00f1alado el alcalde, \u201cen Albacete estamos orgullosos de nuestra plaza, de nuestra afici\u00f3n, de los toreros y novilleros de la tierra, de nuestra Feria y su feria taurina y adem\u00e1s somos devotos de nuestra Patrona\u201d.<\/p>\n<p>De manera previa al preg\u00f3n, Manuel Serrano ha recibido en Alcald\u00eda a Sebasti\u00e1n Cort\u00e9s, donde ha firmado en el libro de honor.<\/p>\n<p>Felicitaci\u00f3n de Caba\u00f1ero<\/p>\n<p>\u00a0El presidente de la Diputaci\u00f3n, Santi Caba\u00f1ero, acompa\u00f1ado del diputado coordinador del \u00c1rea Social, Jos\u00e9 Gonz\u00e1lez, y del diputado de Cultura, Miguel Zamora, ha arropado al pregonero, con quien mantiene una estrecha amistad forjada durante a\u00f1os en el respeto y el compromiso compartido con esta tierra.<\/p>\n<p>La elecci\u00f3n de Cort\u00e9s coincide con el 50 aniversario de su alternativa, una efem\u00e9ride que otorga a\u00fan m\u00e1s relevancia a este homenaje. Su trayectoria no s\u00f3lo brilla en los ruedos m\u00e1s prestigiosos del pa\u00eds, sino tambi\u00e9n en la huella humana que ha dejado como director de la Escuela Taurina de Albacete durante 34 a\u00f1os, donde sembr\u00f3 en m\u00e1s de 30 matadores valores que trascienden la profesi\u00f3n, como el respeto, la humildad y el esfuerzo.<\/p>\n<p>Con un preg\u00f3n aut\u00e9ntico y profundamente albacetense, Sebasti\u00e1n Cort\u00e9s ha vuelto a demostrar que su pasi\u00f3n por el toro es inseparable de su pasi\u00f3n por Albacete. Como le ha trasladado Caba\u00f1ero, su palabra, impregnada de verdad y de un humanismo que dignifica la tradici\u00f3n, se ha convertido en ejemplo de compromiso y de orgullo provincial desde la que ha sido, es y ser\u00e1 su pasi\u00f3n.<\/p>\n<p>En nombre del conjunto de la Corporaci\u00f3n de la Diputaci\u00f3n, ha celebrado este reconocimiento a quien lleva el nombre de Albacete con arte y verdad, sembrando en nuevas generaciones el esp\u00edritu de una provincia que mira su historia para proyectar futuro.<\/p>\n<p><a href=\"https:\/\/www.europesays.com\/es\/wp-content\/uploads\/2025\/09\/pregon-taurino-dos.jpg\" data-rel=\"penci-gallery-image-content\"><img fetchpriority=\"high\" decoding=\"async\" width=\"1620\" height=\"989\" src=\"https:\/\/www.europesays.com\/es\/wp-content\/uploads\/2025\/09\/pregon-taurino-dos.jpg\" alt=\"\" class=\"wp-image-185792\"  \/><\/a><\/p>\n<p><a href=\"https:\/\/www.europesays.com\/es\/wp-content\/uploads\/2025\/09\/pregon-taurino-tres.jpeg\" data-rel=\"penci-gallery-image-content\"><img loading=\"lazy\" decoding=\"async\" width=\"1600\" height=\"1066\" src=\"https:\/\/www.europesays.com\/es\/wp-content\/uploads\/2025\/09\/pregon-taurino-tres.jpeg\" alt=\"\" class=\"wp-image-185793\"  \/><\/a><\/p>\n","protected":false},"excerpt":{"rendered":"3 El alcalde de la ciudad, Manuel Serrano, ha animado a disfrutar de la Feria de Albacete \u201cque&hellip;\n","protected":false},"author":2,"featured_media":91589,"comment_status":"","ping_status":"","sticky":false,"template":"","format":"standard","meta":{"footnotes":""},"categories":[277],"tags":[2545,1250,373,168,25,24,599,712,23,167,374],"class_list":{"0":"post-91588","1":"post","2":"type-post","3":"status-publish","4":"format-standard","5":"has-post-thumbnail","7":"category-toreo","8":"tag-albacete","9":"tag-ayuntamiento","10":"tag-bullfighting","11":"tag-deportes","12":"tag-es","13":"tag-espana","14":"tag-feria","15":"tag-feria-taurina","16":"tag-spain","17":"tag-sports","18":"tag-toreo"},"share_on_mastodon":{"url":"","error":""},"_links":{"self":[{"href":"https:\/\/www.europesays.com\/es\/wp-json\/wp\/v2\/posts\/91588","targetHints":{"allow":["GET"]}}],"collection":[{"href":"https:\/\/www.europesays.com\/es\/wp-json\/wp\/v2\/posts"}],"about":[{"href":"https:\/\/www.europesays.com\/es\/wp-json\/wp\/v2\/types\/post"}],"author":[{"embeddable":true,"href":"https:\/\/www.europesays.com\/es\/wp-json\/wp\/v2\/users\/2"}],"replies":[{"embeddable":true,"href":"https:\/\/www.europesays.com\/es\/wp-json\/wp\/v2\/comments?post=91588"}],"version-history":[{"count":0,"href":"https:\/\/www.europesays.com\/es\/wp-json\/wp\/v2\/posts\/91588\/revisions"}],"wp:featuredmedia":[{"embeddable":true,"href":"https:\/\/www.europesays.com\/es\/wp-json\/wp\/v2\/media\/91589"}],"wp:attachment":[{"href":"https:\/\/www.europesays.com\/es\/wp-json\/wp\/v2\/media?parent=91588"}],"wp:term":[{"taxonomy":"category","embeddable":true,"href":"https:\/\/www.europesays.com\/es\/wp-json\/wp\/v2\/categories?post=91588"},{"taxonomy":"post_tag","embeddable":true,"href":"https:\/\/www.europesays.com\/es\/wp-json\/wp\/v2\/tags?post=91588"}],"curies":[{"name":"wp","href":"https:\/\/api.w.org\/{rel}","templated":true}]}}