{"id":91594,"date":"2025-09-03T22:31:15","date_gmt":"2025-09-03T22:31:15","guid":{"rendered":"https:\/\/www.europesays.com\/es\/91594\/"},"modified":"2025-09-03T22:31:15","modified_gmt":"2025-09-03T22:31:15","slug":"por-que-mercedes-no-ha-renovado-a-george-russell","status":"publish","type":"post","link":"https:\/\/www.europesays.com\/es\/91594\/","title":{"rendered":"\u00bfPor qu\u00e9 Mercedes no ha renovado a George Russell?"},"content":{"rendered":"<p>\t\t\t\t\tLo que necesitas saber:<\/p>\n<p>George Russell termina contrato con Mercedes al final de la actual temporada<\/p>\n<p>El mercado de pilotos se congel\u00f3 cuando <strong>Max Verstappen anunci\u00f3 que <a href=\"https:\/\/www.sopitas.com\/desde-el-paddock\/max-verstappen-se-queda-red-bull-2026-f1\/\" target=\"_blank\" rel=\"noreferrer noopener nofollow\">seguir\u00eda al menos un a\u00f1o m\u00e1s como piloto de Red Bull<\/a>. <\/strong>Desde entonces, los movimientos de pilotos han estado m\u00e1s que cantados, empezando por Mercedes, que ya ha dado se\u00f1alas claras, a trav\u00e9s de Toto Wolff, de que <a href=\"https:\/\/www.sopitas.com\/desde-el-paddock\/george-russell-contrato-mercedes-renovacion-toto-wolff-verstappen\/\" target=\"_blank\" rel=\"noreferrer noopener nofollow\"><strong>terminar\u00e1 renovando a George Russell y a Kimi Antonelli.<\/strong><\/a><\/p>\n<p>Se esperaba que <strong>el anuncio sobre la renovaci\u00f3n de Russell y Antonelli <\/strong>se produjera antes de las vacaciones de verano o previo al Gran Premio de Pa\u00edses Bajos, pero esto no ha sucedido.\u00a0<\/p>\n<p><img loading=\"lazy\" decoding=\"async\" width=\"1024\" height=\"683\" src=\"https:\/\/www.europesays.com\/es\/wp-content\/uploads\/2025\/09\/toto-wolff-kimi-antonelli-y-george-russell.jpg\" alt=\"Toto Wolff con KImi Antonelli y George Russell\" class=\"wp-image-1845821\"  \/>Toto Wolff con KImi Antonelli y George Russell \/ Mercedes<\/p>\n<p>\u00bfPor qu\u00e9 Mercedes no ha renovado a George Russell?<\/p>\n<p>Toto Wolff, director de la escuder\u00eda Mercedes, reiter\u00f3 que las renovaciones de George Russell como de Kimi Antonelli siguen en pie. <strong>\u201cSeguimos con los dos, por supuesto\u201d.<\/strong> Los anuncios se realizar\u00e1n a su debido tiempo, una vez que se resuelvan ciertos detalles en los contratos.<\/p>\n<p>Seg\u00fan Wolff, lo que ha atorado el anuncio, espec\u00edficamente con Russell ,es que se busca que el contrato le d\u00e9 m\u00e1s descanso al piloto brit\u00e1nico con los compromisos comerciales y de marketing.\u00a0<\/p>\n<p>\u201c<strong>Hay algunas cosas que queremos optimizar, algunos de los viajes y los d\u00edas de marketing<\/strong>. Es un piloto experimentado y para nosotros siempre es importante hablar de ello\u201d.<\/p>\n<p>\u201cQueremos tener el mejor rendimiento de los pilotos, y creo que <strong>les hemos exigido bastante a ambos con las actividades de marketing y las actividades medi\u00e1ticas\u201d<\/strong>, indic\u00f3 el austriaco, de acuerdo <a href=\"https:\/\/lat.motorsport.com\/wec\/news\/jenson-button-deja-wec-finales-2025\/10742605\/\" target=\"_blank\" rel=\"noreferrer noopener nofollow\">con Motorsport<\/a>.\u00a0<\/p>\n<p><img loading=\"lazy\" decoding=\"async\" width=\"768\" height=\"1024\" src=\"https:\/\/www.europesays.com\/es\/wp-content\/uploads\/2025\/09\/toto-wolff-mercedes-f1-768x1024.jpg\" alt=\"Toto Wolff definir\u00e1 la alineaci\u00f3n de Mercedes entre julio y agosto\" class=\"wp-image-1839029\"  \/>Toto Wolff<\/p>\n<p>Renovaci\u00f3n de George Russell no ser\u00e1 un gran anuncio<\/p>\n<p>Toto Wolff ha hablado tanto sobre la continuidad de George Russell que manifest\u00f3 que no ser\u00e1 un anuncio grande y manifest\u00f3 que a\u00fan no habr\u00e1 anuncios en el marco del Gran Premio de Italia.\u00a0<\/p>\n<p>\u201cNo creo que vaya a ser ni siquiera un gran anuncio, <strong>s\u00f3lo vamos a dar la noticia y decir que hemos puesto una firma en el acuerdo\u201d, <\/strong>dijo Wolff.\u00a0<\/p>\n<p><img loading=\"lazy\" decoding=\"async\" width=\"868\" height=\"1024\" src=\"https:\/\/www.europesays.com\/es\/wp-content\/uploads\/2025\/09\/george-russell-868x1024.jpg\" alt=\"George Russell piloto de Mercedes\" class=\"wp-image-1855594\"  \/>George Russell piloto de Mercedes \/ Getty<\/p>\n<p>Los \u00fanicos equipos en los que se espera movimiento es Alpine, que camina a una separaci\u00f3n con Franco Colapinto, mientras que en Red Bull comienza a sonar el nombre de Isack Hadjar para sustituir a Yuki Tsunoda.<\/p>\n<p>\t\tTodo lo que no sab\u00edas que necesitas saber lo encuentras en Sopitas.com<\/p>\n","protected":false},"excerpt":{"rendered":"Lo que necesitas saber: George Russell termina contrato con Mercedes al final de la actual temporada El mercado&hellip;\n","protected":false},"author":2,"featured_media":91595,"comment_status":"","ping_status":"","sticky":false,"template":"","format":"standard","meta":{"footnotes":""},"categories":[270],"tags":[168,5333,25,24,306,271,272,1228,23,167],"class_list":{"0":"post-91594","1":"post","2":"type-post","3":"status-publish","4":"format-standard","5":"has-post-thumbnail","7":"category-formula-1","8":"tag-deportes","9":"tag-desde-el-paddock","10":"tag-es","11":"tag-espana","12":"tag-f1","13":"tag-formula-1","14":"tag-formula1","15":"tag-mercedes","16":"tag-spain","17":"tag-sports"},"share_on_mastodon":{"url":"","error":""},"_links":{"self":[{"href":"https:\/\/www.europesays.com\/es\/wp-json\/wp\/v2\/posts\/91594","targetHints":{"allow":["GET"]}}],"collection":[{"href":"https:\/\/www.europesays.com\/es\/wp-json\/wp\/v2\/posts"}],"about":[{"href":"https:\/\/www.europesays.com\/es\/wp-json\/wp\/v2\/types\/post"}],"author":[{"embeddable":true,"href":"https:\/\/www.europesays.com\/es\/wp-json\/wp\/v2\/users\/2"}],"replies":[{"embeddable":true,"href":"https:\/\/www.europesays.com\/es\/wp-json\/wp\/v2\/comments?post=91594"}],"version-history":[{"count":0,"href":"https:\/\/www.europesays.com\/es\/wp-json\/wp\/v2\/posts\/91594\/revisions"}],"wp:featuredmedia":[{"embeddable":true,"href":"https:\/\/www.europesays.com\/es\/wp-json\/wp\/v2\/media\/91595"}],"wp:attachment":[{"href":"https:\/\/www.europesays.com\/es\/wp-json\/wp\/v2\/media?parent=91594"}],"wp:term":[{"taxonomy":"category","embeddable":true,"href":"https:\/\/www.europesays.com\/es\/wp-json\/wp\/v2\/categories?post=91594"},{"taxonomy":"post_tag","embeddable":true,"href":"https:\/\/www.europesays.com\/es\/wp-json\/wp\/v2\/tags?post=91594"}],"curies":[{"name":"wp","href":"https:\/\/api.w.org\/{rel}","templated":true}]}}