{"id":91599,"date":"2025-09-03T22:37:27","date_gmt":"2025-09-03T22:37:27","guid":{"rendered":"https:\/\/www.europesays.com\/es\/91599\/"},"modified":"2025-09-03T22:37:27","modified_gmt":"2025-09-03T22:37:27","slug":"pablo-motos-se-marca-otro-datazo-a-la-espera-de-broncano-y-presume-de-audiencias-con-un-mensaje-a-pedro-sanchez-te-ha-ganado-bertin","status":"publish","type":"post","link":"https:\/\/www.europesays.com\/es\/91599\/","title":{"rendered":"Pablo Motos se marca otro datazo a la espera de Broncano y presume de audiencias con un mensaje a Pedro S\u00e1nchez: \u00abTe ha ganado Bert\u00edn\u00bb"},"content":{"rendered":"<p><b>Pablo Motos arranc\u00f3 su temporada n\u00famero 20 este lunes, 1 de septiembre, con r\u00e9cord de audiencia<\/b>, hasta el punto de que firm\u00f3 su mejor arranque hist\u00f3rico con un 21,1% de share y 2.347.000 espectadores. Bert\u00edn Osborne, tras la pol\u00e9mica de la portada de su hijo con Gabriela Guill\u00e9n, <a href=\"https:\/\/www.eleconomista.es\/informalia\/famosos\/noticias\/13526556\/09\/25\/asi-se-encendio-bertin-osborne-en-el-hormiguero-tras-las-criticas-por-exponer-a-su-hijo-en-las-revistas-me-la-sopla.html\" title=\"As\u00ed se encendi\u00f3 Bert\u00edn Osborne en &#039;El Hormiguero&#039; tras las cr\u00edticas por exponer a su hijo en las revistas: &quot;Me la sopla&quot;\" rel=\"nofollow noopener\" target=\"_blank\">fue el primer invitado de la temporada<\/a>. Durante 20 minutos, <a href=\"https:\/\/www.eleconomista.es\/informalia\/television\/noticias\/13526252\/09\/25\/pedro-sanchez-en-el-regreso-de-pepa-bueno-a-tve-hay-jueces-haciendo-politica-y-politicos-tratando-de-hacer-justicia.html\" title=\"La entrevista de Pepa Bueno a Pedro S\u00e1nchez re\u00fane 1,5 millones y un 13,5% de share en La 1\" rel=\"nofollow noopener\" target=\"_blank\">coincidi\u00f3 con la entrevista de Pepa Bueno a Pedro S\u00e1nchez<\/a>, siendo esta la primera entrevista del presidente del Gobierno en m\u00e1s de un a\u00f1o. La entrevista al l\u00edder del Ejecutivo en el Telediario 2 se sald\u00f3 con un 13,5% de share en La 1.<\/p>\n<p>Durante la emisi\u00f3n de este martes de El Hormiguero, presumieron de audiencia: \u00abYo me imagino cuando esta ma\u00f1ana le han despertado con los datos de audiencia de ayer y le han dicho: <b>mira, Pedro, no s\u00e9 c\u00f3mo decirte esto&#8230;<\/b>\u00ab, coment\u00f3 Rub\u00e9n Am\u00f3n durante la tertulia. A lo que Rosa Belmonte sigui\u00f3:<b> \u00ab\u00a1Te ha ganado Bert\u00edn!\u00bb<\/b>. Am\u00f3n, adem\u00e1s, sostuvo que el l\u00edder del Ejecutivo estar\u00eda afectado \u00abdesde el punto de vista de la vanidad\u00bb.<\/p>\n<p>Sobre el hecho de que el l\u00edder socialista diera su primera entrevista en catorce meses, el ex novio de Bego\u00f1a Villac\u00eds tambi\u00e9n apostill\u00f3: \u00ab<b>Esto es una anomal\u00eda, tiene obligaciones con la prensa<\/b>. Con toda la prensa, no solo con la prensa que le baile al agua\u00bb.<\/p>\n<p>El tertuliano y periodista asegur\u00f3 tambi\u00e9n que la entrevista de S\u00e1nchez en TVE lleg\u00f3 como \u00abcontraprogramaci\u00f3n al comienzo de El Hormiguero\u00bb. En este sentido, Juan del Val explic\u00f3 que la p\u00fablica jugaba con ventaja, ya que la entrevista al presidente se emit\u00eda en tres canales a la vez: \u00abCuando se compite una televisi\u00f3n con una televisi\u00f3n es una cosa, <b>cuando sumas tres televisiones evidentemente est\u00e1s falseando los datos<\/b>\u00ab.<\/p>\n<p>Al 13,5% de share que la entrevista a S\u00e1nchez hizo en La 1, se a\u00f1ade tambi\u00e9n el 3,8% que anot\u00f3 en La 2 y el 1,1% que consigui\u00f3 en el Canal 24 Horas. La entrevista, emitida en simulcast, logr\u00f3 en total un 18,5% de share.<\/p>\n<p>Las audiencias del martes<\/p>\n<p>Y en cuanto a las audiencias del martes, El Hormiguero volvi\u00f3 a anotar otro buen dato de audiencia en su segunda entrega. <b>A pesar de bajar 2,6 puntos respecto al d\u00eda del estreno, logr\u00f3 un 18,5% de cuota de pantalla<\/b>, reuniendo a 2.021.000 espectadores y dominando su franja de emisi\u00f3n (First Dates en Telecinco se qued\u00f3 en un 8,7% de share; El Intermedio en La Sexta en un 7,1%; y Viajeros Cuatro en un 4,3%). Los invitados de Motos fueron Joaqu\u00edn S\u00e1nchez y Susana Saborido, que estrena su segunda temporada este s\u00e1bado 6 de septiembre.<\/p>\n<p>El principal competidor de El Hormiguero, no obstante, llega a partir del pr\u00f3ximo lunes 8 de septiembre con el desembarco de la segunda temporada de David Broncano, que perdi\u00f3 su batalla en audiencias la pasada temporada frente al programa de Atresmedia.<\/p>\n<p>WhatsApp<a href=\"https:\/\/api.whatsapp.com\/send?text=https:\/\/www.eleconomista.es\/informalia\/television\/noticias\/13528109\/09\/25\/el-hormiguero-se-marca-otro-datazo-a-la-espera-de-broncano-y-presume-de-audiencias-con-un-mensaje-a-pedro-sanchez-te-ha-ganado-bertin.html?utm_source%3Dwhatsapp%26utm_medium%3Dshare_button&amp;id=1648118629957_whatsapp\" target=\"_blank\" data-action=\"share\/whatsapp\/share\" aria-label=\"Compartir en Whatsapp\" rel=\"nofollow noopener\"><\/a>Facebook<a id=\"fb-share\" href=\"#\" target=\"_blank\" rel=\"noopener noreferrer\" aria-label=\"Compartir en Facebook\"><\/a>Twitter<a href=\"https:\/\/twitter.com\/share?text=Pablo+Motos+se+marca+otro+datazo+a+la+espera+de+Broncano+y+presume+de+audiencias+con+un+mensaje+a+Pedro+S%C3%A1nchez%3A+%22Te+ha+ganado+Bert%C3%ADn%22&amp;url=https:\/\/www.eleconomista.es\/informalia\/television\/noticias\/13528109\/09\/25\/el-hormiguero-se-marca-otro-datazo-a-la-espera-de-broncano-y-presume-de-audiencias-con-un-mensaje-a-pedro-sanchez-te-ha-ganado-bertin.html&amp;via=Informalia&amp;id=1648118839245_twitter\" target=\"_blank\" aria-label=\"Compartir en Twitter\" rel=\"nofollow noopener\"><\/a>Linkedin<a onclick=\"return abrirLinkedin();\" href=\"https:\/\/www.linkedin.com\/shareArticle?text=Pablo+Motos+se+marca+otro+datazo+a+la+espera+de+Broncano+y+presume+de+audiencias+con+un+mensaje+a+Pedro+S%C3%A1nchez%3A+%22Te+ha+ganado+Bert%C3%ADn%22&amp;url=https:\/\/www.eleconomista.es\/informalia\/television\/noticias\/13528109\/09\/25\/el-hormiguero-se-marca-otro-datazo-a-la-espera-de-broncano-y-presume-de-audiencias-con-un-mensaje-a-pedro-sanchez-te-ha-ganado-bertin.html&amp;mini=true\" target=\"_blank\" aria-label=\"Compartir en linkedin\" rel=\"nofollow noopener\"><\/a>Beloud<a href=\"https:\/\/beloud.com\/share?text=Pablo+Motos+se+marca+otro+datazo+a+la+espera+de+Broncano+y+presume+de+audiencias+con+un+mensaje+a+Pedro+S%C3%A1nchez%3A+%22Te+ha+ganado+Bert%C3%ADn%22&amp;url=https:\/\/www.eleconomista.es\/informalia\/television\/noticias\/13528109\/09\/25\/el-hormiguero-se-marca-otro-datazo-a-la-espera-de-broncano-y-presume-de-audiencias-con-un-mensaje-a-pedro-sanchez-te-ha-ganado-bertin.html&amp;via=Informalia&amp;id=1648118839245_beloud\" target=\"_blank\" aria-label=\"Compartir en beloud\" rel=\"nofollow noopener\"><\/a>Bluesky<a href=\"https:\/\/bsky.app\/intent\/compose?text=https:\/\/bsky.app\/intent\/compose?text=https:\/\/www.eleconomista.es\/informalia\/television\/noticias\/13528109\/09\/25\/el-hormiguero-se-marca-otro-datazo-a-la-espera-de-broncano-y-presume-de-audiencias-con-un-mensaje-a-pedro-sanchez-te-ha-ganado-bertin.html&amp;url=https:\/\/www.eleconomista.es\/informalia\/television\/noticias\/13528109\/09\/25\/el-hormiguero-se-marca-otro-datazo-a-la-espera-de-broncano-y-presume-de-audiencias-con-un-mensaje-a-pedro-sanchez-te-ha-ganado-bertin.html&amp;via=elEconomistaes&amp;id=1648118839245_bluesky\" target=\"_blank\" aria-label=\"Compartir en bluesky\" rel=\"nofollow noopener\"><\/a><\/p>\n<p><script async src=\"https:\/\/platform.twitter.com\/widgets.js\" charset=\"utf-8\"><\/script><\/p>\n","protected":false},"excerpt":{"rendered":"Pablo Motos arranc\u00f3 su temporada n\u00famero 20 este lunes, 1 de septiembre, con r\u00e9cord de audiencia, hasta el&hellip;\n","protected":false},"author":2,"featured_media":91600,"comment_status":"","ping_status":"","sticky":false,"template":"","format":"standard","meta":{"footnotes":""},"categories":[171],"tags":[146,147,25,24,23,807,214],"class_list":{"0":"post-91599","1":"post","2":"type-post","3":"status-publish","4":"format-standard","5":"has-post-thumbnail","7":"category-tv","8":"tag-entertainment","9":"tag-entretenimiento","10":"tag-es","11":"tag-espana","12":"tag-spain","13":"tag-television","14":"tag-tv"},"share_on_mastodon":{"url":"","error":""},"_links":{"self":[{"href":"https:\/\/www.europesays.com\/es\/wp-json\/wp\/v2\/posts\/91599","targetHints":{"allow":["GET"]}}],"collection":[{"href":"https:\/\/www.europesays.com\/es\/wp-json\/wp\/v2\/posts"}],"about":[{"href":"https:\/\/www.europesays.com\/es\/wp-json\/wp\/v2\/types\/post"}],"author":[{"embeddable":true,"href":"https:\/\/www.europesays.com\/es\/wp-json\/wp\/v2\/users\/2"}],"replies":[{"embeddable":true,"href":"https:\/\/www.europesays.com\/es\/wp-json\/wp\/v2\/comments?post=91599"}],"version-history":[{"count":0,"href":"https:\/\/www.europesays.com\/es\/wp-json\/wp\/v2\/posts\/91599\/revisions"}],"wp:featuredmedia":[{"embeddable":true,"href":"https:\/\/www.europesays.com\/es\/wp-json\/wp\/v2\/media\/91600"}],"wp:attachment":[{"href":"https:\/\/www.europesays.com\/es\/wp-json\/wp\/v2\/media?parent=91599"}],"wp:term":[{"taxonomy":"category","embeddable":true,"href":"https:\/\/www.europesays.com\/es\/wp-json\/wp\/v2\/categories?post=91599"},{"taxonomy":"post_tag","embeddable":true,"href":"https:\/\/www.europesays.com\/es\/wp-json\/wp\/v2\/tags?post=91599"}],"curies":[{"name":"wp","href":"https:\/\/api.w.org\/{rel}","templated":true}]}}