{"id":91688,"date":"2025-09-03T23:39:08","date_gmt":"2025-09-03T23:39:08","guid":{"rendered":"https:\/\/www.europesays.com\/es\/91688\/"},"modified":"2025-09-03T23:39:08","modified_gmt":"2025-09-03T23:39:08","slug":"vingegaard-un-athleticzale-mas-en-la-explanada-de-san-mames","status":"publish","type":"post","link":"https:\/\/www.europesays.com\/es\/91688\/","title":{"rendered":"Vingegaard, un athleticzale m\u00e1s en la explanada de San Mam\u00e9s"},"content":{"rendered":"<p>\n        Antes de que comenzase la und\u00e9cima etapa de La Vuelta 2025 en <a href=\"https:\/\/www.deia.eus\/bilbao\/\" title=\"Bilbao\" class=\"link copy\" rel=\"nofollow noopener\" target=\"_blank\">Bilbao<\/a>, <strong>el ciclista dan\u00e9s Jonas Vingegaard ha recibido una camiseta del <\/strong><a href=\"https:\/\/www.deia.eus\/athletic\/\" title=\"Athletic\" class=\"link copy\" rel=\"nofollow noopener\" target=\"_blank\">Athletic<\/a>. Lo ha hecho en el momento en el que ha hecho acto de presencia<strong> en la explanada de San Mam\u00e9s<\/strong>. Vingegaard ha lucido este mi\u00e9rcoles, y seguir\u00e1 luciendo en la pr\u00f3xima etapa,<strong> el color rojo que le define como l\u00edder de la clasificaci\u00f3n general de la competici\u00f3n.<\/strong>\n<\/p>\n<blockquote class=\"twitter-tweet\" data-lang=\"es\">\n<p lang=\"es\" dir=\"ltr\">\ud83d\udd34\u26aa\ufe0f The Red Jersey&#8230; dressed in red and white. Jonas is now an Athleticzale! <\/p>\n<p>\ud83d\udd34\u26aa\ufe0f Con La Roja&#8230; vestido de rojiblanco. \u00a1Jonas ya es un Athleticzale m\u00e1s! <a href=\"https:\/\/twitter.com\/AthleticClub?ref_src=twsrc%5Etfw\" rel=\"nofollow noopener\" target=\"_blank\">@AthleticClub<\/a> <\/p>\n<p>\ud83d\udcf8 <a href=\"https:\/\/twitter.com\/SprintCycling?ref_src=twsrc%5Etfw\" rel=\"nofollow noopener\" target=\"_blank\">@SprintCycling<\/a>  | <a href=\"https:\/\/twitter.com\/hashtag\/LaVuelta25?src=hash&amp;ref_src=twsrc%5Etfw\" rel=\"nofollow noopener\" target=\"_blank\">#LaVuelta25<\/a> <a href=\"https:\/\/t.co\/wKomB1yYtr\" rel=\"nofollow\">pic.twitter.com\/wKomB1yYtr<\/a><\/p>\n<p>\u2014 La Vuelta (@lavuelta) <a href=\"https:\/\/twitter.com\/lavuelta\/status\/1963204781360443697?ref_src=twsrc%5Etfw\" rel=\"nofollow noopener\" target=\"_blank\">3 de septiembre de 2025<\/a><\/p><\/blockquote>\n<p class=\"article-body__text \">\n        Una <strong>imagen de la que ha presumido la propia organizaci\u00f3n de La Vuelta<\/strong> compartiendo una foto sujetando una el\u00e1stica rojiblanca. \u00ab\u00a1Jonas ya es un Athleticzale m\u00e1s!\u00bb, presume la organizaci\u00f3n del evento a trav\u00e9s de sus redes sociales con una imagen en la que <strong>se ve al dan\u00e9s con la camiseta rojiblanca y el dorsal n\u00famero once.<\/strong>\n<\/p>\n<blockquote class=\"twitter-tweet\" data-lang=\"es\">\n<p lang=\"eu\" dir=\"ltr\">\ud83d\udd34\u26aa\ufe0f <a href=\"https:\/\/twitter.com\/AthleticClub?ref_src=twsrc%5Etfw\" rel=\"nofollow noopener\" target=\"_blank\">@AthleticClub<\/a> \ud83e\udd1d <a href=\"https:\/\/twitter.com\/VingegaardJonas?ref_src=twsrc%5Etfw\" rel=\"nofollow noopener\" target=\"_blank\">@VingegaardJonas<\/a> <\/p>\n<p>El l\u00edder de <a href=\"https:\/\/twitter.com\/lavuelta?ref_src=twsrc%5Etfw\" rel=\"nofollow noopener\" target=\"_blank\">@lavuelta<\/a> recibe la camiseta del Athletic en San Mam\u00e9s antes del inicio de la 11\u00ba etapa. <\/p>\n<p>\ud83c\udf40 Zorte on lasterketan parte hartzen ari diren euskal txirrindulari guztiei!<a href=\"https:\/\/twitter.com\/hashtag\/LaVuelta25?src=hash&amp;ref_src=twsrc%5Etfw\" rel=\"nofollow noopener\" target=\"_blank\">#LaVuelta25<\/a> I <a href=\"https:\/\/twitter.com\/hashtag\/AthleticClub?src=hash&amp;ref_src=twsrc%5Etfw\" rel=\"nofollow noopener\" target=\"_blank\">#AthleticClub<\/a> \ud83e\udd81 <a href=\"https:\/\/t.co\/XmwSj9iSwr\" rel=\"nofollow\">pic.twitter.com\/XmwSj9iSwr<\/a><\/p>\n<p>\u2014 Athletic Club (@AthleticClub) <a href=\"https:\/\/twitter.com\/AthleticClub\/status\/1963229562222846284?ref_src=twsrc%5Etfw\" rel=\"nofollow noopener\" target=\"_blank\">3 de septiembre de 2025<\/a><\/p><\/blockquote>\n<p class=\"article-body__text \">\n        \u00abEl l\u00edder de La Vuelta recibe la camiseta del Athletic en San Mam\u00e9s antes del inicio de la und\u00e9cima etapa\u00bb, ha comentado el Athletic en una publicaci\u00f3n hecha sus redes sociales. \u00ab<strong>Zorte on lasterketan parte hartzen ari diren euskal txirrindulari guztiei<\/strong>\u00ab, ha apostillado la entidad de Ibaigane.\n<\/p>\n<p>            <script async src=\"https:\/\/platform.twitter.com\/widgets.js\" charset=\"utf-8\"><\/script><\/p>\n","protected":false},"excerpt":{"rendered":"Antes de que comenzase la und\u00e9cima etapa de La Vuelta 2025 en Bilbao, el ciclista dan\u00e9s Jonas Vingegaard&hellip;\n","protected":false},"author":2,"featured_media":91689,"comment_status":"","ping_status":"","sticky":false,"template":"","format":"standard","meta":{"footnotes":""},"categories":[273],"tags":[2182,313,312,168,25,24,25318,7789,23980,2228,23,167,325],"class_list":{"0":"post-91688","1":"post","2":"type-post","3":"status-publish","4":"format-standard","5":"has-post-thumbnail","7":"category-ciclismo","8":"tag-athletic","9":"tag-ciclismo","10":"tag-cycling","11":"tag-deportes","12":"tag-es","13":"tag-espana","14":"tag-explanada","15":"tag-la-vuelta","16":"tag-mames","17":"tag-san","18":"tag-spain","19":"tag-sports","20":"tag-vingegaard"},"share_on_mastodon":{"url":"","error":""},"_links":{"self":[{"href":"https:\/\/www.europesays.com\/es\/wp-json\/wp\/v2\/posts\/91688","targetHints":{"allow":["GET"]}}],"collection":[{"href":"https:\/\/www.europesays.com\/es\/wp-json\/wp\/v2\/posts"}],"about":[{"href":"https:\/\/www.europesays.com\/es\/wp-json\/wp\/v2\/types\/post"}],"author":[{"embeddable":true,"href":"https:\/\/www.europesays.com\/es\/wp-json\/wp\/v2\/users\/2"}],"replies":[{"embeddable":true,"href":"https:\/\/www.europesays.com\/es\/wp-json\/wp\/v2\/comments?post=91688"}],"version-history":[{"count":0,"href":"https:\/\/www.europesays.com\/es\/wp-json\/wp\/v2\/posts\/91688\/revisions"}],"wp:featuredmedia":[{"embeddable":true,"href":"https:\/\/www.europesays.com\/es\/wp-json\/wp\/v2\/media\/91689"}],"wp:attachment":[{"href":"https:\/\/www.europesays.com\/es\/wp-json\/wp\/v2\/media?parent=91688"}],"wp:term":[{"taxonomy":"category","embeddable":true,"href":"https:\/\/www.europesays.com\/es\/wp-json\/wp\/v2\/categories?post=91688"},{"taxonomy":"post_tag","embeddable":true,"href":"https:\/\/www.europesays.com\/es\/wp-json\/wp\/v2\/tags?post=91688"}],"curies":[{"name":"wp","href":"https:\/\/api.w.org\/{rel}","templated":true}]}}