{"id":91710,"date":"2025-09-04T00:02:12","date_gmt":"2025-09-04T00:02:12","guid":{"rendered":"https:\/\/www.europesays.com\/es\/91710\/"},"modified":"2025-09-04T00:02:12","modified_gmt":"2025-09-04T00:02:12","slug":"mikel-landa-es-del-alaves","status":"publish","type":"post","link":"https:\/\/www.europesays.com\/es\/91710\/","title":{"rendered":"Mikel Landa es del Alav\u00e9s"},"content":{"rendered":"<p>\n        <strong>Cientos de personas han acompa\u00f1ado este mi\u00e9rcoles en San Mam\u00e9s la salida de la 11\u00aa etapa de <\/strong><a href=\"https:\/\/www.noticiasdealava.eus\/tags\/vuelta-a-espana\/\" title=\"La Vuelta 2025\" class=\"link copy\" rel=\"nofollow noopener\" target=\"_blank\"><strong>La Vuelta 2025<\/strong><\/a><strong>, <\/strong>con inicio y meta en Bilbao, en la que se ha rendido un simb\u00f3lico<strong> homenaje al ciclista Jes\u00fas Loro\u00f1o, <\/strong>en reconocimiento a quien fuera ganador de La Vuelta en 1957 en este a\u00f1o en que se cumplen 100 a\u00f1os de su nacimiento.\n<\/p>\n<p class=\"article-body__text \">\n        Jes\u00fas Loro\u00f1o conquist\u00f3 en 1957 la entonces llamada La Vuelta a Espa\u00f1a, carrera que empez\u00f3 con una etapa entre Bilbao y Vitoria-Gasteiz, y concluy\u00f3 con otra etapa de 193 kil\u00f3metros entre San Sebasti\u00e1n y Bilbao.\n<\/p>\n<p class=\"article-body__text \">\n        Durante las<strong> entrevistas y actos promocionales en los momentos previos a la salida <\/strong>de la etapa el ciclista alav\u00e9s<strong> Mikel Landa ha protagonizado uno de las an\u00e9cdotas de la jornada<\/strong> cuando atend\u00eda a los medios oficiales de La Vuelta.\n<\/p>\n<p>            <a href=\"https:\/\/www.noticiasdealava.eus\/deportes\/2025\/09\/03\/equipos-piden-retirada-israel-vuelta-10040601.html\" title=\"Varios equipos piden la retirada del Israel de la Vuelta por seguridad\" class=\"new__media\" rel=\"nofollow noopener\" target=\"_blank\"><\/p>\n<p>                <img alt=\"Varios equipos piden la retirada del Israel de la Vuelta por seguridad\" data-src=\"https:\/\/www.europesays.com\/es\/wp-content\/uploads\/2025\/09\/0dfaba6c-21f3-4c4c-8db3-e5c4a3bc659b_16-9-aspect-ratio_default_0_x527y265.jpg\" class=\"lozad\"\/><\/p>\n<p>        <\/a><\/p>\n<p>        <a href=\"https:\/\/www.noticiasdealava.eus\/deportes\/2025\/09\/03\/equipos-piden-retirada-israel-vuelta-10040601.html\" title=\"Varios equipos piden la retirada del Israel de la Vuelta por seguridad\" class=\"new__headline\" rel=\"nofollow noopener\" target=\"_blank\"><br \/>\n            Varios equipos piden la retirada del Israel de la Vuelta por seguridad<br \/>\n        <\/a><\/p>\n<p class=\"article-body__text \">\n        Motivado por el emplazamiento en el que se desarrollaba la charla, en la explanada del templo rojiblanco de San Mam\u00e9s, y dada la condici\u00f3n de vasco de Mikel Landa, <strong>el periodista le ha preguntado por cu\u00e1ntas veces hab\u00eda acudido al estadio del Athletic para disfrutar de un partido de f\u00fatbol<\/strong>, dando casi por hecho que el de Murgia es aficionado rojiblanco.\n<\/p>\n<p class=\"article-body__text \">\n        <strong>\u00abTengo que confesar que mi equipo es el Alav\u00e9s, otro equipo vasco\u00bb,<\/strong> dejaba claro Landa ante la pregunta, antes de reconocer que sin embargo s\u00ed hab\u00eda podido acudir en alguna ocasi\u00f3n al estadio del conjunto bilba\u00edno.\n<\/p>\n<p class=\"article-body__text \">\n        <strong>Las reacciones en las redes sociales, sobre todo entre los &#8216;landistas&#8217; y aficionados albiazules<\/strong> no se han hecho esperar. Y es que el ciclista alav\u00e9s es de los que no pasa desapercibido nunca, ni ante los micr\u00f3fonos ni sobre la bicicleta.\n<\/p>\n<blockquote class=\"twitter-tweet\" data-lang=\"es\" wp_automatic_readability=\"6.9144981412639\">\n<p lang=\"es\" dir=\"ltr\">\ud83d\ude01 Even if we start from San Mam\u00e9s, Mikel Landa can&#8217;t hide his colours \ud83d\udc99\ud83e\udd0d<\/p>\n<p>\ud83d\ude05 Aunque salgamos de San Mam\u00e9s, <a href=\"https:\/\/twitter.com\/MikelLandaMeana?ref_src=twsrc%5Etfw\" rel=\"nofollow noopener\" target=\"_blank\">@MikelLandaMeana<\/a> no puede esconder sus colores \ud83d\udc99\ud83e\udd0d <a href=\"https:\/\/twitter.com\/Alaves?ref_src=twsrc%5Etfw\" rel=\"nofollow noopener\" target=\"_blank\">@Alaves<\/a> <a href=\"https:\/\/twitter.com\/hashtag\/LaVuelta25?src=hash&amp;ref_src=twsrc%5Etfw\" rel=\"nofollow noopener\" target=\"_blank\">#LaVuelta25<\/a> <a href=\"https:\/\/t.co\/lGDfsCFMTu\" rel=\"nofollow\">pic.twitter.com\/lGDfsCFMTu<\/a><\/p>\n<p>\u2014 La Vuelta (@lavuelta) <a href=\"https:\/\/twitter.com\/lavuelta\/status\/1963215759846359395?ref_src=twsrc%5Etfw\" rel=\"nofollow noopener\" target=\"_blank\">3 de septiembre de 2025<\/a><\/p><\/blockquote>\n<p class=\"article-body__text \">\n        <strong>Mikel Landa afronta este mi\u00e9rcoles una etapa especial,<\/strong> con salida y llegada en Bilbao, muy cerca de su casa y con la prsencia de muchos seguidores, familiares y amigos en las cunetas de las carreteras por las que circula la etapa de La Vuelta.\n<\/p>\n<blockquote class=\"twitter-tweet\" data-lang=\"es\" wp_automatic_readability=\"4.9461077844311\">\n<p lang=\"es\" dir=\"ltr\">Pintadas de apoyo a Mikel Landa en Navascu\u00e9s<\/p>\n<p>\ud83d\udcf9 V\u00eddeo: Alejandro Reguera <a href=\"https:\/\/t.co\/pI4KKrzbFn\" rel=\"nofollow\">pic.twitter.com\/pI4KKrzbFn<\/a><\/p>\n<p>\u2014 Diario de Noticias (@NoticiasNavarra) <a href=\"https:\/\/twitter.com\/NoticiasNavarra\/status\/1962817487352766689?ref_src=twsrc%5Etfw\" rel=\"nofollow noopener\" target=\"_blank\">2 de septiembre de 2025<\/a><\/p><\/blockquote>\n<p>  \u00abBoicot a Israel\u00bb<\/p>\n<p class=\"article-body__text \">\n        Desde horas antes de la salida de la etapa, cientos de aficionados ha seguido la presentaci\u00f3n de los equipos participantes en la edici\u00f3n de 2025 de La Vuelta y han recorrido la explanada de San Mam\u00e9s, donde han podido ver a los autobuses y coches caravana de los equipos, entre ellos el de<strong> Israel-Premier Tech, en todo momento custodiado por varias furgonetas de la Ertzaintza,<\/strong> as\u00ed como a los ciclistas.\n<\/p>\n<p>            <a href=\"https:\/\/www.noticiasdealava.eus\/politica\/2025\/09\/03\/pradales-entiende-protestas-equipo-israel-10038858.html\" title=\"Pradales entiende las protestas contra el equipo de Israel pero &quot;sin perder el respeto&quot;\" class=\"new__media\" rel=\"nofollow noopener\" target=\"_blank\"><\/p>\n<p>                <img alt=\"Pradales entiende las protestas contra el equipo de Israel pero &quot;sin perder el respeto&quot;\" data-src=\"https:\/\/www.europesays.com\/es\/wp-content\/uploads\/2025\/09\/b811a06c-cd68-4b8e-b109-9ac7a009a39a_16-9-aspect-ratio_default_0.jpg\" class=\"lozad\"\/><\/p>\n<p>        <\/a><\/p>\n<p>        <a href=\"https:\/\/www.noticiasdealava.eus\/politica\/2025\/09\/03\/pradales-entiende-protestas-equipo-israel-10038858.html\" title=\"Pradales entiende las protestas contra el equipo de Israel pero &quot;sin perder el respeto&quot;\" class=\"new__headline\" rel=\"nofollow noopener\" target=\"_blank\"><br \/>\n            Pradales entiende las protestas contra el equipo de Israel pero \u00absin perder el respeto\u00bb<br \/>\n        <\/a><\/p>\n<p class=\"article-body__text \">\n        Durante el recorrido, se han podido ver precisamente a personas con<strong> banderas palestinas y, cuando el pelot\u00f3n circulaba por el Alto de Enekuri en Bilbao minutos antes de las dos menos cuarto de la tarde, se ha tenido que detener<\/strong> porque un grupo peque\u00f1o de personas se ha colocado en medio de la carretera con una pancarta en la que se pod\u00eda leer<strong> \u00abDestroy Israel\u00bb<\/strong> y con banderas de palestina.\n<\/p>\n<blockquote class=\"twitter-tweet\" data-lang=\"es\" wp_automatic_readability=\"6.403162055336\">\n<p lang=\"es\" dir=\"ltr\">\ud83c\udf99\ufe0f El Mikel Landa m\u00e1s &#8216;Landista&#8217;, en <a href=\"https:\/\/twitter.com\/Eurosport_ES?ref_src=twsrc%5Etfw\" rel=\"nofollow noopener\" target=\"_blank\">@Eurosport_ES<\/a>: \u00abSi gano hoy, me puedo retirar tranquilo\u00bb<\/p>\n<p>\u00abEsta semana me ilusiona mucho. Quiero intentarlo desde hoy\u00bb<a href=\"https:\/\/twitter.com\/hashtag\/LaVuelta25?src=hash&amp;ref_src=twsrc%5Etfw\" rel=\"nofollow noopener\" target=\"_blank\">#LaVuelta25<\/a> <a href=\"https:\/\/t.co\/dxm6cwQkvU\" rel=\"nofollow\">pic.twitter.com\/dxm6cwQkvU<\/a><\/p>\n<p>\u2014 Eurosport.es (@Eurosport_ES) <a href=\"https:\/\/twitter.com\/Eurosport_ES\/status\/1963211729803874734?ref_src=twsrc%5Etfw\" rel=\"nofollow noopener\" target=\"_blank\">3 de septiembre de 2025<\/a><\/p><\/blockquote>\n<p class=\"article-body__text \">\n        <strong>Agentes de la polic\u00eda han retirado de la calzada a las personas <\/strong>que portaban la pancarta pero alguno de los activistas ha permanecido algunos minutos m\u00e1s y ha denunciado la actuaci\u00f3n de Israel contra el pueblo palestino.\n<\/p>\n<p class=\"article-body__text \">\n        Finalmente, unos minutos despu\u00e9s, el pelot\u00f3n ha podido <strong>continuar con la carrera que ha continuado con su recorrido y, en algunos puntos, tambi\u00e9n se ha visto<\/strong> mensajes como \u00abBoicot a Israel\u00bb pintados en la carretera.\u00a0\u00a0\n<\/p>\n<p>            <script async src=\"https:\/\/platform.twitter.com\/widgets.js\" charset=\"utf-8\"><\/script><\/p>\n","protected":false},"excerpt":{"rendered":"Cientos de personas han acompa\u00f1ado este mi\u00e9rcoles en San Mam\u00e9s la salida de la 11\u00aa etapa de La&hellip;\n","protected":false},"author":2,"featured_media":91711,"comment_status":"","ping_status":"","sticky":false,"template":"","format":"standard","meta":{"footnotes":""},"categories":[273],"tags":[33427,313,312,168,25,11571,24,12049,5484,2228,23,167],"class_list":{"0":"post-91710","1":"post","2":"type-post","3":"status-publish","4":"format-standard","5":"has-post-thumbnail","7":"category-ciclismo","8":"tag-alavesismo","9":"tag-ciclismo","10":"tag-cycling","11":"tag-deportes","12":"tag-es","13":"tag-esconde","14":"tag-espana","15":"tag-landa","16":"tag-mikel","17":"tag-san","18":"tag-spain","19":"tag-sports"},"share_on_mastodon":{"url":"","error":""},"_links":{"self":[{"href":"https:\/\/www.europesays.com\/es\/wp-json\/wp\/v2\/posts\/91710","targetHints":{"allow":["GET"]}}],"collection":[{"href":"https:\/\/www.europesays.com\/es\/wp-json\/wp\/v2\/posts"}],"about":[{"href":"https:\/\/www.europesays.com\/es\/wp-json\/wp\/v2\/types\/post"}],"author":[{"embeddable":true,"href":"https:\/\/www.europesays.com\/es\/wp-json\/wp\/v2\/users\/2"}],"replies":[{"embeddable":true,"href":"https:\/\/www.europesays.com\/es\/wp-json\/wp\/v2\/comments?post=91710"}],"version-history":[{"count":0,"href":"https:\/\/www.europesays.com\/es\/wp-json\/wp\/v2\/posts\/91710\/revisions"}],"wp:featuredmedia":[{"embeddable":true,"href":"https:\/\/www.europesays.com\/es\/wp-json\/wp\/v2\/media\/91711"}],"wp:attachment":[{"href":"https:\/\/www.europesays.com\/es\/wp-json\/wp\/v2\/media?parent=91710"}],"wp:term":[{"taxonomy":"category","embeddable":true,"href":"https:\/\/www.europesays.com\/es\/wp-json\/wp\/v2\/categories?post=91710"},{"taxonomy":"post_tag","embeddable":true,"href":"https:\/\/www.europesays.com\/es\/wp-json\/wp\/v2\/tags?post=91710"}],"curies":[{"name":"wp","href":"https:\/\/api.w.org\/{rel}","templated":true}]}}