{"id":91726,"date":"2025-09-04T00:14:07","date_gmt":"2025-09-04T00:14:07","guid":{"rendered":"https:\/\/www.europesays.com\/es\/91726\/"},"modified":"2025-09-04T00:14:07","modified_gmt":"2025-09-04T00:14:07","slug":"lo-de-mazon-no-lo-perdonan","status":"publish","type":"post","link":"https:\/\/www.europesays.com\/es\/91726\/","title":{"rendered":"&#8216;Lo de Maz\u00f3n no lo perdonan&#8217;"},"content":{"rendered":"<p>El escritor <a href=\"https:\/\/www.huffingtonpost.es\/virales\/the-times-seria-pregunta-sobre-espana-ver-dos-tuits-perezreverte.html\" target=\"_blank\" rel=\"nofollow noopener\">Arturo P\u00e9rez-Reverte<\/a> ha sido el tercer invitado en la vuelta de El Hormiguero,\u00a0presentado por Pablo Motos, a la televisi\u00f3n tras el habitual par\u00f3n veraniego del programa de Antena 3. Ha repasado algunos temas de actualidad pol\u00edtica y ha presentado su nueva obra, Misi\u00f3n en Par\u00eds.<\/p>\n<p>Uno de los temas que Motos ha dejado sobre la mesa ha sido el partido ultraderechista Vox, pregunt\u00e1ndole qu\u00e9 piensa sobre el partido. Con una tranquilidad caracter\u00edstica de \u00e9l, no se ha cortado en decir lo que piensa y <b>termina llamando \u00abcopia\u00bb a Feij\u00f3o<\/b>. Seg\u00fan ha afirmado el escritor, el partido de Abascal, a diferencia \u00abde PSOE y PP\u00bb s\u00ed tiene ideas, \u00absiniestras para algunos\u00bb.<\/p>\n<p>\u00abEso hace que parezca que haya una ideolog\u00eda potente detr\u00e1s. Vox es el comod\u00edn, beneficia a todos menos al PP. Vox es el pretexto para todo, el gran revulsivo pol\u00edtico y est\u00e1 creciendo mucho por eso\u00bb, ha opinado Reverte. Luego ha mencionado al l\u00edder, Abascal, a quien ha tachado de parecer \u00ab<b>un tipo normal y no demasiado brillante\u00bb<\/b>, pero que tiene una \u00abmaquinaria muy potente debajo, dos o tres cabezas pensantes, alguno muy peligroso\u00bb.<\/p>\n<p>\u00abEs el comod\u00edn de todos menos del PP, <b>el problema est\u00e1 en que Feij\u00f3o tiende m\u00e1s a tomar argumentos de Vox <\/b>y eso es un error, porque la gente acabar\u00e1 votando al original, no a la copia. No es el partido que yo desear\u00eda, pero la gente tiene derecho a votar\u00bb.<\/p>\n<p>\u00abFeij\u00f3o no me gusta como l\u00edder de oposici\u00f3n\u00bb<\/p>\n<p>Por otro lado, cuando le ha preguntado qu\u00e9 opina <a href=\"https:\/\/www.huffingtonpost.es\/virales\/un-grafico-sola-palabra-respuesta-tuit-arturo-perezreverte-arrasa.html\" target=\"_blank\" rel=\"nofollow noopener\">del l\u00edder del PP, Alberto N\u00fa\u00f1ez Feij\u00f3o<\/a>, ha sido muy contundente y claro, a pesar de advertir de que no le cae mal personalmente. \u00abLe tengo aprecio, lo que pasa es que creo que cuando ves su discurso del a\u00f1o 22 y el de ahora te das cuenta de que<b> ha habido un cambio<\/b>\u00ab.<\/p>\n<p>Para Reverte, Feij\u00f3o ser\u00eda <b>\u00abmejor presidente del Gobierno que l\u00edder de la oposici\u00f3n\u00bb<\/b>. \u00abNo me gusta como l\u00edder de oposici\u00f3n, ha dejado apsar oportunidades. Tiene un entorno pol\u00edtico&#8230; Rodeado de brutos, poco competentes, poco eficaces para darle el aura de l\u00edder. Ese carisma de l\u00edder para oponerse a un tipo de la potencia de S\u00e1nchez&#8230; Hac\u00eda falta con el suficiente impulso y coraje para marcarle\u00bb, ha analizado el periodista.<\/p>\n<p>Ha razonado que Feij\u00f3o no ha tenido valor para rescindir a Carlos Maz\u00f3n como presidente de la Comunitat Valenciana por la gesti\u00f3n de la DANA. \u00ab<b>Eso los espa\u00f1oles no lo perdonan\u00bb<\/b>, ha rematado.<\/p>\n","protected":false},"excerpt":{"rendered":"El escritor Arturo P\u00e9rez-Reverte ha sido el tercer invitado en la vuelta de El Hormiguero,\u00a0presentado por Pablo Motos,&hellip;\n","protected":false},"author":2,"featured_media":91727,"comment_status":"","ping_status":"","sticky":false,"template":"","format":"standard","meta":{"footnotes":""},"categories":[91],"tags":[6069,20728,5813,146,147,25,24,5812,6066,23],"class_list":{"0":"post-91726","1":"post","2":"type-post","3":"status-publish","4":"format-standard","5":"has-post-thumbnail","7":"category-entretenimiento","8":"tag-alberto-nunez-feijoo","9":"tag-arturo-perez-reverte","10":"tag-el-hormiguero","11":"tag-entertainment","12":"tag-entretenimiento","13":"tag-es","14":"tag-espana","15":"tag-pablo-motos","16":"tag-partido-popular-pp","17":"tag-spain"},"share_on_mastodon":{"url":"","error":""},"_links":{"self":[{"href":"https:\/\/www.europesays.com\/es\/wp-json\/wp\/v2\/posts\/91726","targetHints":{"allow":["GET"]}}],"collection":[{"href":"https:\/\/www.europesays.com\/es\/wp-json\/wp\/v2\/posts"}],"about":[{"href":"https:\/\/www.europesays.com\/es\/wp-json\/wp\/v2\/types\/post"}],"author":[{"embeddable":true,"href":"https:\/\/www.europesays.com\/es\/wp-json\/wp\/v2\/users\/2"}],"replies":[{"embeddable":true,"href":"https:\/\/www.europesays.com\/es\/wp-json\/wp\/v2\/comments?post=91726"}],"version-history":[{"count":0,"href":"https:\/\/www.europesays.com\/es\/wp-json\/wp\/v2\/posts\/91726\/revisions"}],"wp:featuredmedia":[{"embeddable":true,"href":"https:\/\/www.europesays.com\/es\/wp-json\/wp\/v2\/media\/91727"}],"wp:attachment":[{"href":"https:\/\/www.europesays.com\/es\/wp-json\/wp\/v2\/media?parent=91726"}],"wp:term":[{"taxonomy":"category","embeddable":true,"href":"https:\/\/www.europesays.com\/es\/wp-json\/wp\/v2\/categories?post=91726"},{"taxonomy":"post_tag","embeddable":true,"href":"https:\/\/www.europesays.com\/es\/wp-json\/wp\/v2\/tags?post=91726"}],"curies":[{"name":"wp","href":"https:\/\/api.w.org\/{rel}","templated":true}]}}