{"id":91738,"date":"2025-09-04T00:27:03","date_gmt":"2025-09-04T00:27:03","guid":{"rendered":"https:\/\/www.europesays.com\/es\/91738\/"},"modified":"2025-09-04T00:27:03","modified_gmt":"2025-09-04T00:27:03","slug":"muy-cerca-del-coviran-deseado-por-ramon-diaz","status":"publish","type":"post","link":"https:\/\/www.europesays.com\/es\/91738\/","title":{"rendered":"Muy cerca del Covir\u00e1n deseado por Ram\u00f3n D\u00edaz"},"content":{"rendered":"<p>Ram\u00f3n D\u00edaz est\u00e1 a un solo d\u00eda de iniciar los partidos de preparaci\u00f3n del Covir\u00e1n. Su equipo se estrenar\u00e1 en un amistoso contra el UCAM  &#8230; en Murcia. Su plantilla empieza el rodaje, con las ausencias del lesionado Kljajic y los internacionales Valtonen y Burjanadze. Lo primero, saber si es el equipo que el nuevo entrenador granadino deseaba. <\/p>\n<p class=\"v-p\">\u00abEs la plantilla que yo quer\u00eda dentro de las posibilidades econ\u00f3micas y del presupuesto que tenemos en el club. Est\u00e1 claro que siempre los entrenadores queremos un poquito m\u00e1s, y buscar ese jugador que te pueda subir un poco m\u00e1s el nivel del equipo, pero estoy muy contento\u00bb, explica sin tapujos.<\/p>\n<p class=\"v-p\">D\u00edaz se detiene en sus jugadores por posiciones. \u00abCreo que en en el &#8216;uno&#8217; tenemos dos bases con mucha experiencia. A lo mejor Micah (Speight) no tiene experiencia en ACB, pero es un jugador que ha subido en dos ocasiones desde la Primera FEB a la Liga Endesa, que ha jugado en Francia&#8230;, yo estoy convencido de que va a ser una de las grandes sorpresas de esta temporada. Est\u00e1 entrenando muy bien, estamos todos muy contentos con \u00e9l, se ha adaptado a mi filosof\u00eda al cien por cien y pienso que, y lo vuelvo a repetir, puede ser una de las grandes sorpresas de la temporada en la propia liga\u00bb.<\/p>\n<p class=\"v-p\">De Jonathan Rousselle, comenta que \u00absolo con decir el nombre sobran las palabras. Es un jugador que, aparte de ser querido, ha liderado al Covir\u00e1n en las dos anteriores temporadas, y que tiene una experiencia en la ACB alt\u00edsima. El puesto de bases est\u00e1 m\u00e1s que cubierto\u00bb. <\/p>\n<p class=\"v-p\">Ram\u00f3n D\u00edaz contin\u00faa con el repaso de los escoltas. \u00abEn el puesto de &#8216;dos&#8217; tenemos tres jugadores, a Matt Thomas, que a priori viene para ser la referencia ofensiva y el que tire un poco del carro en el ataque, pero despu\u00e9s disponemos tambi\u00e9n de dos jugadores que creo que pueden sumar mucho. Uno es Jovan Kljajic, un jugador joven que ya jug\u00f3 a excelente nivel en el Gran Canaria, pero que a lo mejor no ha tenido los minutos suficientes como para terminar de dar ese \u00faltimo paso en su juego. Es un jugador que, si me preguntas personalmente, pienso que est\u00e1 muy cerca de romper esa barrera y convertirse en un jugador, a lo mejor, de un equipo que ostente y aspire a m\u00e1s en la clasificaci\u00f3n, por encima de lo que a priori podemos fijarnos nosotros. Y despu\u00e9s est\u00e1 Edu Dur\u00e1n, que ha jugado casi todos sus a\u00f1os en Primera FEB, pero que es un aut\u00e9ntico especialista. Y a m\u00ed los especialistas me encantan, es un aut\u00e9ntico &#8216;shooter&#8217; (tirador), un &#8216;killer&#8217;, sabe que encaja muy bien en el sistema de juego que pretendo. Tambi\u00e9n tiene claro que el d\u00eda que juegue, aunque sean cinco minutos, vamos a jugar para \u00e9l, para que tire. Y puede jugar cinco pero tambi\u00e9n veinticinco. \u00c9l siempre va a estar ah\u00ed como comod\u00edn, para poder ayudarnos en cualquier momento, y abre una mentalidad muy positiva, est\u00e1 entrenando muy bien\u00bb.<\/p>\n<p class=\"v-p\">El t\u00e9cnico granadino trata, a continuaci\u00f3n, de definir la apuesta hecha con los aleros elegidos. \u00abEn el puesto de tres, Elias (Valtonen) y Travis (Munnings) nos van a dar y aumentar el atleticismo del equipo much\u00edsimo. Son dos jugadores con una polivalencia muy alta que, tanto a nivel defensivo como ofensivo, van a hacer que el equipo sea agresivo en ambos lados de la cancha, y que podamos lograr mucho volumen de tiros de tres, especialmente desde la esquina, donde los dos tienen porcentajes de acierto muy elevados en esos tiros. Y adem\u00e1s nos completa la experiencia de Pere Tom\u00e0s\u00bb. <\/p>\n<p class=\"v-p\">En relaci\u00f3n a los interiores, Ram\u00f3n D\u00edaz valora los refuerzos llegados. \u00abEn el puesto de &#8216;cuatro&#8217;, en Beqa (Burjanadze) y Luka (Bozic) impera, al igual que he comentado con los &#8216;tres&#8217;, el f\u00edsico. Ellos van a aumentar la capacidad de energ\u00eda y m\u00fasculo con respecto a a\u00f1os anteriores, todo el nivel f\u00edsico del equipo crece. Ah\u00ed hemos buscado dos jugadores que puedan generar desde el poste bajo, ya que solo tenemos generadores desde el puesto de &#8216;uno&#8217;, para que podamos focalizar y generar desde otra posici\u00f3n. Y por eso destacar\u00eda especialmente la figura de Luka Bozic. Pensamos que, sabiendo utilizarlo desde el poste bajo, podr\u00e1 generar much\u00edsimas situaciones de ventaja, donde el equipo contrario se vea obligado a ayudas. Son p\u00edvots que, sin ser grandes tiradores, terminaron la temporada pasada ambos con m\u00e1s de un 30% de tiros de tres, y con un volumen entre los dos de unos seis y tres lanzamientos, respectivamente, por partido\u00bb.<\/p>\n<p class=\"v-p\">Y, por \u00faltimo, de los jugadores puros de zona, D\u00edaz conf\u00eda en la repuesta de \u00abuna clara referencia como es Zach Hankins, que yo creo que puede ser otro de los jugadores revelaci\u00f3n de la temporada en la competici\u00f3n. Es un jugador que tiene much\u00edsimos recursos\u00bb, quiz\u00e1 destinado a abrir espacios, para bloqueos que aprovechen sus compa\u00f1eros para tirar, distraer al rival e ir a por el rebote, donde tambi\u00e9n Babatunde Olumuyiwa aportar\u00e1 f\u00edsico, m\u00fasculo, energ\u00eda e intimidaci\u00f3n. Eso sin desmerecer a Iv\u00e1n Aurecoechea, el tercer &#8216;center&#8217;, que \u00abnos dar\u00e1 con &#8216;Tunde&#8217; un salto defensivo y una polivalencia defensiva alt\u00edsima. Los dos est\u00e1n capacitados para jugar minutos en los que nos hagan subir lo f\u00edsico\u00bb. <\/p>\n<p>F\u00edsico y triples<\/p>\n<p class=\"v-p\">El entrenador granadino indica que \u00abpor eso, en l\u00edneas generales, hemos mejorado much\u00edsimo el atleticismo del equipo, que era uno de los objetivos que me marqu\u00e9 a la hora de construir la plantilla\u00bb. <\/p>\n<p class=\"v-p\">La idea ser\u00e1 \u00abjugar r\u00e1pido y ese atleticismo nos va a dar la posibilidad, gracias tambi\u00e9n a jugadores con porcentajes altos en el de tiro de tres, donde quiero mucho volumen\u00bb. <\/p>\n<p class=\"v-p\">La plantilla, aclara Ram\u00f3n D\u00edaz, no est\u00e1 creada por \u00e9l en exclusiva. \u00abEs fruto del trabajo colectivo y del equipo interno del Covir\u00e1n, entre Eloy Almaz\u00e1n (director deportivo), \u00d3scar Fern\u00e1ndez-Arenas (presidente), Pablo Garc\u00eda, yo y todo el &#8216;staff&#8217;. Aqu\u00ed hab\u00eda un trabajo muy bueno hecho, porque con el poco tiempo que ten\u00edamos para confeccionar la plantilla para ACB, todos supimos movernos. Cada uno ten\u00eda claro cu\u00e1l era su rol a la hora de la b\u00fasqueda de fichajes, qui\u00e9n ten\u00eda que analizar los datos, los v\u00eddeos, hablaba con los agentes, se encargaba despu\u00e9s de tomar las decisiones&#8230;\u00bb.<\/p>\n<p class=\"v-p\">El preparador matiza que \u00abel mensaje es que la hemos confeccionado entre todos, juntos, en equipo, y realmente puede ser exitosa. Buscamos a los jugadores m\u00e1s interesantes y que el mercado ofrec\u00eda en ese momento para fichar, tenemos jugadores de siete agencias diferentes, no nos fijamos en ninguna en concreto, fuimos a por los mejores\u00bb.<\/p>\n","protected":false},"excerpt":{"rendered":"Ram\u00f3n D\u00edaz est\u00e1 a un solo d\u00eda de iniciar los partidos de preparaci\u00f3n del Covir\u00e1n. Su equipo se&hellip;\n","protected":false},"author":2,"featured_media":91739,"comment_status":"","ping_status":"","sticky":false,"template":"","format":"standard","meta":{"footnotes":""},"categories":[269],"tags":[299,298,3570,3446,168,33434,779,25,24,11082,23,167],"class_list":{"0":"post-91738","1":"post","2":"type-post","3":"status-publish","4":"format-standard","5":"has-post-thumbnail","7":"category-baloncesto","8":"tag-baloncesto","9":"tag-basketball","10":"tag-cerca","11":"tag-coviran","12":"tag-deportes","13":"tag-deseado","14":"tag-diaz","15":"tag-es","16":"tag-espana","17":"tag-ramon","18":"tag-spain","19":"tag-sports"},"share_on_mastodon":{"url":"","error":""},"_links":{"self":[{"href":"https:\/\/www.europesays.com\/es\/wp-json\/wp\/v2\/posts\/91738","targetHints":{"allow":["GET"]}}],"collection":[{"href":"https:\/\/www.europesays.com\/es\/wp-json\/wp\/v2\/posts"}],"about":[{"href":"https:\/\/www.europesays.com\/es\/wp-json\/wp\/v2\/types\/post"}],"author":[{"embeddable":true,"href":"https:\/\/www.europesays.com\/es\/wp-json\/wp\/v2\/users\/2"}],"replies":[{"embeddable":true,"href":"https:\/\/www.europesays.com\/es\/wp-json\/wp\/v2\/comments?post=91738"}],"version-history":[{"count":0,"href":"https:\/\/www.europesays.com\/es\/wp-json\/wp\/v2\/posts\/91738\/revisions"}],"wp:featuredmedia":[{"embeddable":true,"href":"https:\/\/www.europesays.com\/es\/wp-json\/wp\/v2\/media\/91739"}],"wp:attachment":[{"href":"https:\/\/www.europesays.com\/es\/wp-json\/wp\/v2\/media?parent=91738"}],"wp:term":[{"taxonomy":"category","embeddable":true,"href":"https:\/\/www.europesays.com\/es\/wp-json\/wp\/v2\/categories?post=91738"},{"taxonomy":"post_tag","embeddable":true,"href":"https:\/\/www.europesays.com\/es\/wp-json\/wp\/v2\/tags?post=91738"}],"curies":[{"name":"wp","href":"https:\/\/api.w.org\/{rel}","templated":true}]}}