{"id":91778,"date":"2025-09-04T00:56:08","date_gmt":"2025-09-04T00:56:08","guid":{"rendered":"https:\/\/www.europesays.com\/es\/91778\/"},"modified":"2025-09-04T00:56:08","modified_gmt":"2025-09-04T00:56:08","slug":"paris-hija-de-michael-jackson-marca-distancia-de-la-pelicula-biografica-del-rey-del-pop-hay-muchas-mentiras-descaradas-infobae","status":"publish","type":"post","link":"https:\/\/www.europesays.com\/es\/91778\/","title":{"rendered":"Paris, hija de Michael Jackson, marca distancia de la pel\u00edcula biogr\u00e1fica del Rey del Pop: \u201cHay muchas mentiras descaradas\u201d &#8211; Infobae"},"content":{"rendered":"<ol>\n<li><a href=\"https:\/\/news.google.com\/rss\/articles\/CBMi_wFBVV95cUxQXzZTYVBoRXN2QUI4UnFYcEVwcW0tX2RlSVd5bmZoeGxDUHFGcHFzRmpmTGpsekhhaE1OR2NKQUs4UnBpWTZoQV9DYlZfVHIxSFhNWjRLMjBGRUt5U28tT2NDSVBiTThCNGxYYnljVjVmNWk0eGVSQ1pTVDFmVDVIM3lfRTllYy15U2FuRzE1T3Vyb25kU281bjBnT01NQTNsTjVxa0NuU2dyWUFnZ1FDQ1hlRkRfWVRxZ1N0d2QxQkF3S1dkS05sTXE3NENIcDhwaEo0M3dOWTFyTjREbWk5ZVBOdzBERjhiR1h4UC1SbkdIZE1td1lKMHl1ODNVXzjSAZoCQVVfeXFMTnpkQWJKaUdMbTU0V0NJM1lKREpzSXJvMVFtT0pYYXdYNWNHQ3FDLTlHQUNCNlZvQjVLVU5UVWhhdHFBNU8tcVhVeEg5UW9qT0R2X2JjVm56WW9hTkhIZzRVNkE2V0xEeHVHbWU3aFgxTVRpU2trV0R6RzNUU1N5QnZqV2g5dDRkOGJRR1dtRGx4eWdES3BqeXBvSGNzSk9Gc2tJTDN6YlJNU21UVjluZS05ZVlKM2dENEZKaDFGaFJfX1hLSmNhTDNVMXItREdyT1RoMEQ2OVZ6RWVOVEtWVVA0Q3RfYjN6dWRlVmRYaFY0Vmt1NXM4b3ZsdFZMNmRoOTVVTjVVUG9YMlU4b05VMnRJdDRHb183VWdB?oc=5\" target=\"_blank\" rel=\"nofollow noopener\">Paris, hija de Michael Jackson, marca distancia de la pel\u00edcula biogr\u00e1fica del Rey del Pop: \u201cHay muchas mentiras descaradas\u201d<\/a>&nbsp;&nbsp;Infobae<\/li>\n<li><a href=\"https:\/\/news.google.com\/rss\/articles\/CBMi2wFBVV95cUxPYXpRVFF2YUFpTHljYUZXbWhQckFxZ2dORXpURXFTNlFRN2tNanFJMzBuUEhKeXk3M2xMRXd6RS1rWENzTVJmZGlTMDR2X2hWS2hZYzR1UXpHWUQzSjdFRnh2OVN2SkItWS1BcDRhbG9qTUVIVm5ZTmhSVEUxaElhVjZET2VOMnE1VmVhZjZ6azV4bUgxeXY3bzJoWmtoZEZSaVBwSTM3RkZpajgxZkE3UVY5SnQydTJTTEl0cXpFYWhCZVlORVphdGpPMXFFd09JRGc3SThXRDZ3WHM?oc=5\" target=\"_blank\" rel=\"nofollow noopener\">Paris Jackson Calman llam\u00f3 a Domingo, diciendo que no consult\u00f3 la pel\u00edcula biogr\u00e1fica de \u2018Michael\u2019<\/a>&nbsp;&nbsp;noticiashuesca.com<\/li>\n<li><a href=\"https:\/\/news.google.com\/rss\/articles\/CBMiuwFBVV95cUxPTE5sMTk2VHg1cjNXRy02LWl6SVljYjFHQUNFZE5ORjYzbmYtaER1N1czUmZuMlFKOTkyMS1iYzhWVDlaYUR3Q0JOdzlIelpVbzVlNVRYSGNFRVlYYmlrSFhlYWJzcjFKczhZRTZLY1A1SThKY3dsd2p1amZZMmNNWHlRNVBpLVJ2UlFkRDFiNU5hSjZQUTh2eVQ5cjVfSHJpNlotT0FMTEcxd1BLQXpJcUZsdTBPeGdtamt3?oc=5\" target=\"_blank\" rel=\"nofollow noopener\">La pr\u00f3xima pel\u00edcula biogr\u00e1fica de Michael Jackson est\u00e1 &#8216;llena de inexactitudes&#8217;, dice su hija Paris<\/a>&nbsp;&nbsp;Forbes M\u00e9xico<\/li>\n<li><a href=\"https:\/\/news.google.com\/rss\/articles\/CBMiwgFBVV95cUxOX1JtbEQ1RWFuV01lTjAxV3k1M0JMQWp2aUtNMkdGVmk5YmFGZ0JYdkVVRFIyTzhIcTdmWkxuakdLZHQxUnZObmIxTzZkV0VNMlBpS3JsWk9IbUQ2UnIwTXRkVWpQLWluNnJmeXpYM2tybHV1dnM4NmRSMHJfbGpucmw4SWxJOVR2TDBqdnM0SUkwSEJrSC1nMWpsbWFrQ19UcVJ1XzZiLXh3ZDhEZjhzMlhNQWtwNktvWGNoUC1jRDZ3dw?oc=5\" target=\"_blank\" rel=\"nofollow noopener\">Paris Jackson Domico neg\u00f3 ayudar a preparar Domingo para Michael Biopic<\/a>&nbsp;&nbsp;mascipolletti.com.ar<\/li>\n<\/ol>\n","protected":false},"excerpt":{"rendered":"Paris, hija de Michael Jackson, marca distancia de la pel\u00edcula biogr\u00e1fica del Rey del Pop: \u201cHay muchas mentiras&hellip;\n","protected":false},"author":2,"featured_media":90491,"comment_status":"","ping_status":"","sticky":false,"template":"","format":"standard","meta":{"footnotes":""},"categories":[170],"tags":[146,147,25,24,184,185,23],"class_list":{"0":"post-91778","1":"post","2":"type-post","3":"status-publish","4":"format-standard","5":"has-post-thumbnail","7":"category-musica","8":"tag-entertainment","9":"tag-entretenimiento","10":"tag-es","11":"tag-espana","12":"tag-music","13":"tag-musica","14":"tag-spain"},"share_on_mastodon":{"url":"","error":""},"_links":{"self":[{"href":"https:\/\/www.europesays.com\/es\/wp-json\/wp\/v2\/posts\/91778","targetHints":{"allow":["GET"]}}],"collection":[{"href":"https:\/\/www.europesays.com\/es\/wp-json\/wp\/v2\/posts"}],"about":[{"href":"https:\/\/www.europesays.com\/es\/wp-json\/wp\/v2\/types\/post"}],"author":[{"embeddable":true,"href":"https:\/\/www.europesays.com\/es\/wp-json\/wp\/v2\/users\/2"}],"replies":[{"embeddable":true,"href":"https:\/\/www.europesays.com\/es\/wp-json\/wp\/v2\/comments?post=91778"}],"version-history":[{"count":0,"href":"https:\/\/www.europesays.com\/es\/wp-json\/wp\/v2\/posts\/91778\/revisions"}],"wp:featuredmedia":[{"embeddable":true,"href":"https:\/\/www.europesays.com\/es\/wp-json\/wp\/v2\/media\/90491"}],"wp:attachment":[{"href":"https:\/\/www.europesays.com\/es\/wp-json\/wp\/v2\/media?parent=91778"}],"wp:term":[{"taxonomy":"category","embeddable":true,"href":"https:\/\/www.europesays.com\/es\/wp-json\/wp\/v2\/categories?post=91778"},{"taxonomy":"post_tag","embeddable":true,"href":"https:\/\/www.europesays.com\/es\/wp-json\/wp\/v2\/tags?post=91778"}],"curies":[{"name":"wp","href":"https:\/\/api.w.org\/{rel}","templated":true}]}}