{"id":91804,"date":"2025-09-04T01:15:07","date_gmt":"2025-09-04T01:15:07","guid":{"rendered":"https:\/\/www.europesays.com\/es\/91804\/"},"modified":"2025-09-04T01:15:07","modified_gmt":"2025-09-04T01:15:07","slug":"salma-hayek-posa-en-instagram-con-el-bikini-perfecto-para-mujeres-con-mucho-pecho-en-su-59-cumpleanos","status":"publish","type":"post","link":"https:\/\/www.europesays.com\/es\/91804\/","title":{"rendered":"Salma Hayek posa en Instagram con el bikini perfecto para mujeres con mucho pecho en su 59 cumplea\u00f1os"},"content":{"rendered":"<p data-journey-content=\"true\" data-node-id=\"0\" class=\"body-dropcap css-16svq0q emevuu60\">Bandidas, <a href=\"https:\/\/www.harpersbazaar.com\/es\/cultura\/ocio\/a38303301\/house-of-gucci-pelicula-crimen-historia-real-declaraciones-reparto\/\" target=\"_blank\" data-vars-ga-outbound-link=\"https:\/\/www.harpersbazaar.com\/es\/cultura\/ocio\/a38303301\/house-of-gucci-pelicula-crimen-historia-real-declaraciones-reparto\/\" data-vars-ga-ux-element=\"Hyperlink\" data-vars-ga-call-to-action=\"House of Gucci\" data-node-id=\"0.1.1\" class=\"body-link css-156jt4g emevuu60\" rel=\"nofollow noopener\">House of Gucci<\/a>, Solo los tontos se enamoran o Frida son algunos de los t\u00edtulos m\u00e1s sonados de la carrera cinematogr\u00e1fica de <strong data-node-id=\"0.8\"><a href=\"https:\/\/www.harpersbazaar.com\/es\/famosas\/el-estilo-de\/a65871739\/salma-hayek-vestir-negro-pantalones-anchos-corset-mujeres-50-anos\/\" target=\"_blank\" data-vars-ga-outbound-link=\"https:\/\/www.harpersbazaar.com\/es\/famosas\/el-estilo-de\/a65871739\/salma-hayek-vestir-negro-pantalones-anchos-corset-mujeres-50-anos\/\" data-vars-ga-ux-element=\"Hyperlink\" data-vars-ga-call-to-action=\"Salma Hayek \" data-node-id=\"0.8.0\" class=\"body-link css-156jt4g emevuu60\" rel=\"nofollow noopener\">Salma Hayek <\/a><\/strong>que comenz\u00f3 a finales de los 80 y que, a fecha de hoy, es una de las m\u00e1s alabadas e inspiradoras de Hollywood.<strong data-node-id=\"0.10\"> La int\u00e9rprete mexicana ha cumplido 59 a\u00f1os<\/strong> disfrutando de un momento dulce tanto nivel profesional como personal, y as\u00ed lo ha querido mostrar a trav\u00e9s de las redes sociales.<\/p>\n<p data-journey-content=\"true\" data-node-id=\"1\" class=\"css-i9p093 emevuu60\">\u00ab59 vueltas alrededor del sol y \u00a1sigo bailando! Salud por todos ustedes y gracias por el cari\u00f1o!\u00bb. Esas eran las palabras elegidas por<a href=\"https:\/\/www.harpersbazaar.com\/es\/belleza\/pelo-belleza\/a63342463\/salma-hayek-pelo-canas-globo-oro\/\" target=\"_blank\" data-vars-ga-outbound-link=\"https:\/\/www.harpersbazaar.com\/es\/belleza\/pelo-belleza\/a63342463\/salma-hayek-pelo-canas-globo-oro\/\" data-vars-ga-ux-element=\"Hyperlink\" data-vars-ga-call-to-action=\" Salma Hayek\" data-node-id=\"1.1\" class=\"body-link css-156jt4g emevuu60\" rel=\"nofollow noopener\"> Salma Hayek<\/a> para celebrar esta fecha tan se\u00f1alada con la gran legi\u00f3n de fan\u00e1ticos que re\u00fane en Instagram junto a una divertida imagen en la que, copa en mano, posa ante la c\u00e1mara enfundada en un atractivo <strong data-node-id=\"1.3\">traje de ba\u00f1o en color rojo.<\/strong><\/p>\n<p data-journey-content=\"true\" data-node-id=\"3\" class=\"css-i9p093 emevuu60\">Para Hayek el verano todav\u00eda no ha concluido, y esta estampa en en alta mar es el mejor ejemplo. La int\u00e9rprete mexicana ha celebrado su 59 cumplea\u00f1os rodeada de su familia y aprovechando las altas temperaturas, mientras presume de silueta con un<strong data-node-id=\"3.1\"> <a href=\"https:\/\/www.harpersbazaar.com\/es\/moda\/compras\/g61134888\/isabelle-junot-bikini-rojo-favorecedor-todos-cuerpos-mujeres-calzedonia\/\" target=\"_blank\" data-vars-ga-outbound-link=\"https:\/\/www.harpersbazaar.com\/es\/moda\/compras\/g61134888\/isabelle-junot-bikini-rojo-favorecedor-todos-cuerpos-mujeres-calzedonia\/\" data-vars-ga-ux-element=\"Hyperlink\" data-vars-ga-call-to-action=\"bikini rojo\" data-node-id=\"3.1.1\" class=\"body-link css-156jt4g emevuu60\" rel=\"nofollow noopener\">bikini rojo<\/a><\/strong><a href=\"https:\/\/www.harpersbazaar.com\/es\/moda\/compras\/g61134888\/isabelle-junot-bikini-rojo-favorecedor-todos-cuerpos-mujeres-calzedonia\/\" target=\"_blank\" data-vars-ga-outbound-link=\"https:\/\/www.harpersbazaar.com\/es\/moda\/compras\/g61134888\/isabelle-junot-bikini-rojo-favorecedor-todos-cuerpos-mujeres-calzedonia\/\" data-vars-ga-ux-element=\"Hyperlink\" data-vars-ga-call-to-action=\",\" data-node-id=\"3.2\" class=\"body-link css-156jt4g emevuu60\" rel=\"nofollow noopener\">,<\/a> atractivo y favorecedor que amaran<a href=\"https:\/\/www.harpersbazaar.com\/es\/moda\/compras\/g32593633\/bikinis-banadores-pecho-grande-comodos-copas-aro-sujecion\/\" target=\"_blank\" data-vars-ga-outbound-link=\"https:\/\/www.harpersbazaar.com\/es\/moda\/compras\/g32593633\/bikinis-banadores-pecho-grande-comodos-copas-aro-sujecion\/\" data-vars-ga-ux-element=\"Hyperlink\" data-vars-ga-call-to-action=\" las mujeres con mucho pecho\" data-node-id=\"3.4\" class=\"body-link css-156jt4g emevuu60\" rel=\"nofollow noopener\"> las mujeres con mucho pecho<\/a> porque es el <strong data-node-id=\"3.6\">perfecto equilibrio entre elegancia y confort.<\/strong><\/p>\n<p data-journey-content=\"true\" data-node-id=\"5\" class=\"css-i9p093 emevuu60\">Salma Hayek ha elegido un dos piezas con braguita cl\u00e1sica con fruncido que ofrece una gran sujeci\u00f3n, el mismo detalle que mantiene el top de tirantes finos ajustables y corte recto y que permite adaptarse a la perfecci\u00f3n al cuerpo para una gran sujeci\u00f3n. Dos aspectos indiscutibles para quienes cuentan con una talla de pecho por encima de la media, y buscan un traje de ba\u00f1o con el que sentirse c\u00f3moda y favorecida en el momento en el que te lo vayas a poner para pisar la arena. <\/p>\n<p data-journey-content=\"true\" data-node-id=\"6\" class=\"css-i9p093 emevuu60\">Si algo ha demostrado Salma Hayek con el paso de los a\u00f1os es que conoce a la perfecci\u00f3n <a href=\"https:\/\/www.harpersbazaar.com\/es\/famosas\/el-estilo-de\/a64755795\/salma-hayek-cuerpo-banador-58-anos-talla-siempre-sufro\/\" target=\"_blank\" data-vars-ga-outbound-link=\"https:\/\/www.harpersbazaar.com\/es\/famosas\/el-estilo-de\/a64755795\/salma-hayek-cuerpo-banador-58-anos-talla-siempre-sufro\/\" data-vars-ga-ux-element=\"Hyperlink\" data-vars-ga-call-to-action=\"su cuerpo\" data-node-id=\"6.1\" class=\"body-link css-156jt4g emevuu60\" rel=\"nofollow noopener\">su cuerpo<\/a> y sabe con exactitud cu\u00e1les son <strong data-node-id=\"6.3\">los patrones y las siluetas que m\u00e1s le favorecen<\/strong>, tanto en la alfombra roja como en las salidas informales o, en este caso, las visitas a la playa.<\/p>\n<p>Contenidos relacionados<\/p>\n","protected":false},"excerpt":{"rendered":"Bandidas, House of Gucci, Solo los tontos se enamoran o Frida son algunos de los t\u00edtulos m\u00e1s sonados&hellip;\n","protected":false},"author":2,"featured_media":91805,"comment_status":"","ping_status":"","sticky":false,"template":"","format":"standard","meta":{"footnotes":""},"categories":[174],"tags":[255,253,146,147,25,24,256,23],"class_list":{"0":"post-91804","1":"post","2":"type-post","3":"status-publish","4":"format-standard","5":"has-post-thumbnail","7":"category-famosos","8":"tag-celebrities","9":"tag-discover","10":"tag-entertainment","11":"tag-entretenimiento","12":"tag-es","13":"tag-espana","14":"tag-famosos","15":"tag-spain"},"share_on_mastodon":{"url":"","error":""},"_links":{"self":[{"href":"https:\/\/www.europesays.com\/es\/wp-json\/wp\/v2\/posts\/91804","targetHints":{"allow":["GET"]}}],"collection":[{"href":"https:\/\/www.europesays.com\/es\/wp-json\/wp\/v2\/posts"}],"about":[{"href":"https:\/\/www.europesays.com\/es\/wp-json\/wp\/v2\/types\/post"}],"author":[{"embeddable":true,"href":"https:\/\/www.europesays.com\/es\/wp-json\/wp\/v2\/users\/2"}],"replies":[{"embeddable":true,"href":"https:\/\/www.europesays.com\/es\/wp-json\/wp\/v2\/comments?post=91804"}],"version-history":[{"count":0,"href":"https:\/\/www.europesays.com\/es\/wp-json\/wp\/v2\/posts\/91804\/revisions"}],"wp:featuredmedia":[{"embeddable":true,"href":"https:\/\/www.europesays.com\/es\/wp-json\/wp\/v2\/media\/91805"}],"wp:attachment":[{"href":"https:\/\/www.europesays.com\/es\/wp-json\/wp\/v2\/media?parent=91804"}],"wp:term":[{"taxonomy":"category","embeddable":true,"href":"https:\/\/www.europesays.com\/es\/wp-json\/wp\/v2\/categories?post=91804"},{"taxonomy":"post_tag","embeddable":true,"href":"https:\/\/www.europesays.com\/es\/wp-json\/wp\/v2\/tags?post=91804"}],"curies":[{"name":"wp","href":"https:\/\/api.w.org\/{rel}","templated":true}]}}