{"id":91866,"date":"2025-09-04T02:05:07","date_gmt":"2025-09-04T02:05:07","guid":{"rendered":"https:\/\/www.europesays.com\/es\/91866\/"},"modified":"2025-09-04T02:05:07","modified_gmt":"2025-09-04T02:05:07","slug":"lady-gaga-graba-un-video-musical-dirigido-por-tim-burton-en-la-isla-de-las-munecas-en-ciudad-de-mexico","status":"publish","type":"post","link":"https:\/\/www.europesays.com\/es\/91866\/","title":{"rendered":"Lady Gaga graba un video musical dirigido por Tim Burton en la isla de las Mu\u00f1ecas en Ciudad de M\u00e9xico"},"content":{"rendered":"<p class=\"\">El director <a href=\"https:\/\/elpais.com\/mexico\/2025-06-24\/el-cerro-de-tepozteco-y-las-chinampas-de-xochimilco-tim-burton-se-pasea-por-mexico.html\" target=\"_self\" rel=\"nofollow noopener\" title=\"https:\/\/elpais.com\/mexico\/2025-06-24\/el-cerro-de-tepozteco-y-las-chinampas-de-xochimilco-tim-burton-se-pasea-por-mexico.html\">Tim Burton<\/a> encontr\u00f3 en Xochimilco el escenario para grabar el video musical que acaba de estrenar para acompa\u00f1ar al sencillo The dead dance de la cantante estadounidense Lady Gaga. El tema, que se incluye en su \u00faltimo disco Mayhem publicado en marzo de 2025, transcurre en la isla de las Mu\u00f1ecas, en Xochimilco, al sur de Ciudad de M\u00e9xico. El nombre del cayo es literal: en ramas, paredes y bardas de la casa de la isla yacen miles de mu\u00f1ecas de todos los tama\u00f1os. De algunas solo quedan las cabezas con sus pesta\u00f1as y sus ojos. <\/p>\n<p class=\"\">En blanco y negro, Lady Gaga baila una coreograf\u00eda que recuerda al \u00e9xito Thriller de Michael Jackson, en medio de un paisaje con tintes siniestros en el que las mu\u00f1ecas se mueven y pesta\u00f1ean. Solo al final, aparecen im\u00e1genes en un color vibrante.<\/p>\n<p class=\"\">El ic\u00f3nico director de cine se pase\u00f3 en las \u00faltimas semanas de junio por los conocidos canales de Xochimilco en una trajinera y visit\u00f3 el pueblo m\u00e1gico de Tepoztl\u00e1n, en el Estado mexicano de Morelos. Su visita tom\u00f3 por sorpresa a la gente, pero coincid\u00eda con la <a href=\"https:\/\/elpais.com\/mexico\/2025-06-25\/en-el-laberinto-de-tim-burton-es-como-entrar-en-su-mente.html\" target=\"_blank\" rel=\"noreferrer nofollow noopener\" title=\"https:\/\/elpais.com\/mexico\/2025-06-25\/en-el-laberinto-de-tim-burton-es-como-entrar-en-su-mente.html\">inauguraci\u00f3n de la exposici\u00f3n El Laberinto<\/a>, dedicada a Burton que se present\u00f3 cerca de Chapultepec, en el centro de la capital. La muestra recreaba y permit\u00eda recorrer algunos de los escenarios m\u00e1s ic\u00f3nicos de sus pel\u00edculas, as\u00ed como mirar de cerca a los personajes de El joven manos de tijeras o El extra\u00f1o mundo de Jack, entre otros. <\/p>\n<p class=\"\">Varias fotos de Burton en Tepoztl\u00e1n tomaron vuelo en redes sociales. El director pos\u00f3 junto a la Parroquia de la Natividad de Mar\u00eda, con un danzante chinelo con su vestimenta t\u00edpica o con alg\u00fan admirador que logr\u00f3 reconocerlo. Sin embargo, <a href=\"https:\/\/elpais.com\/eps\/2024-01-25\/xochimilco-el-lago-magico-donde-se-dan-la-mano-turismo-sostenibilidad-y-floclore.html\" target=\"_blank\" rel=\"noreferrer nofollow noopener\" title=\"https:\/\/elpais.com\/eps\/2024-01-25\/xochimilco-el-lago-magico-donde-se-dan-la-mano-turismo-sostenibilidad-y-floclore.html\">de Xochimilco<\/a> solo apareci\u00f3 una fotograf\u00eda en la que el director pisaba tierra firme y, tras \u00e9l, se ve\u00eda una trajinera, una de las tradicionales barcas de fondo plano que se usa para recorrer los canales.<\/p>\n<p class=\"\">Unos dos meses antes de la visita de Burton a M\u00e9xico, <a href=\"https:\/\/elpais.com\/mexico\/2025-04-26\/katy-perry-y-lady-gaga-mexico-escenifica-la-ultima-gran-batalla-del-pop.html\" target=\"_blank\" rel=\"noreferrer nofollow noopener\" title=\"https:\/\/elpais.com\/mexico\/2025-04-26\/katy-perry-y-lady-gaga-mexico-escenifica-la-ultima-gran-batalla-del-pop.html\">Lady Gaga se present\u00f3 en el Estadio GNP luego de 13 a\u00f1os<\/a> de ausentarse en los escenarios mexicanos. La estrella del pop public\u00f3 en marzo de este a\u00f1o su \u00faltimo disco Mayhem, en el que participaron Andrew Watt -quien ha trabajado con Justin Bieber y Miley Cyrus-, Cirkut y Gesaffelstein, como productores y compositores. Durante la presentaci\u00f3n, Gaga mencion\u00f3 que la capital mexicana guarda un lugar especial en su coraz\u00f3n, ya que fue esta la ciudad en la que culmin\u00f3 su primera gira de estadios, en 2011, con el disco Monster Ball. <\/p>\n<p class=\"\">La cr\u00edtica fue positiva para el octavo disco de Gaga. La revista Rolling Stones celebr\u00f3 el retorno a sus ra\u00edces pop sin caer en la nostalgia y aseguraba que se mostraba m\u00e1s aut\u00e9ntica que nunca. En al menos 23 pa\u00edses alcanz\u00f3 el primer puesto de ventas, como Argentina, Australia, Canad\u00e1, Estados Unidos, Italia, Irlanda, Reino Unido, Portugal y Suiza, por mencionar algunos. En <a href=\"https:\/\/elpais.com\/tecnologia\/2025-05-16\/por-que-es-mejor-no-escuchar-las-listas-de-spotify.html\" target=\"_blank\" rel=\"noreferrer nofollow noopener\" title=\"https:\/\/elpais.com\/tecnologia\/2025-05-16\/por-que-es-mejor-no-escuchar-las-listas-de-spotify.html\">Spotify<\/a>, registr\u00f3 m\u00e1s de 45 millones de reproducciones en su estreno.<\/p>\n<p>Los muertos bailan<\/p>\n<p class=\"\">En The dead dance, Lady Gaga lleva un vestido blanco con mangas largas y abombadas de una tela tipo organza. La falda cae en tres capas y de todas partes cuelgan pedazos largos de tela. El pelo rizado y amarrado en dos chongos a cada lado de la cabeza; el rostro cubierto de cicatrices y marcas, como las que se forman en la tierra a falta de agua. Las mu\u00f1ecas de la isla parpadean y mueven los ojos. Una que otra mueve los brazos y las caderas, otras solo sonr\u00eden. La isla de las Mu\u00f1ecas ha sido el escenario elegido para el \u00faltimo trabajo en conjunto de los dos artistas, que han amasado su carrera alrededor de la teatralidad terror\u00edfica.<\/p>\n","protected":false},"excerpt":{"rendered":"El director Tim Burton encontr\u00f3 en Xochimilco el escenario para grabar el video musical que acaba de estrenar&hellip;\n","protected":false},"author":2,"featured_media":91867,"comment_status":"","ping_status":"","sticky":false,"template":"","format":"standard","meta":{"footnotes":""},"categories":[170],"tags":[889,177,11365,27959,146,147,25,24,256,4643,1804,1906,184,185,23,21469,33457],"class_list":{"0":"post-91866","1":"post","2":"type-post","3":"status-publish","4":"format-standard","5":"has-post-thumbnail","7":"category-musica","8":"tag-america","9":"tag-cine","10":"tag-cine-terror","11":"tag-ciudad-de-mexico","12":"tag-entertainment","13":"tag-entretenimiento","14":"tag-es","15":"tag-espana","16":"tag-famosos","17":"tag-lady-gaga","18":"tag-latinoamerica","19":"tag-mexico","20":"tag-music","21":"tag-musica","22":"tag-spain","23":"tag-tim-burton","24":"tag-videos-musicales"},"share_on_mastodon":{"url":"","error":""},"_links":{"self":[{"href":"https:\/\/www.europesays.com\/es\/wp-json\/wp\/v2\/posts\/91866","targetHints":{"allow":["GET"]}}],"collection":[{"href":"https:\/\/www.europesays.com\/es\/wp-json\/wp\/v2\/posts"}],"about":[{"href":"https:\/\/www.europesays.com\/es\/wp-json\/wp\/v2\/types\/post"}],"author":[{"embeddable":true,"href":"https:\/\/www.europesays.com\/es\/wp-json\/wp\/v2\/users\/2"}],"replies":[{"embeddable":true,"href":"https:\/\/www.europesays.com\/es\/wp-json\/wp\/v2\/comments?post=91866"}],"version-history":[{"count":0,"href":"https:\/\/www.europesays.com\/es\/wp-json\/wp\/v2\/posts\/91866\/revisions"}],"wp:featuredmedia":[{"embeddable":true,"href":"https:\/\/www.europesays.com\/es\/wp-json\/wp\/v2\/media\/91867"}],"wp:attachment":[{"href":"https:\/\/www.europesays.com\/es\/wp-json\/wp\/v2\/media?parent=91866"}],"wp:term":[{"taxonomy":"category","embeddable":true,"href":"https:\/\/www.europesays.com\/es\/wp-json\/wp\/v2\/categories?post=91866"},{"taxonomy":"post_tag","embeddable":true,"href":"https:\/\/www.europesays.com\/es\/wp-json\/wp\/v2\/tags?post=91866"}],"curies":[{"name":"wp","href":"https:\/\/api.w.org\/{rel}","templated":true}]}}