{"id":91882,"date":"2025-09-04T02:23:10","date_gmt":"2025-09-04T02:23:10","guid":{"rendered":"https:\/\/www.europesays.com\/es\/91882\/"},"modified":"2025-09-04T02:23:10","modified_gmt":"2025-09-04T02:23:10","slug":"la-fifa-impide-al-athletic-inscribir-a-laporte-jugador-del-al-nassr-a-la-espera-del-recurso","status":"publish","type":"post","link":"https:\/\/www.europesays.com\/es\/91882\/","title":{"rendered":"La FIFA impide al Athletic inscribir a Laporte, jugador del Al-Nassr a la espera del recurso"},"content":{"rendered":"<p>La FIFA dio este mi\u00e9rcoles un dur\u00edsimo golpe al proyecto deportivo del Athletic cuando comunic\u00f3 al club rojiblanco que no tramita la ficha de Aymeric  &#8230; Laporte (Agen, Francia, 31 a\u00f1os), noticia adelantada en exclusiva a primera hora de la tarde por EL CORREO y confirmada despu\u00e9s por el club rojiblanco en un comunicado en el que da sus esperadas primeras explicaciones sobre el pol\u00e9mico caso. <\/p>\n<p>\nEl contrato inclu\u00eda una cl\u00e1usula por la que si no se produc\u00eda el transfer quedaba anulado, como as\u00ed ha sucedido\n<\/p>\n<p class=\"v-p\">La FIFA resuelve que una de las partes ha metido fuera de plazo la documentaci\u00f3n en el Sistema de Correlaci\u00f3n de Transferencias (TSM, por sus siglas en ingl\u00e9s). Se trata de una plataforma &#8216;online&#8217; para certificar los traspasos internacionales. Cuando se hace una operaci\u00f3n, el vendedor y el comprador suben los datos (rescisi\u00f3n del contrato, el que ha firmado con su nuevo club y el acuerdo de traspaso entre las dos entidades). Si ambas versiones coinciden, se da el ok. <\/p>\n<p class=\"v-p\">La coordinaci\u00f3n y la rapidez son cruciales cuando se hacen fichajes sobre la bocina como el de Laporte porque el proceso de subir los papeles es complejo y supone en torno a hora y media. \u00abSon momentos muy estresantes\u00bb, resumi\u00f3 ante este peri\u00f3dico un abogado que cerr\u00f3 esa misma noche una operaci\u00f3n veinte minutos antes del cierre. El problema es que hay un plazo estricto (a las 23.59.59 del lunes) que una de las partes no cumpli\u00f3 con Laporte.<\/p>\n<p class=\"v-p\">Fue el Al-Nassr el que introdujo tarde la documentaci\u00f3n, bien por un error o por saldar cuentas pendientes con el jugador o mostrar su malestar al trato recibido por el Athletic. <\/p>\n<p class=\"v-p\">Los rojiblancos, a cambio, la facilitaron en hora a LaLiga, tal y como qued\u00f3 claro cuando desde la propia patronal de los clubes se dio por hecho la misma noche del cierre del mercado el regreso de Laporte ocho a\u00f1os y medio despu\u00e9s, aunque se rectific\u00f3 al poco.<\/p>\n<p class=\"v-p\">El Athletic protagonizar\u00e1 un \u00faltimo y desesperado intento por solucionar la situaci\u00f3n y dar a Ernesto Valverde una plantilla en el curso Champions con tres centrales del primer equipo. El entrenador est\u00e1 muy en precario ante su curso m\u00e1s exigente. El club lo hab\u00eda fiado todo al retorno del franc\u00e9s y le deja al entrenador un flanco muy d\u00e9bil con Vivi\u00e1n y Paredes como \u00fanicos centrales.<\/p>\n<p class=\"v-p\">Tal y como indic\u00f3 en su comunicado, Ibaigane \u00absigue trabajando para llevar a buen fin la voluntad de las tres partes (Al-Nassr, jugador y Athletic) y est\u00e1 estudiando todas las posibilidades dentro del marco legal existente\u00bb. Es una forma de anunciar un recurso.<\/p>\n<p>Apelar en vano<\/p>\n<p class=\"v-p\">Con la ayuda de la Federaci\u00f3n Espa\u00f1ola, el club rojiblanco apel\u00f3 en vano ante la FIFA que la culpa no era suya y pidieron aplicar la denominada &#8216;excepci\u00f3n de validaci\u00f3n&#8217;, que recoge que una ficha es admitida si se entiende que no ha sido admitida por un fallo de la otra parte.<\/p>\n<p class=\"v-p\">En sus pr\u00f3ximos pasos legales el Athletic necesita la colaboraci\u00f3n del Al-Nassr. Eso explica el especial cuidado que puso el club rojiblanco en no atribuir a los saud\u00edes la responsabilidad del fracaso de la operaci\u00f3n.<\/p>\n<p>\nLos saud\u00edes fueron los que subieron tarde los documentos, pero el Athletic elude se\u00f1alarles en su comunicado\n<\/p>\n<p class=\"v-p\">La junta directiva dice que por su parte el trabajo estaba hecho. \u00abEl Athletic subi\u00f3 a la plataforma TMS de FIFA la solicitud de transferencia el 1 de septiembre\u00bb. Eso s\u00ed, aclara que \u00abno pudo completarse en su totalidad en dicha fecha por razones ajenas a su voluntad y por factores externos fuera de su control\u00bb. Se trata de una leve alusi\u00f3n a los saud\u00edes.<\/p>\n<p class=\"v-p\">Las opciones legales de los rojiblancos pasan por ir al juez \u00fanico de la FIFA, pero en casos anteriores ha tardado en torno a mes y medio en pronunciarse y adem\u00e1s no ha dado la raz\u00f3n a los demandantes. La siguiente instancia es el Tribunal de Arbitraje Deportivo (TAS) del COI, pero aqu\u00ed el plazo se va a alrededor de tres meses. Y los antecedentes de sus resoluciones tampoco animan.<\/p>\n<p><a href=\"http:\/\/www.elcorreo.com\/athletic\/comunicado-athletic-sobre-laporte-acuerdos-20250903170459-nt.html#vtm_modulosEngag=mod-rel:athletic:noticia:1:cmp:1-not\" class=\"v-a-link\" aria-label=\"Imagen\" rel=\"nofollow noopener\" target=\"_blank\"><\/p>\n<p><img decoding=\"async\" loading=\"lazy\" src=\"https:\/\/www.europesays.com\/es\/wp-content\/uploads\/2025\/09\/laporte-no-inscripcion-athletic-kf1H--366x256@El Correo.jpg\" class=\"v-a-img\" width=\"258\" height=\"180\" alt=\"\" data-voc-vtm-id=\"in-text-traffic\"\/><\/p>\n<p><\/a><\/p>\n<p class=\"v-p\">El Athletic y el Al-Nassr alcanzaron el \u00faltimo d\u00eda de mercado un acuerdo sobre el traspaso de Laporte. Este peri\u00f3dico revel\u00f3 que los rojiblancos aceptaron pagar un traspaso de diez millones y adem\u00e1s firmar un contrato de tres a\u00f1os al jugador a cambio de algo m\u00e1s de cuatro millones netos por campa\u00f1a.<\/p>\n<p class=\"v-p\">Nada de eso tiene validez a estas horas. El Athletic no ha perdido 10 millones en la frustrada operaci\u00f3n Laporte. El contrato recog\u00eda una cl\u00e1usula por la cual el trato quedaba invalidado si no se produc\u00eda el transfer internacional, tal y como ha sucedido.<\/p>\n<p class=\"v-p\">Es una cl\u00e1usula muy habitual en estos contratos. El propio Athletic apunta su existencia cuando indica que \u00abde no producirse finalmente la incorporaci\u00f3n de Laporte, los acuerdos quedan sin efectos de ning\u00fan tipo entre las partes\u00bb.<\/p>\n<p class=\"v-p\">\u00bfY qu\u00e9 ser\u00e1 de Laporte? El central internacional lleg\u00f3 hace unos d\u00edas a Bilbao con la confianza de que en breve ser\u00eda presentado y se pondr\u00eda a entrenar en Lezama. Pero la resoluci\u00f3n significa que no puede jugar con el Athletic en competiciones nacionales hasta que se abra el mercado de invierno el 1 de enero y en la Champions debe esperar a las eliminatorias posteriores a la liguilla.<\/p>\n<p class=\"v-p\">La lista europea fue entregada antes de la medianoche del martes, pero el Athletic incluy\u00f3 en ella una salvedad. Hab\u00eda una reclamaci\u00f3n ante la FIFA para poder incluir en ella a Laporte. S\u00f3lo tras conocer la negativa del gobierno del f\u00fatbol mundial Ibaigane dio a conocerla. No esta en ella Laporte, y Valverde incluye en ella a dos centrales del filial, Jon de Luis (ya convocado en Liga) y el debutante Ander Izagirre.<\/p>\n<p>Jugador del Al-Nassr<\/p>\n<p class=\"v-p\">La realidad es que a estas horas Laporte sigue siendo jugador del Al-Nassr. Como los saud\u00edes no metieron en hora su documentaci\u00f3n para llevar a cabo la operaci\u00f3n, ninguno de los acuerdos anteriores es v\u00e1lido. Un abogado explic\u00f3 ayer que el contrato de un jugador se extingue cuando se ejecuta el transfer y sus derechos pasan a otro club. Como eso no ha sucedido, el central tiene un a\u00f1o m\u00e1s de contrato con los saud\u00edes a cambio de 25 millones de euros.<\/p>\n<p class=\"v-p\">Y aqu\u00ed los \u00e1rabes se encuentran con un serio problema. Las normas de su Liga indican que s\u00f3lo pueden tener ocho extranjeros. Y a una semana de que se cierre su mercado tienen diez. Sobran dos y el jugador podr\u00eda incluso denunciarlos ante la FIFA.<\/p>\n<p class=\"v-p\">Laporte se tendr\u00e1 que incorporar de nuevo al club saud\u00ed al acabar el par\u00f3n por las selecciones a no ser que en los pr\u00f3ximos d\u00edas se desatasque la operaci\u00f3n, opci\u00f3n que el Athletic mantiene en pie.<\/p>\n<p class=\"v-p\">La impresi\u00f3n es que los dos clubes y el jugador se ven obligados a buscar una soluci\u00f3n en forma de una nueva negociaci\u00f3n para resolver el caso.<\/p>\n","protected":false},"excerpt":{"rendered":"La FIFA dio este mi\u00e9rcoles un dur\u00edsimo golpe al proyecto deportivo del Athletic cuando comunic\u00f3 al club rojiblanco&hellip;\n","protected":false},"author":2,"featured_media":91883,"comment_status":"","ping_status":"","sticky":false,"template":"","format":"standard","meta":{"footnotes":""},"categories":[268],"tags":[168,25,24,14013,280,282,3249,2179,1350,281,23,167],"class_list":{"0":"post-91882","1":"post","2":"type-post","3":"status-publish","4":"format-standard","5":"has-post-thumbnail","7":"category-futbol","8":"tag-deportes","9":"tag-es","10":"tag-espana","11":"tag-fifa","12":"tag-football","13":"tag-futbol","14":"tag-inscripcion","15":"tag-laporte","16":"tag-rechaza","17":"tag-soccer","18":"tag-spain","19":"tag-sports"},"share_on_mastodon":{"url":"","error":""},"_links":{"self":[{"href":"https:\/\/www.europesays.com\/es\/wp-json\/wp\/v2\/posts\/91882","targetHints":{"allow":["GET"]}}],"collection":[{"href":"https:\/\/www.europesays.com\/es\/wp-json\/wp\/v2\/posts"}],"about":[{"href":"https:\/\/www.europesays.com\/es\/wp-json\/wp\/v2\/types\/post"}],"author":[{"embeddable":true,"href":"https:\/\/www.europesays.com\/es\/wp-json\/wp\/v2\/users\/2"}],"replies":[{"embeddable":true,"href":"https:\/\/www.europesays.com\/es\/wp-json\/wp\/v2\/comments?post=91882"}],"version-history":[{"count":0,"href":"https:\/\/www.europesays.com\/es\/wp-json\/wp\/v2\/posts\/91882\/revisions"}],"wp:featuredmedia":[{"embeddable":true,"href":"https:\/\/www.europesays.com\/es\/wp-json\/wp\/v2\/media\/91883"}],"wp:attachment":[{"href":"https:\/\/www.europesays.com\/es\/wp-json\/wp\/v2\/media?parent=91882"}],"wp:term":[{"taxonomy":"category","embeddable":true,"href":"https:\/\/www.europesays.com\/es\/wp-json\/wp\/v2\/categories?post=91882"},{"taxonomy":"post_tag","embeddable":true,"href":"https:\/\/www.europesays.com\/es\/wp-json\/wp\/v2\/tags?post=91882"}],"curies":[{"name":"wp","href":"https:\/\/api.w.org\/{rel}","templated":true}]}}