{"id":91884,"date":"2025-09-04T02:24:05","date_gmt":"2025-09-04T02:24:05","guid":{"rendered":"https:\/\/www.europesays.com\/es\/91884\/"},"modified":"2025-09-04T02:24:05","modified_gmt":"2025-09-04T02:24:05","slug":"es-mi-amiga-pero-yo-quiero-ganar","status":"publish","type":"post","link":"https:\/\/www.europesays.com\/es\/91884\/","title":{"rendered":"\u2018Es mi amiga, pero yo quiero ganar\u2019"},"content":{"rendered":"<p id=\"ePsSBH-hw2\" data-wc=\"70\"><strong>Joaqu\u00edn Prat\u00a0<\/strong>arranca el curso con una nueva misi\u00f3n: convertirse en el rey de las tardes. Ser\u00e1 e lpr\u00f3ximo lunes 8 cuando<a class=\"hm-link\" href=\"https:\/\/www.hola.com\/actualidad\/20250731847671\/joaquin-pratdespedida-reaccion-de-patricia-pardo-sin-pelos-en-la-lengua\/\" data-mrf-recirculation=\"article-body-link\" rel=\"nofollow noopener\" target=\"_blank\"> estrene su nuevo programa<\/a> en Telecinco, El tiempo justo, con el que promete poner \u201ctoda la carne en el asador\u201d, como el propio comunicador asegura a \u00a1HOLA!. \u201cTiene actualidad, entretenimiento y reality, que nadie hace los hace como Mediaset. Luego, vamos a estar mucho en la calle\u201d, a\u00f1ade.<\/p>\n<p> <img src=\"https:\/\/www.europesays.com\/es\/wp-content\/uploads\/2025\/09\/2fc0da32a4e1-jaa6506.jpg\"   width=\"1024\" height=\"682\" loading=\"lazy\" decoding=\"async\" alt=\"Joaqu\u00edn Prat\" fetchpriority=\"auto\" class=\"image ho-image\"\/>\u00a9 JAVIER ALONSO<\/p>\n<p id=\"ecxCc8_Zmh\" data-wc=\"109\">S\u00f3lo hace falta tener cierta edad para darse cuenta de que el nombre de este nuevo magac\u00edn contiene un gui\u00f1o muy especial para Joaqu\u00edn. \u201cObviamente, al programa que marc\u00f3 una \u00e9poca, El precio justo, y con el que mi padre se meti\u00f3 en la casa de 32 millones de espa\u00f1oles\u201d, expresa.<strong>\u00a0\u201cCuando me dijeron el nombre, se me puso la carne de gallina. Me encanta, es muy bonito.\u00a0<\/strong>Cuando llam\u00e9 a mi madre para cont\u00e1rselo, le encant\u00f3. Me dijo: \u2018Ya era horra, ya era horra\u2019, cuenta a \u00a1HOLA! con gracia, mientras imita el marcado acento dan\u00e9s de<a class=\"hm-link\" href=\"https:\/\/www.hola.com\/actualidad\/20250625840170\/el-desgarrador-testimonio-de-la-viuda-de-joaquin-prat-sobre-su-hijo\/\" data-mrf-recirculation=\"article-body-link\" rel=\"nofollow noopener\" target=\"_blank\"> Marianne Sandberg<\/a>, su madre y tambi\u00e9n viuda del inolvidable Joaqu\u00edn Prat padre.<\/p>\n<p id=\"eNYCpBN3C2\" data-wc=\"93\">En este nuevo programa, el presentador comparte el tim\u00f3n con <strong>C\u00e9sar Mu\u00f1oz,<\/strong> quien ha sustituido a Emma Garc\u00eda en \u2018Fiesta\u2019 junto a Terelu durante este verano; y<strong>\u00a0Mar\u00eda Ruiz<\/strong>, unaperiodista que viene de Telemadrid y que es buena amiga de Joaqu\u00edn. \u201cEn lo personal, la conozco desde hace un mont\u00f3n de a\u00f1os. Adem\u00e1s, en El tiempo justo, el comunicador cuenta con otros dos grandes profesionales que le conocen como nadie: los directores \u00d3scar de la Fuente y Patricia Lennon, quien Sonsoles Anega arrebat\u00f3 a Ana Rosa Quintana con su marcha a Antena 3.<\/p>\n<p> <img src=\"https:\/\/www.europesays.com\/es\/wp-content\/uploads\/2025\/09\/8445bd304d09-jaa6484.jpg\"   width=\"682\" height=\"1024\" loading=\"lazy\" decoding=\"async\" alt=\"Joaqu\u00edn Prat\" fetchpriority=\"auto\" class=\"image ho-image\"\/>\u00a9 JAVIER ALONSO<\/p>\n<p id=\"enLrlxmuDL\" data-wc=\"91\">Pero ni su reencuentro con Patricia Lennon ni su salto a las sobremesas de Telecinco prometen hacer mella en<a class=\"hm-link\" href=\"https:\/\/www.hola.com\/actualidad\/20250731847510\/joaquin-prat-magazine-tarde-telecinco\/\" data-mrf-recirculation=\"article-body-link\" rel=\"nofollow noopener\" target=\"_blank\"> el buen rollo que \u00e9l mismo mantiene con Sonsoles \u00d3nega<\/a>, quien se convierte ahora en su rival m\u00e1s directo. \u201cElla me llam\u00f3 al d\u00eda siguiente de que se anunciara el programa. Es mi amiga y una de las mejores de mi hermana. Es que vamos a cenar a su casa. Luego, su pareja es amigo m\u00edo. En lo personal, todo es maravilloso, pero yo lo que quiero es ganar\u201d, reconoce a \u00a1HOLA!<\/p>\n<p id=\"eQsaFoTaOW\" data-wc=\"102\">Eso s\u00ed, no todo resulta tan bonito para Joaqu\u00edn en su inminente andadura televisiva. \u00c9l mismo nos confiesa que<strong>\u00a0su nuevo horario laboral le va a quitar tiempo de disfrute con<\/strong><a class=\"hm-link\" href=\"https:\/\/www.hola.com\/actualidad\/20240520254187\/joaquin-prat-comunion-hijo-nsv\/\" data-mrf-recirculation=\"article-body-link\" rel=\"nofollow noopener\" target=\"_blank\"> su hijo, que ya tiene diez a\u00f1os <\/a>y que tambi\u00e9n se llama como el presentador. \u201cVoy a echar de menos la conciliaci\u00f3n. Es que el horario de las ma\u00f1anas es maravilloso con ni\u00f1os peque\u00f1os. Si tienes mucha suerte, los puedes llevar al colegio. Luego, cuando mi hijo llega a casa, estoy ah\u00ed. Eso es lo que voy a echar de menos de las ma\u00f1anas. Aparte de todos los compa\u00f1eros\u201d, recalca Joaqu\u00edn.<\/p>\n<p id=\"eqaNme7SSj\" data-wc=\"112\">Aun as\u00ed, el comunicador ya tiene planificado c\u00f3mo va a ver a su hijo a partir del pr\u00f3ximo lunes<strong>.\u201cMe va a dar tiempo a hacer los deberes con \u00e9l y cenar con \u00e9l. Si tienes ni\u00f1os, es clave sentarse a la mesa con ellos. Cero pantallas y cero televisi\u00f3n, para poder tener una charla\u201d<\/strong>, nos explica Joaqu\u00edn, quien nos cuenta el \u201ccero\u201d inter\u00e9s que muestra el peque\u00f1o con su profesi\u00f3n:\u201cMe pasaba lo mismo con el m\u00edo, aunque, para m\u00ed, el trabajo de mi padre era una condena. Ahora suma ser hijo de y si tu padre es famoso&#8230; No renta, como dicen ahora. Pero, en mi \u00e9poca, te machacaban en el cole\u201d.<\/p>\n<p> <img src=\"https:\/\/www.europesays.com\/es\/wp-content\/uploads\/2025\/09\/9d888df4fb11-jaa6502.jpg\"   width=\"682\" height=\"1024\" loading=\"lazy\" decoding=\"async\" alt=\"Joaqu\u00edn Prat\" fetchpriority=\"auto\" class=\"image ho-image\"\/>\u00a9 JAVIER ALONSO<\/p>\n<p id=\"eZsOezpE_J\" data-wc=\"73\">Hablando de El tiempo justo, <strong>Joaqu\u00edn tiene exactamente cincuenta a\u00f1os,<\/strong> que los cumpli\u00f3 el pasado 3 de junio. Aunque no oculta que la cifra le llama la atenci\u00f3n, el propio presentador asegura que se siente fenomenal f\u00edsicamente. \u201cPor nuestro aniversario, Alexia \u2013<a class=\"hm-link\" href=\"https:\/\/www.hola.com\/actualidad\/20240720701788\/joaquin-prat-planes-verano-relacion-novia-alexia-pla\/\" data-mrf-recirculation=\"article-body-link\" rel=\"nofollow noopener\" target=\"_blank\">su pareja desde hace tres a\u00f1os<\/a>\u2013 me regal\u00f3 una pulsera que me mide todo y me hace hasta minielectros. Pues me tengo una edad biol\u00f3gica de 46,7 a\u00f1os\u201d, nos afirma entre risas.<\/p>\n<p id=\"e-6T1k_tvl\" data-wc=\"66\">En conversaci\u00f3n con \u00a1HOLA!, Joaqu\u00edn explica que uno de los secretos de su buena forma f\u00edsica es seguir el ayuno intermitente. \u201cPor las ma\u00f1anas, preparo el desayuno del ni\u00f1o y salgo a correr por Valdebebas, que es donde vivo. Yo no desayuno, porque el deporte en ayunas va muy bien. La mente la tengo mucho m\u00e1s despierta y funciona mejor, a nivel de rapidez mental\u201d, apunta.<\/p>\n<p id=\"eoZlPgPfL9\" data-wc=\"101\">Otra de las cosas que Joaqu\u00edn ha aprendido con el paso del tiempo es no prestar atenci\u00f3n a las cr\u00edticas. <strong>\u201cMe apetece volver a tocar la pol\u00edtica, aunque es muy sacrificado a nivel de redes, porque te pegan unas leches que te dejan turulato\u201d,<\/strong> afirma. \u201cMe afectaron las cr\u00edticas en una etapa de mi vida, pero ya no. Las cr\u00edticas no me pagan la n\u00f3mina y mi vida no tiene que ver con las personas que me critican. A saber la mierda de vida que tiene alguien para tomarse el tiempo de vomitar porquer\u00eda en una red social\u201d, prosigue el presentador.<\/p>\n<p id=\"eoxkLLuXsg\" data-wc=\"99\">\u201cNo me googleo. Miro X \u2013Twitter\u2013 porque me parece una herramienta \u00fatil, pero es un basurero abonado a los extremistas. Es que miro todo lo que dicen de Telecinco y no hay ning\u00fan comentario positivo. Luego, no soy muy activo en Instagram, pero reconozco que me divierte\u201d, termina de confesar el comunicador. Joaqu\u00edn prefiere seguir la televisi\u00f3n, el medio para el que ha nacido y en el que ha cosechado tantos \u00e9xitos. A partir del lunes, veremos si con su nuevo proyecto sigue <a class=\"hm-link\" href=\"https:\/\/www.hola.com\/actualidad\/20250604836011\/joaquin-alejandra-andrea-prat-homenaje-padre-aniversario-muerte\/\" data-mrf-recirculation=\"article-body-link\" rel=\"nofollow noopener\" target=\"_blank\">la buena racha profesional <\/a>que mantiene desde hace 17 a\u00f1os, que es cuando empez\u00f3 en Mediaset.<\/p>\n","protected":false},"excerpt":{"rendered":"Joaqu\u00edn Prat\u00a0arranca el curso con una nueva misi\u00f3n: convertirse en el rey de las tardes. Ser\u00e1 e lpr\u00f3ximo&hellip;\n","protected":false},"author":2,"featured_media":91885,"comment_status":"","ping_status":"","sticky":false,"template":"","format":"standard","meta":{"footnotes":""},"categories":[174],"tags":[517,255,146,147,25,24,256,8494,23],"class_list":{"0":"post-91884","1":"post","2":"type-post","3":"status-publish","4":"format-standard","5":"has-post-thumbnail","7":"category-famosos","8":"tag-actualidad","9":"tag-celebrities","10":"tag-entertainment","11":"tag-entretenimiento","12":"tag-es","13":"tag-espana","14":"tag-famosos","15":"tag-joaquin-prat","16":"tag-spain"},"share_on_mastodon":{"url":"","error":""},"_links":{"self":[{"href":"https:\/\/www.europesays.com\/es\/wp-json\/wp\/v2\/posts\/91884","targetHints":{"allow":["GET"]}}],"collection":[{"href":"https:\/\/www.europesays.com\/es\/wp-json\/wp\/v2\/posts"}],"about":[{"href":"https:\/\/www.europesays.com\/es\/wp-json\/wp\/v2\/types\/post"}],"author":[{"embeddable":true,"href":"https:\/\/www.europesays.com\/es\/wp-json\/wp\/v2\/users\/2"}],"replies":[{"embeddable":true,"href":"https:\/\/www.europesays.com\/es\/wp-json\/wp\/v2\/comments?post=91884"}],"version-history":[{"count":0,"href":"https:\/\/www.europesays.com\/es\/wp-json\/wp\/v2\/posts\/91884\/revisions"}],"wp:featuredmedia":[{"embeddable":true,"href":"https:\/\/www.europesays.com\/es\/wp-json\/wp\/v2\/media\/91885"}],"wp:attachment":[{"href":"https:\/\/www.europesays.com\/es\/wp-json\/wp\/v2\/media?parent=91884"}],"wp:term":[{"taxonomy":"category","embeddable":true,"href":"https:\/\/www.europesays.com\/es\/wp-json\/wp\/v2\/categories?post=91884"},{"taxonomy":"post_tag","embeddable":true,"href":"https:\/\/www.europesays.com\/es\/wp-json\/wp\/v2\/tags?post=91884"}],"curies":[{"name":"wp","href":"https:\/\/api.w.org\/{rel}","templated":true}]}}