{"id":9189,"date":"2025-07-28T11:18:07","date_gmt":"2025-07-28T11:18:07","guid":{"rendered":"https:\/\/www.europesays.com\/es\/9189\/"},"modified":"2025-07-28T11:18:07","modified_gmt":"2025-07-28T11:18:07","slug":"ultima-hora-de-la-actualidad-politica-en-directo-sanchez-sobre-el-pacto-arancelario-de-la-ue-con-estados-unidos-respaldo-este-acuerdo-comercial-pero-lo-hago-sin-ningun-entusiasmo","status":"publish","type":"post","link":"https:\/\/www.europesays.com\/es\/9189\/","title":{"rendered":"\u00daltima hora de la actualidad pol\u00edtica, en directo | S\u00e1nchez, sobre el pacto arancelario de la UE con Estados Unidos: \u201cRespaldo este acuerdo comercial, pero lo hago sin ning\u00fan entusiasmo\u201d | Espa\u00f1a"},"content":{"rendered":"<p class=\"ev-title\">\u00d3scar Puente conf\u00eda en que el acuerdo entre EE UU y la UE sea el \u201cprincipio de una relaci\u00f3n estable\u201d<\/p>\n<p>El ministro de Transportes y Movilidad Sostenible, \u00d3scar Puente, espera que el acuerdo alcanzado este domingo entre Estados Unidos y la Uni\u00f3n Europea en materia de aranceles comerciales sea \u201cel principio de una relaci\u00f3n estable\u201d. En una entrevista a TVE, el ministro ha celebrado que este acuerdo \u201csupone no estar al albur de que cada d\u00eda se diga un arancel distinto, hoy 50% y ma\u00f1ana 60\u201d, lo que en su opini\u00f3n significa conseguir \u201cun horizonte de estabilidad\u201d.<\/p>\n<p>\u201cHay que ver los detalles, ya que sin verlos me parece imprudente pronunciarse. A partir de ah\u00ed veremos qu\u00e9 conclusi\u00f3n podemos sacar. La parte positiva es que esperemos que sea el principio de una relaci\u00f3n estable\u201d, ha explicado. Asimismo, Puente ha precisado que, sea el acuerdo que sea, el Gobierno de Espa\u00f1a \u201cva a proteger a las empresas\u201d siempre que esos aranceles tengan repercusi\u00f3n en las mismas: \u201cEso que no le quepa a nadie ninguna duda, adoptaremos las medidas que hagan falta\u201d.<\/p>\n<p>Este domingo, la presidenta de la Comisi\u00f3n Europea, Ursula von der Leyen, y el presidente de Estados Unidos, Donald Trump, alcanzaron un acuerdo para resolver su disputa comercial sobre el aumento de aranceles, con el establecimiento de grav\u00e1menes del 15% para productos europeos, y compromete al bloque europeo a realizar inversiones adicionales as\u00ed como a abordar adquisiciones de energ\u00eda y armamento en EE UU. (Europa Press)\u00a0<\/p>\n","protected":false},"excerpt":{"rendered":"\u00d3scar Puente conf\u00eda en que el acuerdo entre EE UU y la UE sea el \u201cprincipio de una&hellip;\n","protected":false},"author":2,"featured_media":9190,"comment_status":"","ping_status":"","sticky":false,"template":"","format":"standard","meta":{"footnotes":""},"categories":[42],"tags":[6069,17,18,4456,6913,24,13,14,582,6909,248,11,61,62,63,64,19,20,6910,9,10,15,16,957,2959,952,1670,956,1699,6914,6912,4453,12,21,22,624,65,66,67,6911,4454],"class_list":{"0":"post-9189","1":"post","2":"type-post","3":"status-publish","4":"format-standard","5":"has-post-thumbnail","7":"category-internacional","8":"tag-alberto-nunez-feijoo","9":"tag-breaking-news","10":"tag-breakingnews","11":"tag-congreso-diputados","12":"tag-debates-parlamentarios","13":"tag-espana","14":"tag-featured-news","15":"tag-featurednews","16":"tag-gobierno","17":"tag-gobierno-de-coalicion","18":"tag-gobierno-de-espana","19":"tag-headlines","20":"tag-internacional","21":"tag-international","22":"tag-international-news","23":"tag-internationalnews","24":"tag-latest-news","25":"tag-latestnews","26":"tag-legislaturas-politicas","27":"tag-news","28":"tag-noticias","29":"tag-noticias-destacadas","30":"tag-noticiasdestacadas","31":"tag-partidos-politicos","32":"tag-pedro-sanchez","33":"tag-politica","34":"tag-politicos","35":"tag-pp","36":"tag-psoe","37":"tag-santiago-abascal","38":"tag-senado","39":"tag-sumar","40":"tag-titulares","41":"tag-ultimas-noticias","42":"tag-ultimasnoticias","43":"tag-vox","44":"tag-world","45":"tag-world-news","46":"tag-worldnews","47":"tag-xv-legislatura-espana","48":"tag-yolanda-diaz"},"share_on_mastodon":{"url":"","error":""},"_links":{"self":[{"href":"https:\/\/www.europesays.com\/es\/wp-json\/wp\/v2\/posts\/9189","targetHints":{"allow":["GET"]}}],"collection":[{"href":"https:\/\/www.europesays.com\/es\/wp-json\/wp\/v2\/posts"}],"about":[{"href":"https:\/\/www.europesays.com\/es\/wp-json\/wp\/v2\/types\/post"}],"author":[{"embeddable":true,"href":"https:\/\/www.europesays.com\/es\/wp-json\/wp\/v2\/users\/2"}],"replies":[{"embeddable":true,"href":"https:\/\/www.europesays.com\/es\/wp-json\/wp\/v2\/comments?post=9189"}],"version-history":[{"count":0,"href":"https:\/\/www.europesays.com\/es\/wp-json\/wp\/v2\/posts\/9189\/revisions"}],"wp:featuredmedia":[{"embeddable":true,"href":"https:\/\/www.europesays.com\/es\/wp-json\/wp\/v2\/media\/9190"}],"wp:attachment":[{"href":"https:\/\/www.europesays.com\/es\/wp-json\/wp\/v2\/media?parent=9189"}],"wp:term":[{"taxonomy":"category","embeddable":true,"href":"https:\/\/www.europesays.com\/es\/wp-json\/wp\/v2\/categories?post=9189"},{"taxonomy":"post_tag","embeddable":true,"href":"https:\/\/www.europesays.com\/es\/wp-json\/wp\/v2\/tags?post=9189"}],"curies":[{"name":"wp","href":"https:\/\/api.w.org\/{rel}","templated":true}]}}