{"id":91912,"date":"2025-09-04T02:47:08","date_gmt":"2025-09-04T02:47:08","guid":{"rendered":"https:\/\/www.europesays.com\/es\/91912\/"},"modified":"2025-09-04T02:47:08","modified_gmt":"2025-09-04T02:47:08","slug":"a-sergio-ramos-le-sale-un-enemigo-en-mitad-de-su-nueva-faceta-como-cantante","status":"publish","type":"post","link":"https:\/\/www.europesays.com\/es\/91912\/","title":{"rendered":"A Sergio Ramos le sale un enemigo en mitad de su nueva faceta como cantante"},"content":{"rendered":"<p data-journey-content=\"true\" data-node-id=\"2\" class=\"css-i9p093 emevuu60\">Empezamos septiembre con una sorpresa por parte de Sergio Ramos. El futbolista ha dejado a todos de piedra con su nueva faceta profesional, y es que el marido de Pilar Rubio se ha atrevido a lanzar su primer single en solitario. <strong data-node-id=\"2.1\">&#8216;Cibeles&#8217; es el nombre que lleva el primer proyecto dentro de la m\u00fasica<\/strong> de Ramos. Una canci\u00f3n con la que el jugador de f\u00fatbol cuenta su historia personal en el Real Madrid. <\/p>\n<p data-journey-content=\"true\" data-node-id=\"3\" class=\"css-i9p093 emevuu60\">No es la primera vez que escuchamos cantar al futbolista, y es que ya hab\u00eda participado antes en canciones con <strong data-node-id=\"3.1\">Ni\u00f1a Pastori, Los Yakis, Demarco Flamenco o Canelita.<\/strong> Esta es la primera vez que se atreve a lanzar su primer single en solitario.\u00bbMi historia, mi m\u00fasica\u00bb, escrib\u00eda el exfutbolista del Real Madrid en la publicaci\u00f3n del adelanto. \u00abHay cosas que no te dije, que todav\u00eda me duelen. Nunca quise irme\u2026 t\u00fa me pediste que vuele\u00bb, era el fragmento del tema que Sergio Ramos compart\u00eda y este lunes, 1 de septiembre, &#8216;El Hormiguero&#8217; emit\u00eda el videoclip entero. <\/p>\n<p><img draggable=\"true\" alt=\"gonzalo miro\" title=\"gonzalo miro\" loading=\"lazy\" width=\"2500\" height=\"1664\" decoding=\"async\" data-nimg=\"1\" style=\"color:transparent;width:100%;height:auto;\"   src=\"https:\/\/www.europesays.com\/es\/wp-content\/uploads\/2025\/09\/gonzalo-miro-68a77a659dcd9.jpg\" class=\"css-0 e1g79fud0\"\/><\/p>\n<p>Gtres<\/p>\n<p data-journey-content=\"true\" data-node-id=\"5\" class=\"css-i9p093 emevuu60\">A muchos le ha gustado la canci\u00f3n del futbolista, pero a otros no tantos y ha sido duros al ser preguntador por este sencillo. Es el caso de Gonzalo Mir\u00f3: \u00ab<strong data-node-id=\"5.1\">Menos mal que se ha dedicado al f\u00fatbol\u00bb<\/strong>, dec\u00eda el periodista ante la prensa aunque reconoci\u00f3 que \u201ces un tipo de m\u00fasica que no est\u00e1 en mis preferidos, entiendo que el target de eso que ha hecho Sergio, no estoy yo\u00bb. Tambi\u00e9n Mir\u00f3 fue preguntado por si ve a Sergio Ramos en Eurovisi\u00f3n. \u00ab<strong data-node-id=\"5.3\">\u00bfTe imaginas? \u00bfMolar\u00eda no? Despu\u00e9s de Melody, Sergio Ramos<\/strong>\u00ab, dec\u00eda ir\u00f3nicamente. <\/p>\n<p data-journey-content=\"true\" data-node-id=\"7\" class=\"css-i9p093 emevuu60\">A la mayor\u00eda de sus seguidores s\u00ed que les ha gustado la canci\u00f3n y los comentarios en su \u00faltima publicaci\u00f3n eran positivos: \u00abEl eterno capi! Te amamos por siempre\u00bb, \u00abAhorita mismo voy a escucharla y hacerla mi favorita\u00bb, \u00abEl mejor defensor que se ha vestido de blanco\u00bb, se puede leer. <\/p>\n<p><img src=\"https:\/\/www.europesays.com\/es\/wp-content\/uploads\/2025\/09\/1756954028_909_efed3e56-411c-4c5f-aad1-8194ce4fe362_1700500172.file\" alt=\"Headshot of Redacci\u00f3n Diez Minutos\" title=\"Headshot of Redacci\u00f3n Diez Minutos\" width=\"100%\" height=\"100%\" decoding=\"async\" loading=\"lazy\" class=\"css-o0wq4v ev8dhu53\"\/><\/p>\n<p>\u00a0En Diez Minutos somos especialistas en cubrir todas las noticias del coraz\u00f3n y de la monarqu\u00eda para acercarte a las vidas de todos esos personajes a los que admiras.<\/p>\n<p>Descubre con nosotros la \u00faltima hora de los famosos nacionales e internacionales m\u00e1s relevantes: sus pol\u00e9micas, sus historias amorosas y familiares y sus proyectos profesionales con nuestras entrevistas, videos y reportajes. Tambi\u00e9n te mostramos el d\u00eda a d\u00eda de la realeza, cont\u00e1ndote con especial detalle la vida personal y familiar de nuestros Reyes: Felipe VI y Letizia y sus hijas Leonor y Sof\u00eda.<\/p>\n<p>Diez Minutos es mucho m\u00e1s que cr\u00f3nica social. Queremos hacerte la vida m\u00e1s f\u00e1cil y cuidar de ti. Por eso, publicamos una amplia selecci\u00f3n de contenidos pr\u00e1cticos para ayudarte en tu econom\u00eda dom\u00e9stica, en la decoraci\u00f3n de tu casa o en tu bienestar f\u00edsico y emocional. Tambi\u00e9n encontrar\u00e1s todo tipo de noticias y reportajes sobre el embarazo y la maternidad para facilitarte este proceso de la vida.<\/p>\n<p>La cocina es otra parte fundamental de esta gu\u00eda pr\u00e1ctica con la mejor selecci\u00f3n de recetas y consejos para llevar una dieta saludable y variada. Y todo ello sin olvidarnos de los contenidos de moda y belleza que te har\u00e1n estar a la \u00faltima en las tendencias del momento con numerosas propuestas, ofertas y novedades.<\/p>\n<p>Te lo contamos todo con la misma rigurosidad y cercan\u00eda con la que te llevamos acompa\u00f1ando desde hace 72 a\u00f1os, cuando un 1 de septiembre de 1951 la revista vio la luz por primera vez. Muchas cosas han cambiado en lo que se refiere a la parte t\u00e9cnica, pero lo que te aseguramos es que el equipo que forma esta redacci\u00f3n realiza su trabajo con entusiasmo y entrega pensando en cada uno de vosotros para que encontr\u00e9is aqu\u00ed el sitio ideal donde disfrutar de la vida.<\/p>\n<p>El equipo digital de Diez Minutos est\u00e1 formado por:<\/p>\n<p><a href=\"https:\/\/www.diezminutos.es\/author\/15369\/rosa-prieto\/\" rel=\"nofollow noopener\" target=\"_blank\">Rosa Prieto:<\/a> Directora digital.<\/p>\n<p><a href=\"https:\/\/www.diezminutos.es\/author\/18095\/silvia-criado\/\" rel=\"nofollow noopener\" target=\"_blank\">Silvia Criado:<\/a> Jefa de secci\u00f3n digital.<\/p>\n<p><a href=\"https:\/\/www.diezminutos.es\/author\/16262\/magdalena-pinero\/\" rel=\"nofollow noopener\" target=\"_blank\">Magdalena Pi\u00f1ero:<\/a> redactora digital.\u00a0<\/p>\n<p><a href=\"https:\/\/www.diezminutos.es\/author\/16270\/daniel-reyes\/\" rel=\"nofollow noopener\" target=\"_blank\">Daniel Reyes:<\/a> redactor digital.<\/p>\n<p><a href=\"https:\/\/www.diezminutos.es\/author\/221934\/ignacio-herruzo\/\" rel=\"nofollow noopener\" target=\"_blank\">Ignacio Herruzo<\/a>: redactor digital.<\/p>\n<p><a href=\"https:\/\/www.diezminutos.es\/author\/740003\/nora-camara\/\" rel=\"nofollow noopener\" target=\"_blank\">Nora C\u00e1mara<\/a>: redactora digital.\u00a0<\/p>\n","protected":false},"excerpt":{"rendered":"Empezamos septiembre con una sorpresa por parte de Sergio Ramos. El futbolista ha dejado a todos de piedra&hellip;\n","protected":false},"author":2,"featured_media":91913,"comment_status":"","ping_status":"","sticky":false,"template":"","format":"standard","meta":{"footnotes":""},"categories":[174],"tags":[255,253,146,147,25,24,256,23],"class_list":{"0":"post-91912","1":"post","2":"type-post","3":"status-publish","4":"format-standard","5":"has-post-thumbnail","7":"category-famosos","8":"tag-celebrities","9":"tag-discover","10":"tag-entertainment","11":"tag-entretenimiento","12":"tag-es","13":"tag-espana","14":"tag-famosos","15":"tag-spain"},"share_on_mastodon":{"url":"","error":""},"_links":{"self":[{"href":"https:\/\/www.europesays.com\/es\/wp-json\/wp\/v2\/posts\/91912","targetHints":{"allow":["GET"]}}],"collection":[{"href":"https:\/\/www.europesays.com\/es\/wp-json\/wp\/v2\/posts"}],"about":[{"href":"https:\/\/www.europesays.com\/es\/wp-json\/wp\/v2\/types\/post"}],"author":[{"embeddable":true,"href":"https:\/\/www.europesays.com\/es\/wp-json\/wp\/v2\/users\/2"}],"replies":[{"embeddable":true,"href":"https:\/\/www.europesays.com\/es\/wp-json\/wp\/v2\/comments?post=91912"}],"version-history":[{"count":0,"href":"https:\/\/www.europesays.com\/es\/wp-json\/wp\/v2\/posts\/91912\/revisions"}],"wp:featuredmedia":[{"embeddable":true,"href":"https:\/\/www.europesays.com\/es\/wp-json\/wp\/v2\/media\/91913"}],"wp:attachment":[{"href":"https:\/\/www.europesays.com\/es\/wp-json\/wp\/v2\/media?parent=91912"}],"wp:term":[{"taxonomy":"category","embeddable":true,"href":"https:\/\/www.europesays.com\/es\/wp-json\/wp\/v2\/categories?post=91912"},{"taxonomy":"post_tag","embeddable":true,"href":"https:\/\/www.europesays.com\/es\/wp-json\/wp\/v2\/tags?post=91912"}],"curies":[{"name":"wp","href":"https:\/\/api.w.org\/{rel}","templated":true}]}}