{"id":91947,"date":"2025-09-04T03:15:11","date_gmt":"2025-09-04T03:15:11","guid":{"rendered":"https:\/\/www.europesays.com\/es\/91947\/"},"modified":"2025-09-04T03:15:11","modified_gmt":"2025-09-04T03:15:11","slug":"hijo-de-ozzy-osbourne-llama-imbecil-a-roger-waters-por-burlarse-de-su-padre-que-dijo-sobre-el-fallecido-rockero","status":"publish","type":"post","link":"https:\/\/www.europesays.com\/es\/91947\/","title":{"rendered":"Hijo de Ozzy Osbourne llama \u201cimb\u00e9cil\u201d a Roger Waters por burlarse de su padre \u00bfQu\u00e9 dijo sobre el fallecido rockero?"},"content":{"rendered":"<p class=\"ei-articleAperture__BreadCrumbContainer-sc-1fibpeo-5 dtLqC ei-article-aperture-breadcrumb-container\"><a href=\"https:\/\/www.elimparcial.com\" aria-label=\"El Imparcial\" class=\"ei-articleAperture__BreadcrumbAnchor-sc-1fibpeo-6 bthIHH ei-article-aperture-breadcrumb-anchor\" rel=\"nofollow noopener\" target=\"_blank\">El Imparcial<\/a> \/ <a href=\"https:\/\/www.elimparcial.com\/espectaculos\" aria-label=\"Espect\u00e1culos\" class=\"ei-articleAperture__BreadcrumbAnchor-sc-1fibpeo-6 bthIHH ei-article-aperture-breadcrumb-anchor\" rel=\"nofollow noopener\" target=\"_blank\">Espect\u00e1culos<\/a> \/ <a href=\"https:\/\/www.elimparcial.com\/tags\/ozzy-osbourne\/\" aria-label=\"Ozzy Osbourne\" class=\"ei-articleAperture__BreadcrumbAnchor-sc-1fibpeo-6 bthIHH ei-article-aperture-breadcrumb-anchor\" rel=\"nofollow noopener\" target=\"_blank\">Ozzy Osbourne<\/a><\/p>\n<p>Roger Waters critic\u00f3 a Ozzy Osbourne tras su muerte y Jack Osbourne respondi\u00f3 llam\u00e1ndolo \u201cimb\u00e9cil\u201d.<img alt=\"Hijo de Ozzy Osbourne llama \u201cimb\u00e9cil\u201d a Roger Waters por burlarse de su padre \u00bfQu\u00e9 dijo sobre el fallecido rockero?\" class=\"global-image\" decoding=\"async\" height=\"75\" src=\"https:\/\/www.europesays.com\/es\/wp-content\/uploads\/2025\/09\/3AGN7EZOCRFRVDAUQYRONUBBIM.jpg\" data-lightbox=\"https:\/\/www.europesays.com\/es\/wp-content\/uploads\/2025\/09\/3AGN7EZOCRFRVDAUQYRONUBBIM.jpg\" width=\"100\" fetchpriority=\"high\" loading=\"eager\"\/><\/p>\n<p class=\"image-meta-data__MetadataParagraph-sc-1uy1w81-0 kfSQp image-metadata\">Hijo de Ozzy Osbourne llama \u201cimb\u00e9cil\u201d a Roger Waters por burlarse de su padre \u00bfQu\u00e9 dijo sobre el pr\u00edncipe de las tinieblas? <\/p>\n<p class=\"ei-articleAperture__ByLineAuthorParagraph-sc-1fibpeo-10 cRBqZU ei-article-aperture-byline-author-paragraph\">Por <a href=\"https:\/\/www.elimparcial.com\/staff\/spacheco\/\" title=\"Noticias de  Sara Pacheco\" aria-label=\"Author name link\" class=\"ei-articleAperture__ByLineAuthorAnchor-sc-1fibpeo-8 lOGjW ei-article-aperture-byline-author-anchor\" rel=\"nofollow noopener\" target=\"_blank\">Sara Pacheco<\/a> \u00a0<\/p>\n<p class=\"ei-articleAperture__ByLineAuthorParagraph-sc-1fibpeo-10 cRBqZU ei-article-aperture-byline-author-paragraph\">03 de septiembre 2025<\/p>\n<p class=\"ei-articleBody__StyledText-sc-1wmd47a-1 gXgyFY body-paragraph ei-article-body-text\">El mundo del rock se conmocion\u00f3 el pasado<a href=\"https:\/\/www.elimparcial.com\/espectaculos\/2025\/07\/22\/de-que-murio-ozzy-osbourne-esto-es-lo-que-se-sabe-hasta-ahora\/\" target=\"_blank\" rel=\"noreferrer nofollow noopener\" title=\"https:\/\/www.elimparcial.com\/espectaculos\/2025\/07\/22\/de-que-murio-ozzy-osbourne-esto-es-lo-que-se-sabe-hasta-ahora\/\"><b> 22 de julio con la noticia de la muerte de Ozzy Osbourne,<\/b><\/a> legendario vocalista de Black Sabbath, apenas unos d\u00edas despu\u00e9s de ofrecer su concierto de despedida <b>\u201cBack to the Beginning\u201d <\/b>en el estadio <b>Villa Park<\/b> en Birmingham, Inglaterra.<\/p>\n<p class=\"ei-articleBody__StyledText-sc-1wmd47a-1 gXgyFY body-paragraph ei-article-body-text\">La partida del llamado <a href=\"https:\/\/www.elimparcial.com\/espectaculos\/2025\/07\/22\/ozzy-osbourne-como-se-gano-el-apodo-de-el-principe-de-las-tinieblas\/\" target=\"_blank\" rel=\"noreferrer nofollow noopener\" title=\"https:\/\/www.elimparcial.com\/espectaculos\/2025\/07\/22\/ozzy-osbourne-como-se-gano-el-apodo-de-el-principe-de-las-tinieblas\/\"><b>Pr\u00edncipe de las Tinieblas<\/b> <\/a>dej\u00f3 un gran vac\u00edo en la m\u00fasica, pero a poco m\u00e1s de un mes de su fallecimiento, el nombre de Osbourne volvi\u00f3 a ser tendencia, no por su legado musical, sino por los <b>controversiales comentarios de Roger Waters<\/b>, ex integrante de Pink Floyd.<\/p>\n<p class=\"ei-articleBody__StyledText-sc-1wmd47a-1 gXgyFY body-paragraph ei-article-body-text\"><b>Te puede interesar: <\/b><a href=\"https:\/\/www.elimparcial.com\/espectaculos\/2025\/07\/24\/los-escandalos-mas-polemicos-en-la-vida-y-carrera-de-ozzy-osbourne\/\" target=\"_blank\" rel=\"noreferrer nofollow noopener\" title=\"https:\/\/www.elimparcial.com\/espectaculos\/2025\/07\/24\/los-escandalos-mas-polemicos-en-la-vida-y-carrera-de-ozzy-osbourne\/\"><b>Los esc\u00e1ndalos m\u00e1s pol\u00e9micos en la vida y carrera de Ozzy Osbourne<\/b><\/a><\/p>\n<p><a aria-label=\"recommended card article link\" href=\"https:\/\/www.elimparcial.com\/espectaculos\/2025\/07\/30\/el-ultimo-adios-a-ozzy-osbourne-miles-de-fans-lo-despiden-en-birmingham-con-flores-musica-y-lagrimas\/\" class=\"ei-recommendedCard__RecommendedCardAnchor-sc-1walexe-1 iRTihv ei-recommended-card-anchor\" rel=\"nofollow noopener\" target=\"_blank\"><img alt=\"El \u00faltimo adi\u00f3s a Ozzy Osbourne: miles de fans lo despiden en Birmingham con flores, m\u00fasica y l\u00e1grimas\" decoding=\"async\" src=\"https:\/\/www.europesays.com\/es\/wp-content\/uploads\/2025\/09\/VXQ5TZKNLNEABAHYBXUO37WAA4.jpg\" class=\"ei-recommendedCard__RecommendedCardImg-sc-1walexe-2 dMwBkH ei-recommended-card-img\"\/><\/a>Las declaraciones de Roger Waters<\/p>\n<p class=\"ei-articleBody__StyledText-sc-1wmd47a-1 gXgyFY body-paragraph ei-article-body-text\">Durante una entrevista concedida al canal de YouTube <b>The Independent Ink<\/b>, <b>Roger Waters, de 81 a\u00f1o<\/b>s, fue cuestionado sobre el uso de figuras de la cultura pop como herramientas de distracci\u00f3n pol\u00edtica. En su respuesta, incluy\u00f3 a artistas como <b>Taylor Swift<\/b> y <b>Kim Kardashian<\/b>, y posteriormente hizo alusi\u00f3n a la reciente muerte de Ozzy Osbourne.<\/p>\n<p class=\"ei-articleBody__StyledText-sc-1wmd47a-1 gXgyFY body-paragraph ei-article-body-text\">Waters declar\u00f3 que <b>\u201cbendec\u00eda\u201d<\/b> el estado en el que se encontraba el l\u00edder de <b>Black Sabbath<\/b> debido a su <b>enfermedad de Parkinson<\/b>, diagnosticada en 2019, la cual limit\u00f3 severamente su movilidad en los \u00faltimos a\u00f1os de vida. Sin embargo, el comentario fue percibido como <b>despectivo<\/b> al a\u00f1adir que no le importaba la m\u00fasica de Osbourne ni su figura p\u00fablica.<\/p>\n<blockquote cite=\"Roger Waters\" class=\"ei-articleBodyBlockquote__BlockquoteContainer-sc-1cfj0bi-0 jSzkkC ei-blockquote-ctn\">\n<p class=\"secondary-font__SecondaryFontStyles-sc-xwub3d-0 jGKTtR\">\u201cOzzy Osbourne, quien acaba de morir, bend\u00edcelo en cualquier estado en el que se haya encontrado durante toda su vida (\u2026) De la m\u00fasica, no tengo ni idea. Me importa un carajo\u201d,<\/p>\n<p>\u2014 \u00a0Roger Waters<\/p><\/blockquote>\n<p class=\"ei-articleBody__StyledText-sc-1wmd47a-1 gXgyFY body-paragraph ei-article-body-text\"> Adem\u00e1s, calific\u00f3 de <b>\u201cidioteces\u201d<\/b> las apariciones televisivas del cantante en el reality show <b>The Osbournes<\/b> y remat\u00f3 asegurando que <b>Black Sabbath<\/b> no le importaba como banda. Incluso ironiz\u00f3 sobre el famoso episodio de 1982, <b>cuando Ozzy mordi\u00f3 accidentalmente la cabeza de un murci\u00e9lago <\/b>en un concierto en Iowa, al decir que tampoco le interesaba<b> \u201cmorderle la cabeza a los pollos ni nada de eso\u201d.<\/b><\/p>\n<p class=\"ei-articleBody__StyledText-sc-1wmd47a-1 gXgyFY body-paragraph ei-article-body-text\"><b>Te puede interesar: <\/b><a href=\"https:\/\/www.elimparcial.com\/espectaculos\/2025\/07\/22\/la-vez-que-ozzy-osbourne-le-arranco-la-cabeza-a-un-murcielago-en-pleno-concierto\/\" target=\"_blank\" rel=\"noreferrer nofollow noopener\" title=\"https:\/\/www.elimparcial.com\/espectaculos\/2025\/07\/22\/la-vez-que-ozzy-osbourne-le-arranco-la-cabeza-a-un-murcielago-en-pleno-concierto\/\"><b>La vez que Ozzy Osbourne le arranc\u00f3 la cabeza a un murci\u00e9lago en pleno concierto<\/b><\/a><\/p>\n<p>El enojo de Jack Osbourne<\/p>\n<p class=\"ei-articleBody__StyledText-sc-1wmd47a-1 gXgyFY body-paragraph ei-article-body-text\">Las declaraciones de Roger Waters no pasaron desapercibidas para la familia Osbourne. Fue <b>Jack Osbourne<\/b>, hijo de Ozzy, quien respondi\u00f3 de manera contundente a trav\u00e9s de sus redes sociales.<\/p>\n<p class=\"ei-articleBody__StyledText-sc-1wmd47a-1 gXgyFY body-paragraph ei-article-body-text\">Jack calific\u00f3 de <b>\u201cpat\u00e9tico\u201d<\/b> al ex <b>Pink Floyd <\/b>y lo acus\u00f3 de estar desconectado de la realidad, sugiriendo que sus comentarios buscaban \u00fanicamente atraer atenci\u00f3n medi\u00e1tica.<\/p>\n<p class=\"ei-articleBody__StyledText-sc-1wmd47a-1 gXgyFY body-paragraph ei-article-body-text\"><b>\u201cHey, Roger Waters. \u00a1Que te jodan! Qu\u00e9 pat\u00e9tico y desconectado te has vuelto. La \u00fanica forma en que pareces conseguir atenci\u00f3n en estos d\u00edas es vomitando basura en la prensa\u201d<\/b>, escribi\u00f3.<\/p>\n<p><img alt=\"Jack Osbourne explota contra Roger Waters \/ Instagram @jackosbourne\" class=\"global-image\" decoding=\"async\" height=\"75\" src=\"https:\/\/www.europesays.com\/es\/wp-content\/uploads\/2025\/09\/OJ4LQI4JLJE4LPHPO6VWF5VUK4.jpg\" data-lightbox=\"https:\/\/www.europesays.com\/es\/wp-content\/uploads\/2025\/09\/OJ4LQI4JLJE4LPHPO6VWF5VUK4.jpg\" width=\"100\" fetchpriority=\"high\" loading=\"eager\"\/><\/p>\n<p class=\"image-meta-data__MetadataParagraph-sc-1uy1w81-0 kfSQp image-metadata\">Jack Osbourne explota contra Roger Waters \/ Instagram @jackosbourne <\/p>\n<p class=\"ei-articleBody__StyledText-sc-1wmd47a-1 gXgyFY body-paragraph ei-article-body-text\">Finalmente, Jack cerr\u00f3 su mensaje con una frase que reforz\u00f3 el descontento familiar:<\/p>\n<p class=\"ei-articleBody__StyledText-sc-1wmd47a-1 gXgyFY body-paragraph ei-article-body-text\"><b>\u201cMi padre siempre pens\u00f3 que eras un imb\u00e9cil. Gracias por demostrarle que ten\u00eda raz\u00f3n\u201d.<\/b><\/p>\n<p><img alt=\"Jack Osbourne explota contra Roger Waters \/ Instagram @jackosbourne\" class=\"global-image\" decoding=\"async\" height=\"75\" src=\"https:\/\/www.europesays.com\/es\/wp-content\/uploads\/2025\/09\/ZGQPHTYJ4NFSRN2M6EFOAO6DHE.jpg\" data-lightbox=\"https:\/\/www.europesays.com\/es\/wp-content\/uploads\/2025\/09\/ZGQPHTYJ4NFSRN2M6EFOAO6DHE.jpg\" width=\"100\" fetchpriority=\"high\" loading=\"eager\"\/><\/p>\n<p class=\"image-meta-data__MetadataParagraph-sc-1uy1w81-0 kfSQp image-metadata\">Jack Osbourne explota contra Roger Waters \/ Instagram @jackosbourne <\/p>\n<p class=\"ei-articleBody__StyledText-sc-1wmd47a-1 gXgyFY body-paragraph ei-article-body-text\">Aunque la relaci\u00f3n entre Ozzy Osbourne y Roger Waters nunca fue cercana ni conocida p\u00fablicamente,<b> ambos m\u00fasicos representan dos de los nombres m\u00e1s influyentes en la historia del rock. <\/b>Sin embargo, la confrontaci\u00f3n actual surge en un momento sensible: <b>apenas semanas despu\u00e9s de la muerte de Ozzy<\/b>, lo que intensific\u00f3 las cr\u00edticas hacia Waters por la falta de tacto en sus declaraciones.<\/p>\n<p class=\"ei-articleBody__StyledText-sc-1wmd47a-1 gXgyFY body-paragraph ei-article-body-text\">El comentario tambi\u00e9n se enmarca en una trayectoria reciente del ex<b> Pink Floyd <\/b>marcada por pol\u00e9micas, ya que sus posturas pol\u00edticas y declaraciones sobre figuras de la cultura pop han generado controversia en diversas ocasiones.<\/p>\n<p><a aria-label=\"recommended card article link\" href=\"https:\/\/www.elimparcial.com\/espectaculos\/2025\/07\/30\/el-ultimo-adios-a-ozzy-osbourne-miles-de-fans-lo-despiden-en-birmingham-con-flores-musica-y-lagrimas\/\" class=\"ei-recommendedCard__RecommendedCardAnchor-sc-1walexe-1 iRTihv ei-recommended-card-anchor\" rel=\"nofollow noopener\" target=\"_blank\"><img alt=\"El \u00faltimo adi\u00f3s a Ozzy Osbourne: miles de fans lo despiden en Birmingham con flores, m\u00fasica y l\u00e1grimas\" decoding=\"async\" src=\"https:\/\/www.europesays.com\/es\/wp-content\/uploads\/2025\/09\/VXQ5TZKNLNEABAHYBXUO37WAA4.jpg\" class=\"ei-recommendedCard__RecommendedCardImg-sc-1walexe-2 dMwBkH ei-recommended-card-img\"\/><\/a><img alt=\"English singer\/songwriter\/bassist Roger Waters performs at the Sports Palace in Mexico City on November 28, 2018. - Waters is in Mexico for his tour called &quot;Roger Waters Us + Them 2018&quot;. (Photo by ALFREDO ESTRELLA \/ AFP)\" class=\"global-image\" decoding=\"async\" height=\"75\" src=\"https:\/\/www.europesays.com\/es\/wp-content\/uploads\/2025\/09\/OZFJJDFNZJHMLEJNIBIMBR5XZE.jpg\" data-lightbox=\"https:\/\/www.europesays.com\/es\/wp-content\/uploads\/2025\/09\/OZFJJDFNZJHMLEJNIBIMBR5XZE.jpg\" width=\"100\" fetchpriority=\"high\" loading=\"eager\"\/><\/p>\n<p class=\"image-meta-data__MetadataParagraph-sc-1uy1w81-0 kfSQp image-metadata\">English singer\/songwriter\/bassist Roger Waters performs at the Sports Palace in Mexico City on November 28, 2018. &#8211; Waters is in Mexico for his tour called \u00abRoger Waters Us + Them 2018\u00bb. (Photo by ALFREDO ESTRELLA \/ AFP) (ALFREDO ESTRELLA\/AFP)<\/p>\n<p class=\"ei-articleBody__StyledText-sc-1wmd47a-1 gXgyFY body-paragraph ei-article-body-text\"><b>Te puede interesar: <\/b><a href=\"https:\/\/www.elimparcial.com\/mundo\/2023\/05\/26\/roger-waters-la-policia-alemana-investiga-a-la-exestrella-de-pink-floyd-por-usar-un-atuendo-de-estilo-nazi-en-un-concierto\/\" target=\"_blank\" rel=\"noreferrer nofollow noopener\" title=\"https:\/\/www.elimparcial.com\/mundo\/2023\/05\/26\/roger-waters-la-policia-alemana-investiga-a-la-exestrella-de-pink-floyd-por-usar-un-atuendo-de-estilo-nazi-en-un-concierto\/\"><b>Roger Waters: la polic\u00eda alemana investiga a la exestrella de Pink Floyd por usar un atuendo de estilo nazi en un concierto<\/b><\/a><\/p>\n<p class=\"ei-articleBody__StyledText-sc-1wmd47a-1 gXgyFY body-paragraph ei-article-body-text\">La confrontaci\u00f3n entre<b> Roger Waters y Jack Osbourne gener\u00f3 un amplio debate en redes sociales y medios de comunicaci\u00f3n internacionales. <\/b>Mientras algunos usuarios defendieron a Waters argumentando que se trataba de una cr\u00edtica general a la distracci\u00f3n medi\u00e1tica, la mayor\u00eda consider\u00f3 sus palabras como <b>una falta de respeto hacia la memoria de Ozzy Osbourne<\/b>.<\/p>\n<p class=\"ei-articleBody__StyledText-sc-1wmd47a-1 gXgyFY body-paragraph ei-article-body-text\">Los fan\u00e1ticos del<b> Pr\u00edncipe de las Tinieblas<\/b> recordaron su extensa trayectoria musical y su influencia en el heavy metal, destacando que su legado trasciende m\u00e1s all\u00e1 de los episodios pol\u00e9micos de su vida personal.<\/p>\n<p class=\"ei-articleBody__StyledText-sc-1wmd47a-1 gXgyFY body-paragraph ei-article-body-text\"><b>Te puede interesar: <\/b><a href=\"https:\/\/www.elimparcial.com\/espectaculos\/2024\/08\/01\/tunden-a-roger-waters-por-pronunciarse-a-favor-de-nicolas-maduro\/#google_vignette\" target=\"_blank\" rel=\"noreferrer nofollow noopener\" title=\"https:\/\/www.elimparcial.com\/espectaculos\/2024\/08\/01\/tunden-a-roger-waters-por-pronunciarse-a-favor-de-nicolas-maduro\/#google_vignette\"><b>Tunden a Roger Waters por pronunciarse a favor de Nicol\u00e1s Maduro<\/b><\/a><\/p>\n<p>El legado de Ozzy Osbourne frente a la pol\u00e9mica<\/p>\n<p class=\"ei-articleBody__StyledText-sc-1wmd47a-1 gXgyFY body-paragraph ei-article-body-text\">Ozzy Osbourne ser\u00e1 recordado no solo por su papel como l\u00edder de Black Sabbath, banda pionera del heavy metal, <b>sino tambi\u00e9n por su carrera en solitario que lo consolid\u00f3 como una figura clave en la m\u00fasica mundial. <\/b>A lo largo de m\u00e1s de cinco d\u00e9cadas, inspir\u00f3 a generaciones de artistas y dej\u00f3 un cat\u00e1logo de canciones que se mantienen vigentes.<\/p>\n<p class=\"ei-articleBody__StyledText-sc-1wmd47a-1 gXgyFY body-paragraph ei-article-body-text\">La pol\u00e9mica generada por Roger Waters parece ser solo un episodio m\u00e1s en torno a la conversaci\u00f3n p\u00fablica tras su fallecimiento. Para la familia Osbourne y sus seguidores, el verdadero enfoque sigue siendo <b>honrar la memoria y la m\u00fasica del artista<\/b>, m\u00e1s all\u00e1 de declaraciones externas.<\/p>\n<p><img alt=\"Ozzy Osbourne \/ Instagram @mercurystudios\" class=\"global-image\" decoding=\"async\" height=\"75\" src=\"https:\/\/www.europesays.com\/es\/wp-content\/uploads\/2025\/09\/CDMMFH3PYJBODIQ6JCTFDUYZ6Y.jpg\" data-lightbox=\"https:\/\/www.europesays.com\/es\/wp-content\/uploads\/2025\/09\/CDMMFH3PYJBODIQ6JCTFDUYZ6Y.jpg\" width=\"100\" fetchpriority=\"high\" loading=\"eager\"\/><\/p>\n<p class=\"image-meta-data__MetadataParagraph-sc-1uy1w81-0 kfSQp image-metadata\">Ozzy Osbourne \/ Instagram @mercurystudios <\/p>\n<p class=\"ei-articleBody__StyledText-sc-1wmd47a-1 gXgyFY body-paragraph ei-article-body-text\"><b>Te puede interesar: <\/b><a href=\"https:\/\/www.elimparcial.com\/espectaculos\/2025\/07\/23\/ozzy-osbourne-se-despidio-con-mr-crowley-en-el-ultimo-show-antes-de-su-muerte\/\" target=\"_blank\" rel=\"noreferrer nofollow noopener\" title=\"https:\/\/www.elimparcial.com\/espectaculos\/2025\/07\/23\/ozzy-osbourne-se-despidio-con-mr-crowley-en-el-ultimo-show-antes-de-su-muerte\/\"><b>Ozzy Osbourne se despidi\u00f3 con \u201cMr. Crowley\u201d en el \u00faltimo show antes de su muerte<\/b><\/a><\/p>\n","protected":false},"excerpt":{"rendered":"El Imparcial \/ Espect\u00e1culos \/ Ozzy Osbourne Roger Waters critic\u00f3 a Ozzy Osbourne tras su muerte y Jack&hellip;\n","protected":false},"author":2,"featured_media":91948,"comment_status":"","ping_status":"","sticky":false,"template":"","format":"standard","meta":{"footnotes":""},"categories":[170],"tags":[146,147,25,24,184,185,189,27576,23],"class_list":{"0":"post-91947","1":"post","2":"type-post","3":"status-publish","4":"format-standard","5":"has-post-thumbnail","7":"category-musica","8":"tag-entertainment","9":"tag-entretenimiento","10":"tag-es","11":"tag-espana","12":"tag-music","13":"tag-musica","14":"tag-ozzy-osbourne","15":"tag-roger-waters","16":"tag-spain"},"share_on_mastodon":{"url":"","error":""},"_links":{"self":[{"href":"https:\/\/www.europesays.com\/es\/wp-json\/wp\/v2\/posts\/91947","targetHints":{"allow":["GET"]}}],"collection":[{"href":"https:\/\/www.europesays.com\/es\/wp-json\/wp\/v2\/posts"}],"about":[{"href":"https:\/\/www.europesays.com\/es\/wp-json\/wp\/v2\/types\/post"}],"author":[{"embeddable":true,"href":"https:\/\/www.europesays.com\/es\/wp-json\/wp\/v2\/users\/2"}],"replies":[{"embeddable":true,"href":"https:\/\/www.europesays.com\/es\/wp-json\/wp\/v2\/comments?post=91947"}],"version-history":[{"count":0,"href":"https:\/\/www.europesays.com\/es\/wp-json\/wp\/v2\/posts\/91947\/revisions"}],"wp:featuredmedia":[{"embeddable":true,"href":"https:\/\/www.europesays.com\/es\/wp-json\/wp\/v2\/media\/91948"}],"wp:attachment":[{"href":"https:\/\/www.europesays.com\/es\/wp-json\/wp\/v2\/media?parent=91947"}],"wp:term":[{"taxonomy":"category","embeddable":true,"href":"https:\/\/www.europesays.com\/es\/wp-json\/wp\/v2\/categories?post=91947"},{"taxonomy":"post_tag","embeddable":true,"href":"https:\/\/www.europesays.com\/es\/wp-json\/wp\/v2\/tags?post=91947"}],"curies":[{"name":"wp","href":"https:\/\/api.w.org\/{rel}","templated":true}]}}