{"id":91951,"date":"2025-09-04T03:17:29","date_gmt":"2025-09-04T03:17:29","guid":{"rendered":"https:\/\/www.europesays.com\/es\/91951\/"},"modified":"2025-09-04T03:17:29","modified_gmt":"2025-09-04T03:17:29","slug":"trent-explica-como-se-gesto-su-llegada-al-real-madrid-fue-una-de-las-decisiones-mas-dificiles-de-mi-vida-futbol","status":"publish","type":"post","link":"https:\/\/www.europesays.com\/es\/91951\/","title":{"rendered":"Trent explica c\u00f3mo se gest\u00f3 su llegada al Real Madrid: \u00abFue una de las decisiones m\u00e1s dif\u00edciles de mi vida\u00bb | F\u00fatbol"},"content":{"rendered":"<p>Trent Alexander-Arnold, a sus 26 a\u00f1os, ha decidido dar un cambio en su vida al dejar el Liverpool por el Real Madrid. El lateral diestro ingl\u00e9s lleva pr\u00e1cticamente tres meses jugando en Chamart\u00edn y ya ha podido competir bajo las \u00f3rdenes de Xabi Alonso tanto en el Mundial de Clubes como en LaLiga. El brit\u00e1nico se convirti\u00f3 en un futbolista indiscutible durante los partidos de los blancos en la cita mundialista. Tanto, que fue titular en todos los encuentros,<a href=\"https:\/\/cadenaser.com\/nacional\/2025\/07\/09\/psg-real-madrid-en-directo-las-semifinales-del-mundial-de-clubes-en-vivo-cadena-ser\/\" target=\"_blank\" rel=\"noreferrer nofollow noopener\" title=\"https:\/\/cadenaser.com\/nacional\/2025\/07\/09\/psg-real-madrid-en-directo-las-semifinales-del-mundial-de-clubes-en-vivo-cadena-ser\/\"> exceptuando la derrota por 4-0 ante el PSG<\/a>, ya que no pudo jugar por una lesi\u00f3n muscular. <\/p>\n<p>En el comienzo del nuevo curso, volvi\u00f3 a ser de la partida en la pretemporada, en el \u00fanico amistoso que <a href=\"https:\/\/cadenaser.com\/audio\/1755022251299\/\" target=\"_blank\" rel=\"noreferrer nofollow noopener\" title=\"https:\/\/cadenaser.com\/audio\/1755022251299\/\">los blancos jugaron frente al Tirol por 0-4<\/a>. Ya en la competici\u00f3n dom\u00e9stica, exceptuando en <a href=\"https:\/\/cadenaser.com\/nacional\/2025\/08\/24\/real-oviedo-real-madrid-en-directo-el-partido-de-la-jornada-2-de-laliga-en-vivo-cadena-ser\/\" target=\"_blank\" rel=\"noreferrer nofollow noopener\" title=\"https:\/\/cadenaser.com\/nacional\/2025\/08\/24\/real-oviedo-real-madrid-en-directo-el-partido-de-la-jornada-2-de-laliga-en-vivo-cadena-ser\/\">el partido ante el Real Oviedo en el Carlos Tartiere<\/a>, Alexander-Arnold ha sido el elegido por Xabi Alonso para jugar de titular en el lateral diestro. <\/p>\n<p>M\u00e1s informaci\u00f3n<\/p>\n<p>Ubicados en el par\u00f3n de selecciones, Alexander-Arnold ha concedido una entrevista a la revista GQ, en donde ha hablado sobre su pasado en el Liverpool y tambi\u00e9n su actual presencia en el Real Madrid. Asegura que defender la camiseta blanca es \u00abun desaf\u00edo\u00bb y se rinde a la m\u00edstica que rodea al club: \u00abEl Bernab\u00e9u es sagrado. Sientes el peso de la camiseta, pero eso es lo que te empuja a darlo todo\u00bb.<\/p>\n<p>En su aterrizaje en el Real Madrid, destaca la figura de Jude Bellingham para que todo fuera m\u00e1s f\u00e1cil: \u00abHabl\u00e9 con Jude un par de veces porque nos conocemos desde hace mucho por la selecci\u00f3n inglesa. No tuvo nada m\u00e1s que buenas palabras sobre el club y sobre el ambiente que lo rodea\u00bb. Trent califica Madrid como una \u00abciudad hermosa, rica en historia y creatividad\u00bb. Asegura tener muchas ganas de aprender castellano y de disfrutar al cien por cien de la experiencia de vivir en la capital de Espa\u00f1a. <\/p>\n<p>Trent (en la propia entrevista explica que quiere que se le llame Trent y no Alexander-Arnold) explica la dificultad de pasar de Inglaterra a Espa\u00f1a: \u00abFue una de las decisiones m\u00e1s dif\u00edciles de mi vida. Liverpool es mi casa, me hizo ser quien soy. Pero Madrid se sent\u00eda como el paso correcto, en el momento justo\u00bb. <\/p>\n<p>Las diferencias entre LaLiga y la Premier<\/p>\n<p>Por \u00faltimo, preguntado por las diferencias entre LaLiga y la Premier League, explica que los ritmos y el estilo de juego son completamente diferentes entre las dos competiciones. \u00abEstoy deseando probarme en ese entorno. Claro que es diferente, pero es lo que me motiva: probarme en LaLiga y tambi\u00e9n marcar una \u00e9poca en Madrid\u00bb, se\u00f1ala. Tambi\u00e9n es un reto muy motivante para \u00e9l poder ser importante en \u00abun vestuario como el del Real Madrid\u00bb. <\/p>\n<p>Ahora, Trent tendr\u00e1 unos d\u00edas libres al no estar convocado con la selecci\u00f3n inglesa para disputar los primeros clasificatorios al Mundial 2026. La competici\u00f3n volver\u00e1 para el Real Madrid el 13 de septiembre, a las 16:15 horas, en el partido que los blancos disputar\u00e1n ante la Real Sociedad en el Reale Arena. Entre semana se medir\u00e1n al Marsella en Champions y, el fin de semana del 21 de septiembre, ante el RCD Espanyol en el Santiago Bernab\u00e9u.<\/p>\n","protected":false},"excerpt":{"rendered":"Trent Alexander-Arnold, a sus 26 a\u00f1os, ha decidido dar un cambio en su vida al dejar el Liverpool&hellip;\n","protected":false},"author":2,"featured_media":91952,"comment_status":"","ping_status":"","sticky":false,"template":"","format":"standard","meta":{"footnotes":""},"categories":[93],"tags":[168,25,24,23,167,16252,16253],"class_list":{"0":"post-91951","1":"post","2":"type-post","3":"status-publish","4":"format-standard","5":"has-post-thumbnail","7":"category-deportes","8":"tag-deportes","9":"tag-es","10":"tag-espana","11":"tag-spain","12":"tag-sports","13":"tag-zsoccer","14":"tag-zsport"},"share_on_mastodon":{"url":"","error":""},"_links":{"self":[{"href":"https:\/\/www.europesays.com\/es\/wp-json\/wp\/v2\/posts\/91951","targetHints":{"allow":["GET"]}}],"collection":[{"href":"https:\/\/www.europesays.com\/es\/wp-json\/wp\/v2\/posts"}],"about":[{"href":"https:\/\/www.europesays.com\/es\/wp-json\/wp\/v2\/types\/post"}],"author":[{"embeddable":true,"href":"https:\/\/www.europesays.com\/es\/wp-json\/wp\/v2\/users\/2"}],"replies":[{"embeddable":true,"href":"https:\/\/www.europesays.com\/es\/wp-json\/wp\/v2\/comments?post=91951"}],"version-history":[{"count":0,"href":"https:\/\/www.europesays.com\/es\/wp-json\/wp\/v2\/posts\/91951\/revisions"}],"wp:featuredmedia":[{"embeddable":true,"href":"https:\/\/www.europesays.com\/es\/wp-json\/wp\/v2\/media\/91952"}],"wp:attachment":[{"href":"https:\/\/www.europesays.com\/es\/wp-json\/wp\/v2\/media?parent=91951"}],"wp:term":[{"taxonomy":"category","embeddable":true,"href":"https:\/\/www.europesays.com\/es\/wp-json\/wp\/v2\/categories?post=91951"},{"taxonomy":"post_tag","embeddable":true,"href":"https:\/\/www.europesays.com\/es\/wp-json\/wp\/v2\/tags?post=91951"}],"curies":[{"name":"wp","href":"https:\/\/api.w.org\/{rel}","templated":true}]}}