{"id":91953,"date":"2025-09-04T03:19:26","date_gmt":"2025-09-04T03:19:26","guid":{"rendered":"https:\/\/www.europesays.com\/es\/91953\/"},"modified":"2025-09-04T03:19:26","modified_gmt":"2025-09-04T03:19:26","slug":"el-hormiguero-pablo-motos-se-rinde-ante-perez-reverte-television","status":"publish","type":"post","link":"https:\/\/www.europesays.com\/es\/91953\/","title":{"rendered":"\u2018El hormiguero\u2019: Pablo Motos se rinde ante P\u00e9rez-Reverte | Televisi\u00f3n"},"content":{"rendered":"<p class=\"\">Pablo Motos (Requena, 60 a\u00f1os) abre el plano de <a href=\"https:\/\/elpais.com\/noticias\/el-hormiguero\/\" target=\"_self\" rel=\"nofollow noopener\" title=\"https:\/\/elpais.com\/noticias\/el-hormiguero\/\">El Hormiguero<\/a> con un baile juvenil. Los colaboradores salen por detr\u00e1s, fingiendo que se lo pasan pirata. Hoy viene P\u00e9rez Reverte, y ma\u00f1ana Ester Exp\u00f3sito. Ser\u00e1n dos programas radicalmente diferentes en tono, contenido, y trato. Se mantendr\u00e1 la silla de Motos, elevada con sutileza unos treinta cent\u00edmetros por encima del invitado.<\/p>\n<p>M\u00e1s informaci\u00f3n<\/p>\n<p class=\"\">Pero esta noche tocaba se\u00f1or intelectual. Pablo Motos enuncia un ox\u00edmoron \u201cHoy ha venido a divertirse al Hormiguero&#8230;<a href=\"https:\/\/elpais.com\/cultura\/2025-09-02\/perez-reverte-retoma-la-aventura-de-alastriste-14-anos-despues-es-un-heroe-muy-espanol-tiene-lo-mejor-y-lo-peor-de-nosotros.html\" target=\"_self\" rel=\"nofollow noopener\" title=\"https:\/\/elpais.com\/cultura\/2025-09-02\/perez-reverte-retoma-la-aventura-de-alastriste-14-anos-despues-es-un-heroe-muy-espanol-tiene-lo-mejor-y-lo-peor-de-nosotros.html\"> \u00a1Arturo P\u00e9rez-Reverte<\/a>!\u201d. \u00bfSe ha divertido alguna vez este hombre? Me pregunto. \u00bfAlguna vez le recuerdo sosegado? No lo creo. P\u00e9rez-Reverte sale al escenario y se sienta c\u00f3modamente en esa silla. Le ponen una taza del programa en color blanco (la de Motos es cromada, sideral, casi merchandising del grupo Spectra) y Motos muestra un ejemplar de la <a href=\"https:\/\/elpais.com\/cultura\/2025-09-02\/perez-reverte-retoma-la-aventura-de-alastriste-14-anos-despues-es-un-heroe-muy-espanol-tiene-lo-mejor-y-lo-peor-de-nosotros.html\" target=\"_self\" rel=\"nofollow noopener\" title=\"https:\/\/elpais.com\/cultura\/2025-09-02\/perez-reverte-retoma-la-aventura-de-alastriste-14-anos-despues-es-un-heroe-muy-espanol-tiene-lo-mejor-y-lo-peor-de-nosotros.html\">nueva novela de Alatriste, titulada Misi\u00f3n en Par\u00eds<\/a>. Han pasado quince a\u00f1os entre la anterior (El puente de los asesinos) pero, como dice Reverte, para el protagonista solo ha pasado un a\u00f1o. <\/p>\n<p class=\"\">La entrevista empieza hablando un poco de literatura, que hay que vender (o intentar vender) la novela, especialmente ahora que las ventas de libros son exiguas. P\u00e9rez-Reverte habla de Los tres mosqueteros (creo que no recuerdo una entrevista suya en la que no mencione, antes o despu\u00e9s, a Dumas) y dice que \u00e9l se sent\u00eda D\u2019Artagnan. Las hormigas murmuran algo que no entiendo. Espero a que suceda el inevitable momento en el que un menor de cincuenta confunde los nombres de los Mosqueperros con los de los Mosqueteros, pero no sucede. <\/p>\n<p><img alt=\"Pablo Motos y Arturo P\u00e9rez-Reverte, en un momento de la entrevista.\" decoding=\"auto\" class=\"_re lazyload a_m-h\" height=\"276\"  width=\"414\"  src=\"https:\/\/www.europesays.com\/es\/wp-content\/uploads\/2025\/09\/44Z2WVI2JVFKJB4YIDQ7NFHMRY.jpeg\" loading=\"lazy\"\/>Pablo Motos y Arturo P\u00e9rez-Reverte, en un momento de la entrevista.Carlos Lopez Alvarez<\/p>\n<p class=\"\">Informaci\u00f3n promocional: ha salido esta novela, trata de esto, aqu\u00ed la portada, adi\u00f3s muy buenas. El departamento promocional de Alfaguara ha tenido unos minutos de exposici\u00f3n en prime time, que no es cualquier cosa. Pero el resto de la entrevista ya va a ir por otro lado. Toca, como no pod\u00eda ser de otro modo, el momento del reporterismo de guerra (ahora tan mal pagado), y P\u00e9rez-Reverte cuenta otra vez \u2014y digo otra vez porque se lo o\u00ed contar en vivo, en 1995, en un colegio\u2014 cuando hizo omisi\u00f3n de ayuda en Bosnia porque hab\u00eda que salir en el telediario. Dice que esos ni\u00f1os se le quedan en la retina y en el recuerdo. Me pregunto si miente (si le da igual) o si es una de esas raras confesiones que caen en las entrevistas. <\/p>\n<p class=\"\">P\u00e9rez-Reverte tiene 74 a\u00f1os, <a href=\"https:\/\/elpais.com\/cultura\/2024-10-09\/amor-y-guerra-en-el-mar-egeo-una-pasion-imposible-y-una-feroz-lancha-torpedera-cedida-por-los-nazis-protagonizan-la-nueva-novela-de-arturo-perez-reverte.html#?rel=mas\" target=\"_self\" rel=\"nofollow noopener\" title=\"https:\/\/elpais.com\/cultura\/2024-10-09\/amor-y-guerra-en-el-mar-egeo-una-pasion-imposible-y-una-feroz-lancha-torpedera-cedida-por-los-nazis-protagonizan-la-nueva-novela-de-arturo-perez-reverte.html#?rel=mas\">y ya ha conquistado todo lo que podr\u00eda querer <\/a>(superventas, acad\u00e9mico de la lengua, adaptaciones al cine y supongo que mucho tiempo libre para leer). Motos, catorce a\u00f1os menor, no tiene todo lo que podr\u00eda querer, y sospecho que no lo tendr\u00e1 nunca. Pablo intenta seguirle el ritmo a Arturo, pero no puede. \u00c9l mismo sabe que no va a ser capaz. Arturo es un entrevistado agradecido, de esos con los que no hace falta tener un extra de seis preguntas m\u00e1s por si se quedan sin fuelle. Motos, que es muy de contar sus an\u00e9cdotas, solo consigue colocar una. Sabe que es el omega (ni siquiera el beta; eso es con los de Hollywood) y se retira a un discreto segundo plano. Lanza preguntas no muy afiladas. Que a ver qu\u00e9 piensa Reverte de Pablo Iglesias, de Vox, de Rufi\u00e1n. Reverte, que tiene muchos a\u00f1os pero tambi\u00e9n muchas tablas, se maneja con soltura. No es tajante en ning\u00fan momento, y matiza dentro de la propia respuesta. Sabe la que se le puede venir encima. Solo sale de ese papel cuando Pablo Motos le pregunta por el Islam (en ese momento las hormigas deben de estar escuchando al Hombre Linterna en el discman).<\/p>\n<blockquote class=\"a_q\">\n<p>Motos sabe que tiene delante a un hombre intelectualmente muy superior a \u00e9l. Ha pasado m\u00e1s veces, pero es que en esta ocasi\u00f3n lo sabe, lo asume. <\/p>\n<\/blockquote>\n<p class=\"\">Motos, hablando claro, est\u00e1 encogido (pese a lo de la silla). Sabe que tiene delante a un hombre intelectualmente muy superior a \u00e9l. Ha pasado m\u00e1s veces, pero es que en esta ocasi\u00f3n lo sabe, lo asume. No hay huevos de hacerle un chiste a P\u00e9rez-Reverte; a ver qui\u00e9n osa a probar con la diversi\u00f3n. Se cuela otra frase que pasa desapercibida \u201cHe dejado muertos en la cuneta&#8230; a veces matas sin querer\u201d. Y dale, seguimos con preguntas gen\u00e9ricas \u201c\u00bfQuedan h\u00e9roes como Alatriste?\u201d Esta misma pregunta se la hubiera podido cascar a Francisco Ib\u00e1\u00f1ez, Jack Kirby, o Chimo Bayo. Hubiera dado lo mismo. \u201cLos espa\u00f1oles son h\u00e9roes como Alatriste\u201d. Aplausos.<\/p>\n<p class=\"\">Las preguntas pol\u00edticas son imparables. Desfila todo el hemiciclo y parte del G7. P\u00e9rez-Reverte reparte sin que se note que va con cuidado. Motos pregunta si Europa agoniza. \u201cEuropa es una especie de enfermo agonizante que sirve a Trump y teme a Putin. Su momento pas\u00f3\u201d. No veo el momento de que llegue alg\u00fan colaborador a hacer chistes. Pero no pasa. Me doy cuenta de que se va a acabar el programa y all\u00ed nadie ha hecho tonter\u00edas, ni se han tenido que aplaudir los \u00bfchistes? de Juan del Val. En sustituci\u00f3n tenemos algunas preguntas sobre Pedro S\u00e1nchez, que es el perejil de todas las salsas (y no solo por ser presidente del gobierno). Aplauden mucho cuando P\u00e9rez-Reverte ridiculiza a Yolanda D\u00edaz. En l\u00edneas generales, Motos quiere que el invitado sea su altavoz, pero no lo consigue. No s\u00e9 cu\u00e1l es la orientaci\u00f3n pol\u00edtica de Motos (aunque me la puedo imaginar), pero s\u00ed s\u00e9 que no se atreve a expresarla muy alto (cosa que, por otro lado, entiendo).<\/p>\n<p class=\"\">El programa toca a su fin. Ha salido a pasear el P\u00e9rez-Reverte polemista, pero tambi\u00e9n el P\u00e9rez-Reverte escritor. Me ha recordado a cuando le le\u00eda en prensa y no en Twitter (ahora X). El P\u00e9rez-Reverte escritor es m\u00e1s interesante que el P\u00e9rez-Reverte tuitero.<\/p>\n<p class=\"\">Ahora mismo Pablo Motos debe de estar con una toalla al cuello mientras sus asistentes y lisonjeros le dicen que ha estado muy bien, que todo ha ido genial. Y no ha ido mal. Eso de dejar que el invitado hable funciona. Deber\u00edan hacerlo m\u00e1s. Y ya, en otra ocasi\u00f3n, dar m\u00e1s de diez minutos a un escritor para que hable de literatura ser\u00eda todo un avance. Y ma\u00f1ana, Ester Exp\u00f3sito. Que vuelva el sex appeal de Pablo Motos a dar lo mejor de s\u00ed.<\/p>\n","protected":false},"excerpt":{"rendered":"Pablo Motos (Requena, 60 a\u00f1os) abre el plano de El Hormiguero con un baile juvenil. Los colaboradores salen&hellip;\n","protected":false},"author":2,"featured_media":91954,"comment_status":"","ping_status":"","sticky":false,"template":"","format":"standard","meta":{"footnotes":""},"categories":[91],"tags":[4040,20728,151,17104,5813,146,147,25,1598,24,225,671,1925,5812,25284,23,807],"class_list":{"0":"post-91953","1":"post","2":"type-post","3":"status-publish","4":"format-standard","5":"has-post-thumbnail","7":"category-entretenimiento","8":"tag-antena-3","9":"tag-arturo-perez-reverte","10":"tag-atresmedia","11":"tag-critica-television","12":"tag-el-hormiguero","13":"tag-entertainment","14":"tag-entretenimiento","15":"tag-es","16":"tag-escritores","17":"tag-espana","18":"tag-libros","19":"tag-literatura","20":"tag-opinion","21":"tag-pablo-motos","22":"tag-programas-entretenimiento","23":"tag-spain","24":"tag-television"},"share_on_mastodon":{"url":"","error":""},"_links":{"self":[{"href":"https:\/\/www.europesays.com\/es\/wp-json\/wp\/v2\/posts\/91953","targetHints":{"allow":["GET"]}}],"collection":[{"href":"https:\/\/www.europesays.com\/es\/wp-json\/wp\/v2\/posts"}],"about":[{"href":"https:\/\/www.europesays.com\/es\/wp-json\/wp\/v2\/types\/post"}],"author":[{"embeddable":true,"href":"https:\/\/www.europesays.com\/es\/wp-json\/wp\/v2\/users\/2"}],"replies":[{"embeddable":true,"href":"https:\/\/www.europesays.com\/es\/wp-json\/wp\/v2\/comments?post=91953"}],"version-history":[{"count":0,"href":"https:\/\/www.europesays.com\/es\/wp-json\/wp\/v2\/posts\/91953\/revisions"}],"wp:featuredmedia":[{"embeddable":true,"href":"https:\/\/www.europesays.com\/es\/wp-json\/wp\/v2\/media\/91954"}],"wp:attachment":[{"href":"https:\/\/www.europesays.com\/es\/wp-json\/wp\/v2\/media?parent=91953"}],"wp:term":[{"taxonomy":"category","embeddable":true,"href":"https:\/\/www.europesays.com\/es\/wp-json\/wp\/v2\/categories?post=91953"},{"taxonomy":"post_tag","embeddable":true,"href":"https:\/\/www.europesays.com\/es\/wp-json\/wp\/v2\/tags?post=91953"}],"curies":[{"name":"wp","href":"https:\/\/api.w.org\/{rel}","templated":true}]}}