{"id":91959,"date":"2025-09-04T03:22:07","date_gmt":"2025-09-04T03:22:07","guid":{"rendered":"https:\/\/www.europesays.com\/es\/91959\/"},"modified":"2025-09-04T03:22:07","modified_gmt":"2025-09-04T03:22:07","slug":"el-progreso-se-suma-a-los-250-medios-de-comunicacion-que-condenan-el-asesinato-de-periodistas-en-gaza","status":"publish","type":"post","link":"https:\/\/www.europesays.com\/es\/91959\/","title":{"rendered":"El Progreso se suma a los 250 medios de comunicaci\u00f3n que condenan el asesinato de periodistas en Gaza"},"content":{"rendered":"<p>M\u00e1s de 250 medios de comunicaci\u00f3n de todo el mundo, decenas en Espa\u00f1a, entre ellos El Progreso, se han sumado estos d\u00edas\u00a0a la iniciativa de <strong>Reporteros Sin Fronteras (RSF)<\/strong> para denunciar el asesinato de periodistas en <a target=\"_blank\" href=\"https:\/\/www.elprogreso.es\/tags\/gaza\/\" rel=\"nofollow noopener\">Gaza<\/a>. \u00abTristemente un \u00e9xito rotundo\u00bb, dijo el presidente de la organizaci\u00f3n en Espa\u00f1a, <strong>Alfonso Bauluz<\/strong>.<\/p>\n<p>Uno de esos profesionales que se juega el tipo en Oriente Medio es el periodista lucense <strong>Marcos M\u00e9ndez Moreira<\/strong>, que este mi\u00e9rcoles\u00a0recibi\u00f3 el respaldo de sus compa\u00f1eros de la Redacci\u00f3n de El Progreso, por la vital labor de informaci\u00f3n que desempe\u00f1an profesionales como \u00e9l en las zonas de conflicto.<\/p>\n<p>Licenciado en Comunicaci\u00f3n Audiovisual por la Universidad de Navarra, M\u00e9ndez ha trabajado desde 1998 para diversos medios <strong>nacionales e internacionales<\/strong>, inicialmente como editor y, desde 2010, de forma independiente en los cinco continentes.<\/p>\n<p>A lo largo de casi tres d\u00e9cadas, ha pasado, entre otras,\u00a0por\u00a0las redacciones de<strong> Atlas (Telecinco ) y Antena 3 de Galicia, TVE de Madrid,\u00a0TVG y Radio Galega,<\/strong> ha colaborado peri\u00f3dicamente con <strong>El Progreso<\/strong>\u00a0y ha cubierto la guerra de Ucrania y la de Gaza para varios medios.<\/p>\n<p>La guerra de Israel en Gaza ha costado la vida a m\u00e1s de 60.000 palestinos y ha dejado m\u00e1s de 210 periodistas muertos en la Franja, seg\u00fan Reporteros Sin Fronteras.\u00a0<\/p>\n","protected":false},"excerpt":{"rendered":"M\u00e1s de 250 medios de comunicaci\u00f3n de todo el mundo, decenas en Espa\u00f1a, entre ellos El Progreso, se&hellip;\n","protected":false},"author":2,"featured_media":91960,"comment_status":"","ping_status":"","sticky":false,"template":"","format":"standard","meta":{"footnotes":""},"categories":[42],"tags":[17,18,12495,33470,14843,13,14,694,11,61,62,63,64,19,20,9,10,15,16,2151,12,21,22,65,66,67],"class_list":{"0":"post-91959","1":"post","2":"type-post","3":"status-publish","4":"format-standard","5":"has-post-thumbnail","7":"category-internacional","8":"tag-breaking-news","9":"tag-breakingnews","10":"tag-conflicto-israel-palestina","11":"tag-el-progreso","12":"tag-esta-pasando","13":"tag-featured-news","14":"tag-featurednews","15":"tag-gaza","16":"tag-headlines","17":"tag-internacional","18":"tag-international","19":"tag-international-news","20":"tag-internationalnews","21":"tag-latest-news","22":"tag-latestnews","23":"tag-news","24":"tag-noticias","25":"tag-noticias-destacadas","26":"tag-noticiasdestacadas","27":"tag-periodismo","28":"tag-titulares","29":"tag-ultimas-noticias","30":"tag-ultimasnoticias","31":"tag-world","32":"tag-world-news","33":"tag-worldnews"},"share_on_mastodon":{"url":"","error":""},"_links":{"self":[{"href":"https:\/\/www.europesays.com\/es\/wp-json\/wp\/v2\/posts\/91959","targetHints":{"allow":["GET"]}}],"collection":[{"href":"https:\/\/www.europesays.com\/es\/wp-json\/wp\/v2\/posts"}],"about":[{"href":"https:\/\/www.europesays.com\/es\/wp-json\/wp\/v2\/types\/post"}],"author":[{"embeddable":true,"href":"https:\/\/www.europesays.com\/es\/wp-json\/wp\/v2\/users\/2"}],"replies":[{"embeddable":true,"href":"https:\/\/www.europesays.com\/es\/wp-json\/wp\/v2\/comments?post=91959"}],"version-history":[{"count":0,"href":"https:\/\/www.europesays.com\/es\/wp-json\/wp\/v2\/posts\/91959\/revisions"}],"wp:featuredmedia":[{"embeddable":true,"href":"https:\/\/www.europesays.com\/es\/wp-json\/wp\/v2\/media\/91960"}],"wp:attachment":[{"href":"https:\/\/www.europesays.com\/es\/wp-json\/wp\/v2\/media?parent=91959"}],"wp:term":[{"taxonomy":"category","embeddable":true,"href":"https:\/\/www.europesays.com\/es\/wp-json\/wp\/v2\/categories?post=91959"},{"taxonomy":"post_tag","embeddable":true,"href":"https:\/\/www.europesays.com\/es\/wp-json\/wp\/v2\/tags?post=91959"}],"curies":[{"name":"wp","href":"https:\/\/api.w.org\/{rel}","templated":true}]}}