{"id":91961,"date":"2025-09-04T03:23:08","date_gmt":"2025-09-04T03:23:08","guid":{"rendered":"https:\/\/www.europesays.com\/es\/91961\/"},"modified":"2025-09-04T03:23:08","modified_gmt":"2025-09-04T03:23:08","slug":"yolanda-diaz-ve-peligrar-la-reduccion-de-jornada-ante-la-inaccion-de-junts","status":"publish","type":"post","link":"https:\/\/www.europesays.com\/es\/91961\/","title":{"rendered":"Yolanda D\u00edaz ve peligrar la reducci\u00f3n de jornada ante la inacci\u00f3n de Junts"},"content":{"rendered":"<p style=\"\">Cada hora que pasa, la ley para reducir la jornada laboral corre mayor riesgo de que quede desbancada en el Congreso, cuyo <strong>pleno votar\u00e1<\/strong> la pr\u00f3xima semana las enmiendas a la totalidad de <strong>PP, Vox y Junts<\/strong>. El des\u00e1nimo se ha instalado en  &#8230; el entorno de los sindicatos y el Ministerio de Trabajo a pesar de que la vicepresidenta segunda, <strong>Yolanda D\u00edaz<\/strong>, se aferra a que a\u00fan es posible salvar esta coyuntura. Pero la realidad es que, una vez superado el verano, <strong>no se han retomado los contactos<\/strong> con Junts para evitar que los independentistas retiren su veto parlamentario y dejen fluir la ley bajo riesgo de que pueda quedar muy descafeinada.<\/p>\n<p class=\"voc-p\" style=\"\">Esas conversaciones discretas<strong> siguen sin activarse<\/strong>, seg\u00fan apuntan varias fuentes de la negociaci\u00f3n a ABC, despu\u00e9s de que quedasen <a href=\"https:\/\/www.abc.es\/economia\/diaz-paraliza-reduccion-jornada-ante-negativa-junts-20250715164025-nt.html\" target=\"_self\" data-voc-vtm-id=\"in-text-traffic\" title=\"suspendidas a mediados de julio\" data-mrf-link=\"www.abc.es\" rel=\"nofollow noopener\">suspendidas a mediados de julio<\/a> ante la vor\u00e1gine de esc\u00e1ndalos judiciales que asediaban al presidente del Gobierno, Pedro S\u00e1nchez. Ambas partes ten\u00edan previsto retomar los contactos en septiembre. Pero la estrategia parlamentaria de PP, Vox y UPN, cuyos miembros de la Mesa del Congreso han propiciado que <strong>el pleno del mi\u00e9rcoles 10 vote<\/strong> las enmiendas a la totalidad de este proyecto de ley, ha trastocado todos los planes. \u00abO hay un <strong>milagro<\/strong> de \u00faltima hora, o las perspectivas son realmente malas\u00bb, apuntan algunas fuentes gubernamentales y de las organizaciones sindicales.<\/p>\n<p class=\"voc-p\" style=\"\">La intenci\u00f3n de Junts pasaba por ampliar el espectro de las mesas negociadoras mucho m\u00e1s all\u00e1 de la<strong> implantaci\u00f3n de las 37,5 horas<\/strong>, para abarcar cuestiones que afectan directamente a las pymes catalanas, como el <strong>absentismo<\/strong>, la incapacidad temporal, la <strong>productividad<\/strong> o la competitividad. Es decir, implicar a otros ministerios como el de Seguridad Social o el de Econom\u00eda, si hiciera falta. <\/p>\n<p class=\"voc-p\" style=\"\">Buena parte de esos agentes sociales est\u00e1 digiriendo el siguiente escenario, por si la ley decae el d\u00eda 10: la puesta en marcha del <strong>registro horario<\/strong>, con las novedades normativas en materia de acceso y de sanciones, que Trabajo tiene guardado en el caj\u00f3n y que podr\u00eda reactivar en cualquier momento. En este caso, <strong>D\u00edaz no necesitar\u00eda el aval del Congreso<\/strong> para sacarlo adelante. Se tratar\u00eda de un reglamento v\u00eda real decreto que tendr\u00eda que pasar por Consejo de Ministros. <\/p>\n<p class=\"voc-p\" style=\"\">De hecho, es la baza con la que ha jugado la vicepresidenta segunda para negociar los t\u00e9rminos de la reducci\u00f3n de jornada. \u00abSi deciden votar en contra de la reducci\u00f3n de jornada, <strong>voy a hacer lo que tengo que hacer,<\/strong> un real decreto que tiene rango reglamentario. El reglamento lo firmo yo\u00bb, que no necesita pasar por la c\u00e1mara al no ser una ley, anticip\u00f3 la vicepresidenta en mayo, cuando el proyecto de ley a\u00fan no hab\u00eda aterrizado en las Cortes. <\/p>\n<p class=\"voc-p\" style=\"\">Esa modificaci\u00f3n normativa del registro horario supone uno de los grandes temores de los empresarios. El plan b de D\u00edaz pasa porque, como hab\u00eda pactado con UGT y CC.OO, las empresas tengan la obligaci\u00f3n de implantar una <strong>herramienta digital<\/strong> de registro de jornada que sea interoperable por parte de la Inspecci\u00f3n de Trabajo, de modo que pueda <strong>monitorizar<\/strong> las horas efectuadas y actuar de oficio ante posibles incumplimientos. Adem\u00e1s, se prev\u00e9 un alza de las <strong>sanciones<\/strong> por dos v\u00edas: el aumento de las multas, que ser\u00e1n de hasta 10.000 euros por cada caso, y la imposici\u00f3n de faltas por cada caso individualizado de incumplimiento, y no a la empresa en su conjunto. <\/p>\n<p>\nUGT lo ve \u00abprematuro\u00bb\n<\/p>\n<p class=\"voc-p\" style=\"\">Ayer mismo, el secretario general de UGT,<strong> Pepe \u00c1lvarez,<\/strong> mostr\u00f3 ayer su sorpresa ante la velocidad que ha tomado la tramitaci\u00f3n de la ley, con un calendario legislativo que considera <strong>\u00abprematuro\u00bb<\/strong> nada m\u00e1s volver de vacaciones, habida cuenta de las dificultades para aunar los votos de Junts.<\/p>\n<p class=\"voc-p\" style=\"\">El l\u00edder de UGT considera que \u00abno es el momento oportuno\u00bb para ir a votaci\u00f3n. \u00abFrancamente,<strong> llegar de vacaciones<\/strong> y encontrarnos con que con en menos de una semana esto va a pasar a votar, no puedo decir que sea oportuno\u00bb, indic\u00f3 en una comparecencia ante el nuevo curso pol\u00edtico. \u00c1lvarez tambi\u00e9n insisti\u00f3 en la posibilidad de desarrollar el registro horario, as\u00ed como la necesidad de retomar el proyecto, si el Congreso lo rechaza, todas las veces que haga falta para lograr la generalizaci\u00f3n de las 37,5 horas tras meses de dudas.<\/p>\n","protected":false},"excerpt":{"rendered":"Cada hora que pasa, la ley para reducir la jornada laboral corre mayor riesgo de que quede desbancada&hellip;\n","protected":false},"author":2,"featured_media":91962,"comment_status":"","ping_status":"","sticky":false,"template":"","format":"standard","meta":{"footnotes":""},"categories":[8],"tags":[1575,17,18,779,25,24,13,14,11,9064,293,5216,19,20,9,10,15,16,33471,33362,23,12,21,22,12392],"class_list":{"0":"post-91961","1":"post","2":"type-post","3":"status-publish","4":"format-standard","5":"has-post-thumbnail","7":"category-espana","8":"tag-ante","9":"tag-breaking-news","10":"tag-breakingnews","11":"tag-diaz","12":"tag-es","13":"tag-espana","14":"tag-featured-news","15":"tag-featurednews","16":"tag-headlines","17":"tag-inaccion","18":"tag-jornada","19":"tag-junts","20":"tag-latest-news","21":"tag-latestnews","22":"tag-news","23":"tag-noticias","24":"tag-noticias-destacadas","25":"tag-noticiasdestacadas","26":"tag-peligrar","27":"tag-reduccion","28":"tag-spain","29":"tag-titulares","30":"tag-ultimas-noticias","31":"tag-ultimasnoticias","32":"tag-yolanda"},"share_on_mastodon":{"url":"","error":""},"_links":{"self":[{"href":"https:\/\/www.europesays.com\/es\/wp-json\/wp\/v2\/posts\/91961","targetHints":{"allow":["GET"]}}],"collection":[{"href":"https:\/\/www.europesays.com\/es\/wp-json\/wp\/v2\/posts"}],"about":[{"href":"https:\/\/www.europesays.com\/es\/wp-json\/wp\/v2\/types\/post"}],"author":[{"embeddable":true,"href":"https:\/\/www.europesays.com\/es\/wp-json\/wp\/v2\/users\/2"}],"replies":[{"embeddable":true,"href":"https:\/\/www.europesays.com\/es\/wp-json\/wp\/v2\/comments?post=91961"}],"version-history":[{"count":0,"href":"https:\/\/www.europesays.com\/es\/wp-json\/wp\/v2\/posts\/91961\/revisions"}],"wp:featuredmedia":[{"embeddable":true,"href":"https:\/\/www.europesays.com\/es\/wp-json\/wp\/v2\/media\/91962"}],"wp:attachment":[{"href":"https:\/\/www.europesays.com\/es\/wp-json\/wp\/v2\/media?parent=91961"}],"wp:term":[{"taxonomy":"category","embeddable":true,"href":"https:\/\/www.europesays.com\/es\/wp-json\/wp\/v2\/categories?post=91961"},{"taxonomy":"post_tag","embeddable":true,"href":"https:\/\/www.europesays.com\/es\/wp-json\/wp\/v2\/tags?post=91961"}],"curies":[{"name":"wp","href":"https:\/\/api.w.org\/{rel}","templated":true}]}}