{"id":91977,"date":"2025-09-04T03:36:11","date_gmt":"2025-09-04T03:36:11","guid":{"rendered":"https:\/\/www.europesays.com\/es\/91977\/"},"modified":"2025-09-04T03:36:11","modified_gmt":"2025-09-04T03:36:11","slug":"exitosa-iniciativa-para-echar-una-mano-con-los-libros-escolares-en-la-vuelta-al-cole","status":"publish","type":"post","link":"https:\/\/www.europesays.com\/es\/91977\/","title":{"rendered":"exitosa iniciativa para echar una mano con los libros escolares en la vuelta al cole"},"content":{"rendered":"<p>\t\t\t \t\t \t\t\t\t\t\t\tAlgunos de los libros donados en la campa\u00f1a impulsada por Donar o Solicitar en Viveiro <strong class=\"pd-l\"\/><\/p>\n<p>\t\t\t\t\t\tA trav\u00e9s de un grupo en Facebook se facilita tambi\u00e9n el intercambio y pr\u00e9stamo de libros<br \/>\n\t\t\t\t\t\t<strong>04 sep 2025<\/strong> . Actualizado a las 05:00 h.\t\t\t\t\t\t<\/p>\n<p class=\"txt first-paragraph\">&#13;<br \/>\n    \t Con septiembre en marcha y el comienzo de las clases a la vuelta de la esquina son muchas las familias mari\u00f1anas con ni\u00f1os o adolescentes que hacen n\u00fameros para asumir uno de los desembolsos econ\u00f3micos&#13;\n\t<\/p>\n<p>&#13;<br \/>\n\t\t\t\t\tContenido exclusivo para suscriptores&#13;\n\t\t\t\t<\/p>\n<p>\t\t\t\t\tContin\u00faa leyendo con un 74% dto.<\/p>\n<p>\t\t\t\t\t\tSuscripci\u00f3n WEB<br \/>\n\t\t\t\t\t\t\t\t\t\t\t\t18\u20ac\/a\u00f1o<br \/>\n\t\t\t\t\t\tPor solo 1,5\u20ac al mes\t\t\t\t\t\t<\/p>\n<p>\t\t\t\t\t\t<a href=\"https:\/\/elquiosco.lavozdegalicia.es\/suscripciones\/19-46-suscripcion-webapp.html?dllvdg=0003_202509X4C2992&amp;urlData=https:\/\/www.lavozdegalicia.es\/noticia\/amarina\/viveiro\/2025\/09\/04\/exitosa-campana-donacion-prestamo-libros-vuelta-cole-viveiro\/0003_202509X4C2992.htm\" class=\"btn-brand btn sz-t-s no-brd t-sserif pd-h-2 btnAddToCart\" data-analytics-event=\"addToCart\" data-product-name=\"Suscripci\u00f3n WEB+APP\" data-product-price=\"18.00 \" data-product-coupon=\"2025_SEPTIEMBRE_18E_WEB_ANUAL\" data-product-periodicity=\"Anual\" rel=\"nofollow noopener\" target=\"_blank\">Suscr\u00edbete <\/a>\t\t\t\t\t\t<\/p>\n<p>\t\t\t\t\t&#13;<br \/>\n\t\t\t\t\t\u00bfYa eres subscriptor? <a href=\"https:\/\/miperfil.lavozdegalicia.es\/login.jsp?url=https:\/\/www.lavozdegalicia.es\/noticia\/amarina\/viveiro\/2025\/09\/04\/exitosa-campana-donacion-prestamo-libros-vuelta-cole-viveiro\/0003_202509X4C2992.htm\" class=\"c-white\" rel=\"nofollow noopener\" target=\"_blank\">Inicia sesi\u00f3n<\/a>&#13;<\/p>\n","protected":false},"excerpt":{"rendered":"Algunos de los libros donados en la campa\u00f1a impulsada por Donar o Solicitar en Viveiro A trav\u00e9s de&hellip;\n","protected":false},"author":2,"featured_media":91978,"comment_status":"","ping_status":"","sticky":false,"template":"","format":"standard","meta":{"footnotes":""},"categories":[172],"tags":[10327,224,146,147,25,24,225,23,5231],"class_list":{"0":"post-91977","1":"post","2":"type-post","3":"status-publish","4":"format-standard","5":"has-post-thumbnail","7":"category-libros","8":"tag-a-marina","9":"tag-books","10":"tag-entertainment","11":"tag-entretenimiento","12":"tag-es","13":"tag-espana","14":"tag-libros","15":"tag-spain","16":"tag-viveiro"},"share_on_mastodon":{"url":"","error":""},"_links":{"self":[{"href":"https:\/\/www.europesays.com\/es\/wp-json\/wp\/v2\/posts\/91977","targetHints":{"allow":["GET"]}}],"collection":[{"href":"https:\/\/www.europesays.com\/es\/wp-json\/wp\/v2\/posts"}],"about":[{"href":"https:\/\/www.europesays.com\/es\/wp-json\/wp\/v2\/types\/post"}],"author":[{"embeddable":true,"href":"https:\/\/www.europesays.com\/es\/wp-json\/wp\/v2\/users\/2"}],"replies":[{"embeddable":true,"href":"https:\/\/www.europesays.com\/es\/wp-json\/wp\/v2\/comments?post=91977"}],"version-history":[{"count":0,"href":"https:\/\/www.europesays.com\/es\/wp-json\/wp\/v2\/posts\/91977\/revisions"}],"wp:featuredmedia":[{"embeddable":true,"href":"https:\/\/www.europesays.com\/es\/wp-json\/wp\/v2\/media\/91978"}],"wp:attachment":[{"href":"https:\/\/www.europesays.com\/es\/wp-json\/wp\/v2\/media?parent=91977"}],"wp:term":[{"taxonomy":"category","embeddable":true,"href":"https:\/\/www.europesays.com\/es\/wp-json\/wp\/v2\/categories?post=91977"},{"taxonomy":"post_tag","embeddable":true,"href":"https:\/\/www.europesays.com\/es\/wp-json\/wp\/v2\/tags?post=91977"}],"curies":[{"name":"wp","href":"https:\/\/api.w.org\/{rel}","templated":true}]}}