{"id":91980,"date":"2025-09-04T03:38:06","date_gmt":"2025-09-04T03:38:06","guid":{"rendered":"https:\/\/www.europesays.com\/es\/91980\/"},"modified":"2025-09-04T03:38:06","modified_gmt":"2025-09-04T03:38:06","slug":"radiohead-vuelve-a-los-escenarios-con-una-gira-que-arranca-en-madrid","status":"publish","type":"post","link":"https:\/\/www.europesays.com\/es\/91980\/","title":{"rendered":"Radiohead vuelve a los escenarios con una gira que arranca en Madrid"},"content":{"rendered":"<p>La banda brit\u00e1nica Radiohead vuelve a los escenarios tras siete a\u00f1os de par\u00f3n. El grupo de rock ha confirmado este mi\u00e9rcoles que va a dar varios conciertos que empezar\u00e1n en <strong>Madrid<\/strong> y luego los llevar\u00e1 por varias ciudades de<strong> Europa<\/strong>, tal y como ha informado la promotora Last Tour.<\/p>\n<p>La gira empezar\u00e1 con <strong>cuatro conciertos<\/strong> en el Movistar Arena, en <strong>Madrid,<\/strong> los d\u00edas <strong>4, 5, 7 y 8 de noviembre<\/strong>. La banda no actuaba en la ciudad desde <strong>hace 22 a\u00f1os<\/strong>. Sus conciertos<strong> en Madrid, los \u00fanicos en Espa\u00f1a<\/strong>, ser\u00e1n parte de una gira que devuelve a la banda brit\u00e1nica a los escenarios tras la \u00faltima que hicieron en 2018 y que contar\u00e1 con 20 conciertos en <strong>cinco ciudades de Europa<\/strong>.<\/p>\n<p>Para poder comprar una entrada es necesario registrarse previamente en un formulario disponible <a href=\"https:\/\/www.radiohead.com\/\" target=\"_blank\" rel=\"nofollow noopener\">en la web del grupo<\/a>. Podr\u00e1 hacerse este viernes.<\/p>\n<p>\u00abEl a\u00f1o pasado nos reunimos para ensayar, solo por el gusto de hacerlo. Despu\u00e9s de una pausa de siete a\u00f1os, nos sent\u00f3 muy bien volver a tocar las canciones de nuevo y reconectar con una identidad musical que se ha arraigado profundamente en nosotros cinco. Tambi\u00e9n hizo que quisi\u00e9ramos dar algunos conciertos juntos\u00bb, ha explicado Philip Selway, uno de sus miembros del grupo de rock, en declaraciones recogidas por la promotora.<\/p>\n<p>El regreso de Radiohead sigue al de otro grupo brit\u00e1nico, <strong>Oasis<\/strong>, la banda m\u00e1s reputada del pa\u00eds a lo largo de la d\u00e9cada de 1990, en una gira aclamada por la cr\u00edtica este verano.<\/p>\n<p>Italia, Reino Unido, Dinamarca y Alemania<\/p>\n<p>Despu\u00e9s de pasar por Madrid, est\u00e1 previsto que act\u00faen en <strong>Bolonia<\/strong> (Italia) los d\u00edas 14, 15, 17 y 18 de noviembre y en <strong>Londres (Reino Unido)<\/strong> los d\u00edas 21, 22, 24 y 25 de noviembre. Ya en diciembre, pasar\u00e1n por los escenarios de <strong>Copenhague<\/strong> <strong>(Dinamarca)<\/strong> los d\u00edas 1, 2, 4 y 5 y de <strong>Berl\u00edn (Alemania)<\/strong> los d\u00edas 8, 9, 11 y 12. \u00abPor ahora, ser\u00e1n solo estas, pero qui\u00e9n sabe a d\u00f3nde nos llevar\u00e1 todo esto\u00bb, ha se\u00f1alado Selway en su mensaje a sus seguidores.<\/p>\n<p>El anuncio coincide con el lanzamiento el pasado mes de agosto en formato digital el \u00e1lbum en directo &#8216;Hail to the Thief &#8211; Live Recordings 2003-2009&#8217;, con material que hab\u00eda sido originalmente recopilado durante la creaci\u00f3n de los arreglos de la producci\u00f3n teatral de Thom Yorke &#8216;Hamlet Hail to the Thief&#8217;. El formato f\u00edsico del \u00e1lbum saldr\u00e1 a la venta unos d\u00edas antes de su parada en Madrid, el 31 de octubre.<\/p>\n<p>Los rumores sobre estos conciertos empezaron a sonar a primera hora de este mi\u00e9rcoles, despu\u00e9s de que apareciera carteles y octavillas en varias ciudades con una ilustraci\u00f3n y el nombre del grupo, donde aparec\u00edan tambi\u00e9n diferentes fechas de la gira.<\/p>\n<p>El grupo se convirti\u00f3 en la <strong>d\u00e9cada de 1990<\/strong> en una de las bandas m\u00e1s respetadas del rock alternativo gracias a temas como <strong>&#8216;Creep&#8217;<\/strong> (lanzado en 1992) y discos como el de su debut, &#8216;Pablo honey&#8217; (1993), y, sobre todo, <strong>&#8216;Ok computer&#8217;<\/strong> (1997) y <strong>&#8216;Kid A&#8217;<\/strong> (2000), dos de sus trabajos m\u00e1s reverenciados. Su actitud a menudo rebelde con la industria comercial les hizo, por ejemplo, lanzar de manera independiente ya su \u00e1lbum &#8216;In rainbows&#8217; (2007), a\u00fan en plena cresta de la ola, lo que acrecent\u00f3 su leyenda.<\/p>\n<p>Ocupados en proyectos paralelos, como la banda The Smile con dos de sus miembros, sus reuniones en los \u00faltimos a\u00f1os se fueron espaciando cada vez m\u00e1s. As\u00ed, su trabajo de estudio m\u00e1s reciente, &#8216;A Moon Shaped Pool&#8217;, de 2016.<\/p>\n","protected":false},"excerpt":{"rendered":"La banda brit\u00e1nica Radiohead vuelve a los escenarios tras siete a\u00f1os de par\u00f3n. El grupo de rock ha&hellip;\n","protected":false},"author":2,"featured_media":91981,"comment_status":"","ping_status":"","sticky":false,"template":"","format":"standard","meta":{"footnotes":""},"categories":[170],"tags":[146,147,25,24,184,185,23],"class_list":{"0":"post-91980","1":"post","2":"type-post","3":"status-publish","4":"format-standard","5":"has-post-thumbnail","7":"category-musica","8":"tag-entertainment","9":"tag-entretenimiento","10":"tag-es","11":"tag-espana","12":"tag-music","13":"tag-musica","14":"tag-spain"},"share_on_mastodon":{"url":"","error":""},"_links":{"self":[{"href":"https:\/\/www.europesays.com\/es\/wp-json\/wp\/v2\/posts\/91980","targetHints":{"allow":["GET"]}}],"collection":[{"href":"https:\/\/www.europesays.com\/es\/wp-json\/wp\/v2\/posts"}],"about":[{"href":"https:\/\/www.europesays.com\/es\/wp-json\/wp\/v2\/types\/post"}],"author":[{"embeddable":true,"href":"https:\/\/www.europesays.com\/es\/wp-json\/wp\/v2\/users\/2"}],"replies":[{"embeddable":true,"href":"https:\/\/www.europesays.com\/es\/wp-json\/wp\/v2\/comments?post=91980"}],"version-history":[{"count":0,"href":"https:\/\/www.europesays.com\/es\/wp-json\/wp\/v2\/posts\/91980\/revisions"}],"wp:featuredmedia":[{"embeddable":true,"href":"https:\/\/www.europesays.com\/es\/wp-json\/wp\/v2\/media\/91981"}],"wp:attachment":[{"href":"https:\/\/www.europesays.com\/es\/wp-json\/wp\/v2\/media?parent=91980"}],"wp:term":[{"taxonomy":"category","embeddable":true,"href":"https:\/\/www.europesays.com\/es\/wp-json\/wp\/v2\/categories?post=91980"},{"taxonomy":"post_tag","embeddable":true,"href":"https:\/\/www.europesays.com\/es\/wp-json\/wp\/v2\/tags?post=91980"}],"curies":[{"name":"wp","href":"https:\/\/api.w.org\/{rel}","templated":true}]}}