{"id":91991,"date":"2025-09-04T03:45:12","date_gmt":"2025-09-04T03:45:12","guid":{"rendered":"https:\/\/www.europesays.com\/es\/91991\/"},"modified":"2025-09-04T03:45:12","modified_gmt":"2025-09-04T03:45:12","slug":"si-esta-preparado-que-venga-a-moscu","status":"publish","type":"post","link":"https:\/\/www.europesays.com\/es\/91991\/","title":{"rendered":"Si est\u00e1 preparado, que venga a Mosc\u00fa"},"content":{"rendered":"<p class=\"article-text\">\n        El presidente de Rusia, Vlad\u00edmir Putin, ha afirmado este mi\u00e9rcoles que est\u00e1 dispuesto a reunirse con su hom\u00f3logo ucraniano, Volod\u00edmir Zelenski, si este viaja a Mosc\u00fa.\n    <\/p>\n<p>    <a href=\"https:\/\/www.eldiario.es\/internacional\/trump-acusa-xi-conspirar-eeuu-putin-kim-jong-celebracion-ii-guerra-mundial_1_12574046.html\" data-mrf-recirculation=\"saber-mas\" data-dl-event=\"saber-mas\" rel=\"nofollow noopener\" target=\"_blank\"><\/p>\n<p class=\"know-more__title\">Trump acusa a Xi de \u00abconspirar contra EEUU\u00bb con Putin y Kim Jong Un en el desfile por el fin de la II Guerra Mundial en Pek\u00edn<\/p>\n<p>            <img decoding=\"async\" class=\"lazy\" loading=\"lazy\" data-src=\"https:\/\/static.eldiario.es\/clip\/7ebc0ae9-e6a1-4359-bac5-da8c2afaa5df_16-9-aspect-ratio_default_0.jpg\" src=\"data:image\/svg+xml,%3Csvg xmlns=\" http:=\"\" viewbox=\"0 0 880 495\" alt=\"Trump acusa a Xi de &quot;conspirar contra EEUU&quot; con Putin y Kim Jong Un en el desfile por el fin de la II Guerra Mundial en Pek\u00edn\"\/><\/p>\n<p>                        <\/a><\/p>\n<p class=\"article-text\">\n        \u201cSi Zelenski est\u00e1 preparado (a reunirse), que venga a Mosc\u00fa y esta reuni\u00f3n tendr\u00e1 lugar\u201d, ha dicho el jefe del Kremlin en una rueda de prensa en Pek\u00edn, <a href=\"https:\/\/www.eldiario.es\/internacional\/trump-acusa-xi-conspirar-eeuu-putin-kim-jong-celebracion-ii-guerra-mundial_1_12574046.html\" data-mrf-recirculation=\"links-noticia\" class=\"link\" rel=\"nofollow noopener\" target=\"_blank\">donde ha participado en los festejos con ocasi\u00f3n del 80 aniversario del fin de la Segunda Guerra Mundial<\/a>.\n    <\/p>\n<p class=\"article-text\">\n        Las declaraciones llegan despu\u00e9s de que Rusia lanzase desde la tarde del martes contra territorio ucraniano 502 drones y 24 misiles de crucero de distintos tipos, seg\u00fan inform\u00f3 la Fuerza A\u00e9rea ucraniana en su parte del mi\u00e9rcoles, en un ataque que, seg\u00fan el presidente Volod\u00edmir Zelenski, ha tenido entre sus objetivos infraestructuras energ\u00e9ticas ucranianas\n    <\/p>\n<p class=\"article-text\">\n        Putin, cuya comparecencia ante los medios rusos fue retransmitida en directo por televisi\u00f3n, reconoci\u00f3 que el l\u00edder estadounidense, Donald Trump, <a href=\"https:\/\/www.eldiario.es\/internacional\/trump-recibe-lideres-europeos-minutos-reunirse-zelenski-aumentar-presion-ucrania_1_12541946.html\" target=\"_blank\" data-mrf-recirculation=\"links-noticia\" class=\"link\" rel=\"nofollow noopener\">le hab\u00eda pedido celebrar una reuni\u00f3n con Zelenski<\/a>.  \u201cDonald me pidi\u00f3 celebrar tal encuentro si fuera posible. Respond\u00ed que s\u00ed, es posible\u201d, afirm\u00f3.\n    <\/p>\n<p class=\"article-text\">\n        Putin asegur\u00f3 que nunca ha descartado la posibilidad de una reuni\u00f3n con Zelenski, aunque se pregunt\u00f3 si esta tendr\u00eda \u201calg\u00fan sentido\u201d. Al mismo tiempo, puso en duda la legitimidad de su hom\u00f3logo ucraniano por permanecer en el cargo m\u00e1s all\u00e1 del t\u00e9rmino presidencial.\n    <\/p>\n<p class=\"article-text\">\n        Sin embargo, Ucrania se ve incapaz de organizar unas elecciones representativas, ya que actualmente parte de su territorio se encuentra ocupado por tropas rusas.\n    <\/p>\n<p class=\"article-text\">\n        En cuanto a la posibilidad de elevar el nivel de la representaci\u00f3n en el grupo negociador con Ucrania, Putin dijo que Rusia est\u00e1 preparada para ello, a la vez que se mostr\u00f3 satisfecho con el trabajo del actual jefe negociador y asesor presidencial ruso, Vlad\u00edmir Medinski.\n    <\/p>\n<p class=\"article-text\">\n        Por otra parte, el presidente turco, Recep Tayyip Erdogan, asegur\u00f3 este martes, al regresar de China, donde se reuni\u00f3 con su hom\u00f3logo ruso, que los l\u00edderes de Rusia y Ucrania \u201ca\u00fan no est\u00e1n preparados\u201d para un paso decisivo hacia la paz en Ucrania.\n    <\/p>\n<p class=\"article-text\">\n        La posibilidad de un encuentro entre Putin y Zelenski, que el mandatario ucraniano se mostr\u00f3 dispuesto a celebrar en el corto plazo tras plantearlo Trump a mediados de agosto, se ha ido aguando con el paso de los d\u00edas. Primero fue el ministro de Exteriores ruso, Sergu\u00e9i Lavrov, quien sugiri\u00f3 que tendr\u00edan primero que ser \u201c<a href=\"https:\/\/www.eldiario.es\/internacional\/rusia-enfria-expectativas-rapida-reunion-ente-putin-zelenski_1_12548391.html\" target=\"_blank\" data-mrf-recirculation=\"links-noticia\" class=\"link\" rel=\"nofollow noopener\">bien estudiados<\/a>\u201d los extremos de la negociaci\u00f3n entre ambos pa\u00edses.\n    <\/p>\n<p class=\"article-text\">\n        Posteriormente, Rusia ha vuelto a insistir en que las <a href=\"https:\/\/www.eldiario.es\/internacional\/theguardian\/garantias-seguridad-recibir-ucrania-marco-acuerdo-paz_1_12545320.html\" target=\"_blank\" data-mrf-recirculation=\"links-noticia\" class=\"link\" rel=\"nofollow noopener\">garant\u00edas de seguridad<\/a> para un escenario tras el fin de las hostilidades deber\u00edan incluir un papel para el propio pa\u00eds invasor, lo que ha precedido a un <a href=\"https:\/\/www.eldiario.es\/internacional\/rusia-mata-ocho-personas-bombardeo-nocturno-kiev-ataca-delegacion-ue-capital_1_12561390.html\" target=\"_blank\" data-mrf-recirculation=\"links-noticia\" class=\"link\" rel=\"nofollow noopener\">recrudecimiento de los ataques sobre Kiev<\/a>, que incluso han afectado a instalaciones de la UE. Unido esto a <a href=\"https:\/\/www.eldiario.es\/internacional\/bloqueo-putin-caos-trump-enfrian-esperanzas-paz-ucrania_1_12550513.html\" target=\"_blank\" data-mrf-recirculation=\"links-noticia\" class=\"link\" rel=\"nofollow noopener\">los mensajes contradictorios al respecto de Trump, que ha amagado con desentenderse del asunto,<\/a> el esperado encuentro amenaza con seguirse demorando sine die.\n    <\/p>\n<p>    Ayuda de Corea del Norte a Rusia<\/p>\n<p class=\"article-text\">\n        Putin se reuni\u00f3 hoy, adem\u00e1s, con el l\u00edder norcoreano, Kim Jong-un, que le prometi\u00f3 seguir ayudando a Rusia en todo lo que necesite, como ya hizo a la hora de proporcionar tropas para expulsar a los soldados ucranianos de la regi\u00f3n de Kursk.\n    <\/p>\n<p class=\"article-text\">\n        \u201cSi existe algo en lo que podemos ayudar a Rusia, lo haremos con seguridad y lo consideraremos nuestro deber de hermano. Haremos todo lo que sea necesario para ayudar a Rusia\u201d, dijo Kim al comienzo de la reuni\u00f3n, seg\u00fan inform\u00f3 la agencia Interfax.\n    <\/p>\n<p class=\"article-text\">\n        Kim destac\u00f3 que desde la firma con Putin en junio de 2024 del acuerdo de asociaci\u00f3n \u2014que incluye una cl\u00e1usula de defensa mutua en caso de agresi\u00f3n\u2014 \u201clas relaciones entre los dos pa\u00edses se est\u00e1n desarrollando en todos los \u00e1mbitos\u201d.\n    <\/p>\n<p>    <a href=\"https:\/\/www.eldiario.es\/internacional\/putin-posible-reunion-zelenski-si-preparado-venga-moscu_1_12575811.html#Kim\" data-mrf-recirculation=\"saber-mas-abajo\" data-dl-event=\"saber-mas-abajo\" rel=\"nofollow noopener\" target=\"_blank\"><\/p>\n<p class=\"know-more__title\">Kim Jong Un promete ayudar a Putin \u00aben todo lo que necesite\u00bb<\/p>\n<p>            <img decoding=\"async\" class=\"lazy\" loading=\"lazy\" data-src=\"https:\/\/static.eldiario.es\/clip\/0c1d548c-6dfc-4bb4-8ac5-88a7957feeb6_16-9-aspect-ratio_default_0.jpg\" src=\"data:image\/svg+xml,%3Csvg xmlns=\" http:=\"\" viewbox=\"0 0 880 495\" alt=\"Putin, sobre una posible reuni\u00f3n con Zelenski: &quot;Si est\u00e1 preparado, que venga a Mosc\u00fa&quot;\"\/><\/p>\n<p>                        <\/a><\/p>\n<p class=\"article-text\">\n        \u201cEn el marco del acuerdo y en l\u00ednea con nuestras obligaciones combatimos conjuntamente con el fraternal pueblo y ej\u00e9rcito ruso\u201d, se\u00f1al\u00f3.\n    <\/p>\n","protected":false},"excerpt":{"rendered":"El presidente de Rusia, Vlad\u00edmir Putin, ha afirmado este mi\u00e9rcoles que est\u00e1 dispuesto a reunirse con su hom\u00f3logo&hellip;\n","protected":false},"author":2,"featured_media":91992,"comment_status":"","ping_status":"","sticky":false,"template":"","format":"standard","meta":{"footnotes":""},"categories":[42],"tags":[17,18,13,14,11,61,62,63,64,19,20,10456,9,10,15,16,2397,9976,10981,7458,688,12,21,22,4844,65,66,67,2318],"class_list":{"0":"post-91991","1":"post","2":"type-post","3":"status-publish","4":"format-standard","5":"has-post-thumbnail","7":"category-internacional","8":"tag-breaking-news","9":"tag-breakingnews","10":"tag-featured-news","11":"tag-featurednews","12":"tag-headlines","13":"tag-internacional","14":"tag-international","15":"tag-international-news","16":"tag-internationalnews","17":"tag-latest-news","18":"tag-latestnews","19":"tag-moscu","20":"tag-news","21":"tag-noticias","22":"tag-noticias-destacadas","23":"tag-noticiasdestacadas","24":"tag-posible","25":"tag-preparado","26":"tag-putin","27":"tag-reunion","28":"tag-si","29":"tag-titulares","30":"tag-ultimas-noticias","31":"tag-ultimasnoticias","32":"tag-venga","33":"tag-world","34":"tag-world-news","35":"tag-worldnews","36":"tag-zelenski"},"share_on_mastodon":{"url":"","error":""},"_links":{"self":[{"href":"https:\/\/www.europesays.com\/es\/wp-json\/wp\/v2\/posts\/91991","targetHints":{"allow":["GET"]}}],"collection":[{"href":"https:\/\/www.europesays.com\/es\/wp-json\/wp\/v2\/posts"}],"about":[{"href":"https:\/\/www.europesays.com\/es\/wp-json\/wp\/v2\/types\/post"}],"author":[{"embeddable":true,"href":"https:\/\/www.europesays.com\/es\/wp-json\/wp\/v2\/users\/2"}],"replies":[{"embeddable":true,"href":"https:\/\/www.europesays.com\/es\/wp-json\/wp\/v2\/comments?post=91991"}],"version-history":[{"count":0,"href":"https:\/\/www.europesays.com\/es\/wp-json\/wp\/v2\/posts\/91991\/revisions"}],"wp:featuredmedia":[{"embeddable":true,"href":"https:\/\/www.europesays.com\/es\/wp-json\/wp\/v2\/media\/91992"}],"wp:attachment":[{"href":"https:\/\/www.europesays.com\/es\/wp-json\/wp\/v2\/media?parent=91991"}],"wp:term":[{"taxonomy":"category","embeddable":true,"href":"https:\/\/www.europesays.com\/es\/wp-json\/wp\/v2\/categories?post=91991"},{"taxonomy":"post_tag","embeddable":true,"href":"https:\/\/www.europesays.com\/es\/wp-json\/wp\/v2\/tags?post=91991"}],"curies":[{"name":"wp","href":"https:\/\/api.w.org\/{rel}","templated":true}]}}