{"id":92078,"date":"2025-09-04T04:47:04","date_gmt":"2025-09-04T04:47:04","guid":{"rendered":"https:\/\/www.europesays.com\/es\/92078\/"},"modified":"2025-09-04T04:47:04","modified_gmt":"2025-09-04T04:47:04","slug":"se-ha-negociado-el-cache-que-merezco","status":"publish","type":"post","link":"https:\/\/www.europesays.com\/es\/92078\/","title":{"rendered":"Se ha negociado el cach\u00e9 que merezco"},"content":{"rendered":"<p class=\"article-text\">\n        <strong>Adara Molinero <\/strong>asegura estar \u201cpreparada esta vez\u201d para el gran desaf\u00edo de <strong>Supervivientes All Stars<\/strong>, que vuelve este <strong>jueves 4 de septiembre<\/strong> con su segunda edici\u00f3n en <strong>Telecinco<\/strong>. En 2024, la madrile\u00f1a particip\u00f3 en la primera entrega de esta versi\u00f3n del reality que da una nueva oportunidad a algunas de las estrellas m\u00e1s destacadas de la historia del formato. Sin embargo, tras <a href=\"https:\/\/www.eldiario.es\/vertele\/noticias\/supervivientes-all-stars-expulso-adara-evacuarla-haberse-desfigurado-cara_1_11484348.html\" target=\"_blank\" data-mrf-recirculation=\"links-noticia\" class=\"link\" rel=\"nofollow noopener\">un ataque de p\u00e1nico antes de saltar del helic\u00f3ptero<\/a>, la joven amag\u00f3 con abandonar, siendo finalmente expulsada por la audiencia a la primera por su actitud derrotista en la isla.\n    <\/p>\n<p>    <a href=\"https:\/\/www.eldiario.es\/noticias\/supervivientes-all-stars-cierra-casting-adara-confirma-galas-semanales-deja-dudas-access_1_12570786.html\" data-mrf-recirculation=\"saber-mas\" data-dl-event=\"saber-mas\" rel=\"nofollow noopener\" target=\"_blank\"><\/p>\n<p class=\"know-more__title\">&#8216;Supervivientes All Stars&#8217; cierra su casting con Adara, confirma sus galas semanales y deja dudas con el access<\/p>\n<p>            <img decoding=\"async\" class=\"lazy\" loading=\"lazy\" data-src=\"https:\/\/static.eldiario.es\/clip\/2a953df6-c729-40b3-a657-19bb42596193_16-9-aspect-ratio_default_0.jpg\" src=\"data:image\/svg+xml,%3Csvg xmlns=\" http:=\"\" viewbox=\"0 0 880 495\" alt=\"'Supervivientes All Stars' cierra su casting con Adara, confirma sus galas semanales y deja dudas con el access\"\/><\/p>\n<p>                        <\/a><\/p>\n<p class=\"article-text\">\n        La que fuera ganadora de GH VIP 7 asegura que fue un error aceptar la oferta de concursar en aquella primera temporada &#8216;All Star&#8217;: \u201c<strong>Me equivoqu\u00e9 totalmente<\/strong>, porque yo creo que cuando se hacen las cosas, se tienen que hacer <strong>no solamente porque sea trabajo<\/strong>, sino porque te apetece, te ilusiona, te va a aportar mucho\u201d, declara Molinero en una entrevista con <a href=\"https:\/\/www.eldiario.es\/vertele\" target=\"_blank\" data-mrf-recirculation=\"links-noticia\" class=\"link\" rel=\"nofollow noopener\"><strong>verTele<\/strong><\/a><strong> <\/strong>y otros medios en el marco de la <a href=\"https:\/\/www.eldiario.es\/vertele\/noticias\/supervivientes-all-stars-cierra-casting-adara-confirma-galas-semanales-deja-dudas-access_1_12570786.html\" target=\"_blank\" data-mrf-recirculation=\"links-noticia\" class=\"link\" rel=\"nofollow noopener\">presentaci\u00f3n del programa en el FesTVal de Vitoria<\/a>. Un a\u00f1o despu\u00e9s, y tras hacer \u201cmucha terapia\u201d, la joven vuelve a los Cayos Cochinos dispuesta a \u201ccerrar el cap\u00edtulo\u201d.\n    <\/p>\n<p class=\"article-text\">\n        Preguntada sobre si el factor econ\u00f3mico ha sido clave para cerrar su regreso a Honduras, Adara asegura, con matices, que \u201cpor supuesto\u201d: \u201cEs 50-50. O sea,<strong> 50% lo que me pagan y 50% las ganas de quitarme esa espinita<\/strong>, de sentir que puedo hacerlo\u201d, afirma. Y reconoce con sinceridad estar satisfecha con su sueldo:<strong> \u201cSe ha negociado el cach\u00e9 que merezco\u201d<\/strong>, expresa la exazafata de vuelo, que concursar\u00e1 esta vez en Supervivientes <a href=\"https:\/\/www.eldiario.es\/vertele\/noticias\/supervivientes-all-stars-cuarta-concursante-elena-rodriguez-madre-adara-molinero-reina-realities-lista-oficial_1_12546308.html\" target=\"_blank\" data-mrf-recirculation=\"links-noticia\" class=\"link\" rel=\"nofollow noopener\">en compa\u00f1\u00eda de su madre,<\/a><a href=\"https:\/\/www.eldiario.es\/vertele\/noticias\/supervivientes-all-stars-cuarta-concursante-elena-rodriguez-madre-adara-molinero-reina-realities-lista-oficial_1_12546308.html\" target=\"_blank\" data-mrf-recirculation=\"links-noticia\" class=\"link\" rel=\"nofollow noopener\"> Elena Rodr\u00edguez.<\/a> \u201cVa a ser un apoyo para m\u00ed, pero claro, ella va a ser all\u00ed mi tal\u00f3n de Aquiles\u201d, admite.\n    <\/p>\n<p class=\"article-text\">\n        Adara promete participar en el reality dispuesta a no camuflar sus emociones (\u201cocultar sentimientos ser\u00eda fallarme a m\u00ed misma\u201d) y defiende su periplo televisivo, frente a las cr\u00edticas, como un oficio m\u00e1s: \u201cA m\u00ed se me ha juzgado mucho como madre, porque parece que me voy a ir de vacaciones a tomar el Sol. Y no, aparte de que me apetece, l\u00f3gicamente, y de que tengo que tener ganas, hay otra parte de que me voy a trabajar por y para mi hijo\u201d, concluye Molinero, que asegura no pensar en <strong>el cheque con los 50.000 euros <\/strong>que pone en juego el formato. <strong>\u201cPienso m\u00e1s en el reconocimiento que te da el premio que en el dinero.<\/strong> O sea, yo voy a luchar para que me digan &#8216;ganadora&#8217;, no por el dinero\u201d.\n    <\/p>\n<p>            <img decoding=\"async\" class=\"lazy\" loading=\"lazy\" data-src=\"https:\/\/static.eldiario.es\/clip\/f701762a-b2dd-4bcd-a01f-da4f6f47f8a5_16-9-discover-aspect-ratio_default_0.jpg\" src=\"data:image\/svg+xml,%3Csvg xmlns=\" http:=\"\" viewbox=\"0 0 1200 675\" alt=\"Adara, en su paso por el FesTVal de Vitoria\"\/><\/p>\n<p class=\"article-text\">\n        <strong>\u00bfC\u00f3mo afrontas esta tercera vuelta a la isla de <\/strong><strong>Supervivientes<\/strong><strong>? \u00bfDesgasta a nivel f\u00edsico y mental ir tres a\u00f1os consecutivos?<\/strong>\n    <\/p>\n<p class=\"article-text\">\n        Bueno, realmente la segunda vez fueron cuatro d\u00edas. Si estuviera desgastada no ir\u00eda. Estoy preparada esta vez.\n    <\/p>\n<p class=\"article-text\">\n        <strong>\u00bfVolver es una forma de cerrar ese proceso personal de recuperaci\u00f3n que has asegurado haber vivido a lo largo del \u00faltimo a\u00f1o?<\/strong>\n    <\/p>\n<p class=\"article-text\">\n        S\u00ed, yo creo que es como cerrar un poco el cap\u00edtulo, \u00bfno? Es como darle&#8230;  Me sale la palabra soluci\u00f3n, pero no es soluci\u00f3n, es como darle un poco el sentido a todo. Yo me fui de Supervivientes All Stars pero a m\u00ed eso me hizo aprender mucho como persona.\n    <\/p>\n<p class=\"article-text\">\n        <strong>\u00bfCrees que te equivocaste al aceptar la propuesta de participar y que ese no era el momento de volver?<\/strong>\n    <\/p>\n<p class=\"article-text\">\n        S\u00ed, me equivoqu\u00e9 totalmente porque yo creo que cuando se hacen las cosas, se tienen que hacer no solamente porque sea trabajo, sino porque te apetece, te ilusiona, te va a aportar mucho. Esa vez yo ya no me sent\u00eda preparada. Sent\u00eda que no estaba bien, pero me dec\u00eda: &#8216;Tienes que ir a trabajar, tienes que hacerlo y tienes que hacerlo&#8217;. Me forc\u00e9 a m\u00ed misma.\n    <\/p>\n<blockquote class=\"quote\">\n<p class=\"quote-text\">Esa vez yo ya no me sent\u00eda preparada. Sent\u00eda que no estaba bien. Me forc\u00e9 a m\u00ed misma<\/p>\n<p>\n                        Adara Molinero\n                                  <\/p>\n<\/blockquote>\n<p class=\"article-text\">\n        <strong>Has asegurado que has mejorado gracias a hacer mucha terapia. \u00bfHas consultado la decisi\u00f3n de volver a <\/strong><strong>Supervivientes <\/strong><strong>con tu psic\u00f3logo? \u00bfHa sido \u00e9l el que te ha recomendado participar para hacer ese proceso de cierre?  <\/strong>\n    <\/p>\n<p class=\"article-text\">\n        No, es que ni le ped\u00ed consejo. O sea, lo decid\u00ed yo, yo tom\u00e9 la decisi\u00f3n.\n    <\/p>\n<p class=\"article-text\">\n        <strong>\u00bfEl factor econ\u00f3mico ha sido clave en tu decisi\u00f3n? \u00bfHas negociado un buen cach\u00e9?<\/strong>\n    <\/p>\n<p class=\"article-text\">\n        [Se lo piensa]. Se ha negociado el cach\u00e9 que merezco.\n    <\/p>\n<p class=\"article-text\">\n        <strong>O sea que el dinero ha sido importante a la hora de aceptar la oferta&#8230;<\/strong>\n    <\/p>\n<p class=\"article-text\">\n        S\u00ed, por supuesto. Pero voy a decir una cosa: es 50-50. O sea, 50% lo que me pagan y 50% las ganas de quitarme esa espinita. Pues eso, el sentir que puedo hacerlo.\n    <\/p>\n<p class=\"article-text\">\n        <strong>\u00bfA qui\u00e9n fue la primera persona a la que contaste que ibas a volver a <\/strong><strong>Supervivientes<\/strong><strong>?<\/strong>\n    <\/p>\n<p class=\"article-text\">\n        Pues lo habl\u00e9 conmigo misma, la verdad.\n    <\/p>\n<p class=\"article-text\">\n        <strong>\u00bfY qu\u00e9 te dijiste?<\/strong>\n    <\/p>\n<p class=\"article-text\">\n        Me pregunt\u00e9 si estaba preparada.\n    <\/p>\n<blockquote class=\"quote\">\n<p class=\"quote-text\">He hecho mucho reality pero en este quiz\u00e1s es en el que m\u00e1s vulnerable me voy a sentir por estar con mi madre<\/p>\n<p>\n                        Adara Molinero\n                                  <\/p>\n<\/blockquote>\n<p class=\"article-text\">\n        <strong>\u00bfNegociaste tu participaci\u00f3n junto a la de tu madre? \u00bfO se le ofreci\u00f3 primero a ella y despu\u00e9s a ti?<\/strong>\n    <\/p>\n<p class=\"article-text\">\n        Eso son cosas un poquito privadas.\n    <\/p>\n<p class=\"article-text\">\n        <strong>\u00bfPero el hecho de que fuese tu madre contigo era un aliciente para ti? <\/strong>\n    <\/p>\n<p class=\"article-text\">\n        S\u00ed, claro. A ver, s\u00ed y no, o sea&#8230; Es una realidad que va a ser un apoyo para m\u00ed, pero claro, ella va a ser all\u00ed mi tal\u00f3n de Aquiles. Totalmente. Yo he hecho mucho reality pero en este quiz\u00e1s es en el que m\u00e1s vulnerable me voy a sentir en cuanto a ella. En cuanto a no saber frenar a tiempo o en gestionar mis emociones, porque al final, junto con mi hijo, es la persona m\u00e1s importante de mi vida.\n    <\/p>\n<p class=\"article-text\">\n        <strong>\u00bfC\u00f3mo se tom\u00f3 ella tu decisi\u00f3n?<\/strong>\n    <\/p>\n<p class=\"article-text\">\n        Ella pues&#8230; Me dijo: &#8216;Mejor no&#8217;. Porque sabe lo que se sufre&#8230; Yo le dije: &#8216;Pero yo s\u00ed quiero ir. Ah, s\u00ed, \u00bft\u00fa s\u00ed y yo no?&#8217;. Entonces nos picamos un poco.\n    <\/p>\n<p class=\"article-text\">\n        <strong>\u00bfY te has preparado tambi\u00e9n para la posibilidad de que tu madre pueda salir antes que t\u00fa y te quedes all\u00ed sola?<\/strong>\n    <\/p>\n<p class=\"article-text\">\n        Uf&#8230; \u00bfMi madre? Mi madre es dura como una roca.\n    <\/p>\n<p class=\"article-text\">\n        <strong>No por abandono, sino porque la expulse el p\u00fablico antes que a ti&#8230;<\/strong>\n    <\/p>\n<p class=\"article-text\">\n        Ah, vale. Uff&#8230; s\u00ed, pero puede ser, s\u00ed. Me doler\u00eda much\u00edsimo, claro. Pero bueno, no es el fin del mundo, la ver\u00e9 en la vida real. Pero s\u00ed, me doler\u00eda por no seguir viviendo la experiencia juntas, porque es  algo incre\u00edble. Es algo que deber\u00eda vivir todo el mundo.\n    <\/p>\n<blockquote class=\"quote\">\n<p class=\"quote-text\">Es  algo incre\u00edble. Es algo que deber\u00eda vivir todo el mundo<\/p>\n<p>\n                        Adara Molinero\n                                  <\/p>\n<\/blockquote>\n<p class=\"article-text\">\n        <strong>\u00bfC\u00f3mo vas a llevar el estar lejos de tu pareja?<\/strong>\n    <\/p>\n<p class=\"article-text\">\n        A ver, yo he tenido una \u00e9poca en la que he estado soltera un a\u00f1o. Yo ya pensaba que no iba a encontrar a nadie. Dec\u00eda: &#8216;Bueno, pues si tengo que estar sola prefiero estar sola a conformarme&#8217;. Entonces apareci\u00f3 sin quererlo. De hecho, vais a flipar un poquito con mi v\u00eddeo de presentaci\u00f3n.\n    <\/p>\n<p class=\"article-text\">\n        <strong>\u00bfEst\u00e1s preparada entonces para separarte de \u00e9l?<\/strong>\n    <\/p>\n<p class=\"article-text\">\n        S\u00ed, claro.\n    <\/p>\n<p class=\"article-text\">\n        <strong>\u00bfQui\u00e9n te va a defender en plat\u00f3?<\/strong>\n    <\/p>\n<p class=\"article-text\">\n        Me va a defender una amiga m\u00eda \u00edntima, que es como de mi familia, y que ya estuvo en el otro All Stars.\n    <\/p>\n<p>            <img decoding=\"async\" class=\"lazy\" loading=\"lazy\" data-src=\"https:\/\/static.eldiario.es\/clip\/fceaf1b5-e288-4617-a9b2-ab75464d17be_16-9-discover-aspect-ratio_default_0.jpg\" src=\"data:image\/svg+xml,%3Csvg xmlns=\" http:=\"\" viewbox=\"0 0 1200 675\" alt=\"Adara junto a Sandra Barneda y el resto de exconcursantes presentes en el FesTVal\"\/><\/p>\n<p class=\"article-text\">\n        <strong>\u00bfHay alg\u00fan concursante con el que no te apetezca coincidir en la isla? <\/strong>\n    <\/p>\n<p class=\"article-text\">\n        \u00a1S\u00ed! [Risas].\n    <\/p>\n<p class=\"article-text\">\n        <strong>\u00bfQui\u00e9n? <\/strong>\n    <\/p>\n<p class=\"article-text\">\n        A ver, yo voy limpia, no quiero ir con nada en contra de nadie. Yo quiero empezar desde cero, que all\u00ed se formen los roces, lo que sea, la convivencia de all\u00ed. Pero s\u00ed que es verdad, porque al final somos personas, que con unos sientes m\u00e1s feeling que con otros.\n    <\/p>\n<p class=\"article-text\">\n        <strong>\u00bfY con qui\u00e9n no sientes ese feeling? <\/strong>\n    <\/p>\n<p class=\"article-text\">\n        \u00a1Con Albal\u00e1! [Risas] S\u00ed..\n    <\/p>\n<blockquote class=\"quote\">\n<p class=\"quote-text\">Lo peor de &#8216;Supervivientes&#8217; se dice mucho que es el hambre, pero es la lluvia. La lluvia te destroza completamente<\/p>\n<p>\n                        Adara Molinero\n                                  <\/p>\n<\/blockquote>\n<p class=\"article-text\">\n        <strong>\u00bfQu\u00e9 es para ti lo peor, lo m\u00e1s duro, de estar en la isla de <\/strong><strong>Supervivientes<\/strong><strong>? <\/strong>\n    <\/p>\n<p class=\"article-text\">\n        Pues se dice mucho que el hambre, pero es la lluvia. La lluvia te destroza completamente, te genera much\u00edsimo desgaste. Te sientes con todo mojado completamente. Te cae, te cae, te cae&#8230; Y el estar pensando: &#8216;\u00bfCu\u00e1ndo va a acabar esto?&#8217; Y no, y sigue, y sigue&#8230; \u00bfY cu\u00e1ndo acaba por Dios? Te vuelve loco, de verdad. Y luego, una vez ha acabado la lluvia, no hay fuego y est\u00e1 todo mojado. Terrible, la lluvia es terrible. O sea, vienen las nubes y temblamos todos.\n    <\/p>\n<p class=\"article-text\">\n        <strong>Adem\u00e1s de psicol\u00f3gicamente, \u00bfte has preparado f\u00edsicamente para abordar las pruebas tan duras a las que os enfrent\u00e1is?<\/strong>\n    <\/p>\n<p class=\"article-text\">\n        He estado entrenando, s\u00ed.\n    <\/p>\n<p class=\"article-text\">\n        <strong>\u00bfVas a ir con alguna estrategia? \u00bfVas a intentar hacerlo diferente o a intentar ocultar algunos sentimientos?<\/strong>\n    <\/p>\n<p class=\"article-text\">\n        No, no, ser\u00eda fallarme a m\u00ed misma. O sea, ocultar sentimientos ser\u00eda fallarme a m\u00ed misma. Jam\u00e1s, pero ni en un reality ni en mi vida normal. Alguna vez lo habl\u00e9 con mi madre y dijimos: &#8216;Joder, tendremos que planear algo, \u00bfno? No vamos a ir ah\u00ed en pelotas&#8217;. Pero le dije: \u201cEs que no, all\u00ed todo es&#8230; no sabes lo que puede pasar\u201d.\n    <\/p>\n<p class=\"article-text\">\n        <strong>\u00bfQu\u00e9 har\u00e1s con los 50.000 euros del premio si ganas? \u00bfHas pensado en ello?<\/strong>\n    <\/p>\n<p class=\"article-text\">\n        Pues pienso m\u00e1s en el reconocimiento que te da el premio que en el dinero. O sea, yo voy a luchar para que me digan &#8216;ganadora&#8217;, no por el dinero. Y te lo digo de verdad, no es por ser &#8216;bienqueda&#8217; ni nada.\n    <\/p>\n<blockquote class=\"quote\">\n<p class=\"quote-text\">No me ver\u00eda en &#8216;La isla de las tentaciones&#8217; (&#8230;) Soy muy consciente de mis heridas, de lo que he vivido, y creo que a m\u00ed me podr\u00eda hacer mucho da\u00f1o<\/p>\n<p>\n                        Adara Molinero\n                                  <\/p>\n<\/blockquote>\n<p class=\"article-text\">\n        <strong>Desde que se empez\u00f3 a rumorear tu regreso a la isla, muchos de tus &#8216;haters&#8217; han sacado v\u00eddeos de cuando dijiste que no ibas a volver. \u00bfQu\u00e9 le dir\u00edas a esa gente?<\/strong>\n    <\/p>\n<p class=\"article-text\">\n        Es que hay personas que, por mucho que les expliques, no quieren entender. Entonces, para una persona que no quiere entender nunca nada va a ser suficiente. Yo me voy all\u00ed a ser yo. A quien le guste, jol\u00edn, agradecid\u00edsima de coraz\u00f3n, porque lo voy a intentar hacer lo mejor posible, y a quien no le guste, lo siento much\u00edsimo. Y soy imperfecta y me voy a equivocar, seguro. Lo mejor que puedo hacer es hacerlo lo mejor que pueda.\n    <\/p>\n<p class=\"article-text\">\n        <strong>Tienes tambi\u00e9n muchos fans y muy fieles. \u00bfA veces te da miedo fallarlos y no cumplir con las expectativas que depositan sobre ti?<\/strong>\n    <\/p>\n<p class=\"article-text\">\n        S\u00ed, eso lo pens\u00e9 mucho la otra vez. Fue una de las cosas que tambi\u00e9n me influyeron. Y despu\u00e9s de hacer terapia tambi\u00e9n me he dado cuenta de que la persona que me quiera me va a querer tal como soy.\n    <\/p>\n<p class=\"article-text\">\n        <strong>\u00bfHasta que punto de sientes cuidada con Cuarzo, tanto en lo f\u00edsico como en lo emocional? \u00bfEn qu\u00e9 medida es importante ir con una productora que te respalde?<\/strong>\n    <\/p>\n<p class=\"article-text\">\n        Cuarzo es incre\u00edble en los dos sentidos. Por un lado, en el sentido de hacer realities y de crear contenidos, porque te tienen ah\u00ed enganchado continuamente. Yo lo he vivido en mi casa y no me pod\u00eda despegar. Y luego tienen esa otra parte que es muy humana, que es muy importante. Porque somos personas, no somos m\u00e1quinas. Para eso podr\u00edan hacer personajes con la IA y mandarlos, pero somos personas, somos vulnerables muchas veces.\n    <\/p>\n<p class=\"article-text\">\n        <strong>Cuarzo tambi\u00e9n hace<\/strong><strong> La isla de las tentaciones<\/strong><strong>. \u00bfTe ves participando? <\/strong>\n    <\/p>\n<p class=\"article-text\">\n        No, no me ver\u00eda ah\u00ed. Yo soy una persona supersensible, muy muy sensible y que lo vive todo a flor de piel. Lo bueno, lo malo&#8230; Y tambi\u00e9n soy muy consciente de mis heridas, de lo que he vivido a lo largo de mi vida, y creo que a m\u00ed me podr\u00eda hacer mucho da\u00f1o. Entonces, no.\n    <\/p>\n<p class=\"article-text\">\n        <strong>\u00bfTe parece que todav\u00eda hoy sigue habiendo prejuicios sobre vosotros, los concursantes de realities, por parte de esa gente que no entiende que tambi\u00e9n esta es una forma de trabajar?<\/strong>\n    <\/p>\n<p class=\"article-text\">\n        S\u00ed, claro. S\u00ed, hay muchas personas que no lo entienden. A m\u00ed se me ha juzgado mucho como madre, porque parece que me voy a ir de vacaciones a tomar el sol. Y no, aparte de que me apetece, l\u00f3gicamente, y que tengo que tener ganas, pero hay otra de que me voy a trabajar por y para mi hijo. Para poder alimentarle, llevarle al colegio, y cubrir todos los dem\u00e1s gastos que tiene un ni\u00f1o. Que parece que se olvida.\n    <\/p>\n<p>    <a href=\"https:\/\/www.eldiario.es\/vertele\/noticias\/el-tiempo-justo-telecinco-horario-colaboradores-organizacion-gran-apuesta-mediaset-joaquin-prat-maria-ruiz-cesar-munoz_1_12575335.html\" data-mrf-recirculation=\"saber-mas-abajo\" data-dl-event=\"saber-mas-abajo\" rel=\"nofollow noopener\" target=\"_blank\"><\/p>\n<p class=\"know-more__title\">Horario, colaboradores y escaleta: as\u00ed ser\u00e1 &#8216;El tiempo justo&#8217;, la baza de las tardes de Telecinco con Joaqu\u00edn Prat<\/p>\n<p>            <img decoding=\"async\" class=\"lazy\" loading=\"lazy\" data-src=\"https:\/\/static.eldiario.es\/clip\/0adff0e2-95e8-4718-b664-e065aa1d33b5_16-9-aspect-ratio_default_0.jpg\" src=\"data:image\/svg+xml,%3Csvg xmlns=\" http:=\"\" viewbox=\"0 0 880 495\" alt=\"Horario, colaboradores y escaleta: as\u00ed ser\u00e1 'El tiempo justo', la baza de las tardes de Telecinco con Joaqu\u00edn Prat\"\/><\/p>\n<p>                        <\/a><\/p>\n<p class=\"article-text\">\n        .\n    <\/p>\n","protected":false},"excerpt":{"rendered":"Adara Molinero asegura estar \u201cpreparada esta vez\u201d para el gran desaf\u00edo de Supervivientes All Stars, que vuelve este&hellip;\n","protected":false},"author":2,"featured_media":92079,"comment_status":"","ping_status":"","sticky":false,"template":"","format":"standard","meta":{"footnotes":""},"categories":[171],"tags":[24893,11286,33512,18780,2197,146,147,33511,25,24,955,33514,33513,23,11287,3947,692,214],"class_list":{"0":"post-92078","1":"post","2":"type-post","3":"status-publish","4":"format-standard","5":"has-post-thumbnail","7":"category-tv","8":"tag-adara","9":"tag-all","10":"tag-anterior","11":"tag-cache","12":"tag-edicion","13":"tag-entertainment","14":"tag-entretenimiento","15":"tag-equivocarse","16":"tag-es","17":"tag-espana","18":"tag-mediaset","19":"tag-merezco","20":"tag-negociado","21":"tag-spain","22":"tag-stars","23":"tag-supervivientes","24":"tag-telecinco","25":"tag-tv"},"share_on_mastodon":{"url":"","error":""},"_links":{"self":[{"href":"https:\/\/www.europesays.com\/es\/wp-json\/wp\/v2\/posts\/92078","targetHints":{"allow":["GET"]}}],"collection":[{"href":"https:\/\/www.europesays.com\/es\/wp-json\/wp\/v2\/posts"}],"about":[{"href":"https:\/\/www.europesays.com\/es\/wp-json\/wp\/v2\/types\/post"}],"author":[{"embeddable":true,"href":"https:\/\/www.europesays.com\/es\/wp-json\/wp\/v2\/users\/2"}],"replies":[{"embeddable":true,"href":"https:\/\/www.europesays.com\/es\/wp-json\/wp\/v2\/comments?post=92078"}],"version-history":[{"count":0,"href":"https:\/\/www.europesays.com\/es\/wp-json\/wp\/v2\/posts\/92078\/revisions"}],"wp:featuredmedia":[{"embeddable":true,"href":"https:\/\/www.europesays.com\/es\/wp-json\/wp\/v2\/media\/92079"}],"wp:attachment":[{"href":"https:\/\/www.europesays.com\/es\/wp-json\/wp\/v2\/media?parent=92078"}],"wp:term":[{"taxonomy":"category","embeddable":true,"href":"https:\/\/www.europesays.com\/es\/wp-json\/wp\/v2\/categories?post=92078"},{"taxonomy":"post_tag","embeddable":true,"href":"https:\/\/www.europesays.com\/es\/wp-json\/wp\/v2\/tags?post=92078"}],"curies":[{"name":"wp","href":"https:\/\/api.w.org\/{rel}","templated":true}]}}