{"id":92100,"date":"2025-09-04T05:02:09","date_gmt":"2025-09-04T05:02:09","guid":{"rendered":"https:\/\/www.europesays.com\/es\/92100\/"},"modified":"2025-09-04T05:02:09","modified_gmt":"2025-09-04T05:02:09","slug":"gisela-dulko-y-flavia-pennetta-como-lograron-conformar-una-dupla-ganadora-sus-mejores-anecdotas-y-la-maternidad","status":"publish","type":"post","link":"https:\/\/www.europesays.com\/es\/92100\/","title":{"rendered":"Gisela Dulko y Flavia Pennetta: c\u00f3mo lograron conformar una dupla ganadora, sus mejores an\u00e9cdotas y la maternidad"},"content":{"rendered":"<p><img alt=\"Flavia Pennetta y Gisela Dulko\" class=\"global-image\" decoding=\"async\" fetchpriority=\"high\" height=\"4053\" loading=\"eager\" src=\"https:\/\/www.europesays.com\/es\/wp-content\/uploads\/2025\/09\/HW6WNI6Q5NCQXAU25OESF27YNA.jpg\" width=\"1920\"\/>Flavia Pennetta y Gisela Dulko<\/p>\n<p class=\"paragraph\">\u201cPas\u00f3 el tiempo, \u00bfno?\u201d, lanza <b>Pennetta<\/b> en cuanto se produce el encuentro con el cronista de <b>Infobae<\/b>. \u201cS\u00ed, \u00bfy c\u00f3mo pas\u00f3 el tiempo para ustedes?\u201d, fue la curiosa respuesta inmediata. Se miran, sonr\u00eden y comienza una divertida charla plagada de recuerdos y sobre la nueva vida de quienes fueran N\u00b01 del tenis femenino en dobles.<\/p>\n<p class=\"paragraph\">El Abierto de los Estados Unidos decidi\u00f3 homenajear a Flavia, porque se cumple una d\u00e9cada de su consagraci\u00f3n en este Grand Slam. Para eso, le prepararon una ceremonia, que vino con <b>una sorpresa muy especial<\/b>. Esa sorpresa era su amiga y coequiper <b>Gisela Dulko<\/b>, una dupla que alcanz\u00f3 el N\u00b0 1 del ranking de dobles femenino. De esta manera, Gisela fue la segunda tenista argentina en alcanzar esa posici\u00f3n, despu\u00e9s de que lo consiguiera Paola Su\u00e1rez.<\/p>\n<p class=\"paragraph\"><b>&#8211; \u00bfC\u00f3mo fue esa sorpresa por los 10 a\u00f1os?<\/b><\/p>\n<p class=\"paragraph\">FP- \u00a1No fue una sorpresa, fue una sorpresota! Muy bonito, porque no me enter\u00e9 absolutamente de nada, lo hicieron s\u00faper bien mi manager Elena, una chica de la WTA y Gise. Yo estaba en el jard\u00edn para hacer una entrevista en televisi\u00f3n, como parte de mi trabajo y, de pronto, alguien me tapa los ojos por detr\u00e1s y yo empiezo a tocar sus manos para ver si es hombre o mujer. La mano era muy finita, as\u00ed que era una mujer, las quit\u00e9 de mis ojos, gir\u00e9, la mir\u00e9 y grit\u00e9 tan fuerte que todas las televisiones que estaban en directo se dieron vuelta a ver qu\u00e9 pasaba (vuelven a lanzar una carcajada c\u00f3mplice). \u201c\u00bfQu\u00e9 pas\u00f3?\u201d, se preguntaron, y s\u00f3lo era yo emocionada de verla.<\/p>\n<p class=\"paragraph\">Gisela y Flavia recorrieron juntas el circuito, su juego y su belleza no pasaban desapercibidas, y ellas llevaron su amistad m\u00e1s all\u00e1 del tenis, pero un d\u00eda pensaron por qu\u00e9 no hacerlo dentro de una cancha de tenis, aunque nunca pensaron llegar tan lejos.<\/p>\n<p class=\"paragraph\">GD- Nosotras \u00e9ramos muy amigas fuera de la cancha y la pas\u00e1bamos muy bien. Me acuerdo que fue en Hobart, antes del Australian Open, en donde nos anotamos por primera vez. Hac\u00eda fr\u00edo, un viento tremendo y decidimos probar\u2026 (se miran, se hacen gestos) y creo que nos fue muy bien.<\/p>\n<p class=\"paragraph\">FP- Desde ah\u00ed jugamos todos los torneos y empezamos a progresar en el ranking. Siempre nos llevamos muy bien afuera a la cancha y, despu\u00e9s, tambi\u00e9n encontramos que nos llev\u00e1bamos y nos entend\u00edamos muy bien jugando el doble juntas. <b>Los resultados empezaron a acompa\u00f1ar y no paramos.<\/b><\/p>\n<p class=\"paragraph\">Por el pasillo del Media Garden, al lado de la mesa compartida para la charla, pasa una banda y un grupo de porristas que les llama la atenci\u00f3n. \u201c\u00bfQu\u00e9 es eso?\u201d, pregunta Flavia. \u201cDeben ser los que inauguraron la sesi\u00f3n nocturna en el estadio\u201d, responde Gisela, y agrega: \u201cEst\u00e1 Bad Bunny esta noche\u201d.<\/p>\n<p class=\"paragraph\"><b>&#8211; \u00bfTe gusta Bad Bunny?<\/b><\/p>\n<p class=\"paragraph\">FP- A ella le gusta, yo acompa\u00f1o, la acompa\u00f1o adonde sea. A m\u00ed me gusta la m\u00fasica italiana (lanza otra risotada, se nota su toque italiano). No, no, me gusta de todo, la verdad.<\/p>\n<p class=\"paragraph\">Cruzan miradas, risas, se pisan al hablar, no les preocupa, son dos amigas charlando sentadas a la mesa y Flavia imita el fuerte sonido de la \u201cy\u201d que tiene el acento argentino. <b>\u201cHabla bien el argentino\u201d<\/b>, la interrumpe Dulko.<\/p>\n<p class=\"paragraph\">FP- Me sale mejor espa\u00f1ol (tiene acento castizo) m\u00e1s que el argentino.<\/p>\n<p class=\"paragraph\">GD- Bueno, s\u00ed, pero si quer\u00e9s hablar argentino sab\u00e9s.<\/p>\n<p class=\"paragraph\">FP- S\u00ed, un poco s\u00ed (y vuelven a re\u00edrse).<\/p>\n<p><img alt=\"Pennetta y Dulko conformaron una\" class=\"global-image\" decoding=\"async\" fetchpriority=\"low\" height=\"1080\" loading=\"lazy\" src=\"https:\/\/www.europesays.com\/es\/wp-content\/uploads\/2025\/09\/LE4I7XJX4NDLPGGZI2GSBYTJUI.jpg\" width=\"1920\"\/>Pennetta y Dulko conformaron una gran dupla (AFP PHOTO)<\/p>\n<p class=\"paragraph\"><b>&#8211; Ahora, ya retiradas, \u00bfc\u00f3mo es la vida despu\u00e9s del tenis?<\/b><\/p>\n<p class=\"paragraph\">FP- Nosotras somos mam\u00e1s de tres hijos\u2026<\/p>\n<p class=\"paragraph\"><b>-\u2026 \u00bfHasta en eso se pusieron de acuerdo? (y vuelven las carcajadas como cuando compart\u00edan cancha)<\/b><\/p>\n<p class=\"paragraph\">FP- \u00a1S\u00ed, por supuesto! No, no, la verdad es que yo la segu\u00ed a Gisela. Ella empez\u00f3 dos o tres a\u00f1os antes.<\/p>\n<p class=\"paragraph\">GD- Nuestros hijos son chiquitos, a\u00fan, y ocupan mucho de nuestro tiempo. As\u00ed que yo trabajo y voy haciendo algunas cosas por m\u00ed, de vez en cuando.<\/p>\n<p class=\"paragraph\">FP- Yo tambi\u00e9n, con tres hijos y trabajando mucho en casa, con ellos, porque al final tres hijos demandan mucho tiempo. Pero, gracias a Dios, hace dos a\u00f1os que trabajo para la televisi\u00f3n italiana Sky Sport, as\u00ed que cuando tengo que viajar, si puedo, me los llevo conmigo a algunos torneos, he jugado las Leyendas en Roland Garros y Wimbledon y doy charlas motivacionales para empresas, son cositas que te hacen sentir que no eres s\u00f3lo mam\u00e1 y mujer, sino que tambi\u00e9n has sido una deportista que puede dar mucho con todo lo que ha vivido.<\/p>\n<p class=\"paragraph\">Es cierto, Flavia y Gisela tienen tres hijos cada una. Mateo (12 a\u00f1os), Antonella (10) y Daniele (7), por parte de la argentina, y Federico (8), Farah (6) y Flaminia (3) son los de la italiana. Si hay algo que no escapa a la atenci\u00f3n es que los nombres de los hijos de Pennetta, as\u00ed como el de ella y el de su marido, Fabio Fognini, comienzan con \u201cF\u201d.<\/p>\n<p class=\"paragraph\"><b>&#8211; \u00bfCu\u00e1l es la raz\u00f3n de que sean todos con \u201cF\u201d? \u00bfAlguna tradici\u00f3n o pedido?<\/b><\/p>\n<p class=\"paragraph\">FP- Un d\u00eda me habl\u00f3 la abuela de Fabio y me dijo que, como yo habr\u00eda ya notado, mi suegro (Fulvio) y mi cu\u00f1ada (Fulvia) tambi\u00e9n ten\u00edan nombres que comenzaban con \u201cF\u201d, que era una tradici\u00f3n familiar y me pregunt\u00f3 si yo no ten\u00eda inconvenientes en mantenerla. El primer nombre fue f\u00e1cil, Federico, lo ten\u00eda muy claro. Ya el segundo con la \u201cF\u201d me cost\u00f3 un poco y el tercero\u2026 \u00a1puf! Cost\u00f3 much\u00edsimo encontrar nombres con \u201cF\u201d que me gustaran. Pero, viendo a mis hijos, sus nombres les quedan perfectos. No podr\u00eda haberles puesto otros.<\/p>\n<p><img alt=\"Mantienen una gran relaci\u00f3n tambi\u00e9n\" class=\"global-image\" decoding=\"async\" fetchpriority=\"low\" height=\"2880\" loading=\"lazy\" src=\"https:\/\/www.europesays.com\/es\/wp-content\/uploads\/2025\/09\/K5XJY4XJURBV7OAYJBZZNE7WJY.jpg\" width=\"1920\"\/>Mantienen una gran relaci\u00f3n tambi\u00e9n afuera de las canchas (Foto AFP)<\/p>\n<p class=\"paragraph\"><b>&#8211; \u00bfExtra\u00f1an algo, les gustar\u00eda volver?<\/b><\/p>\n<p class=\"paragraph\">FP- El tiempo ha pasado s\u00faper r\u00e1pido y cambiaron mil cosas, pero cuando he vuelto a pisar este sitio me he emocionado un mont\u00f3n, me vinieron muchos momentos a la mente. Pero el jueves me llevaron a jugar el Night of Stars y te digo que me temblaba todo. \u00a1S\u00ed! Peor que en la final ac\u00e1, que casi vomito. Y me dije: \u00bfPor qu\u00e9 hago esto? \u00bfC\u00f3mo hac\u00eda antes para hacer esto? Ya han pasado 10 a\u00f1os, incre\u00edble lo que hemos vivido, yo creo que fue importante en la historia del deporte italiano. Un momento hist\u00f3rico.<\/p>\n<p class=\"paragraph\"><b>&#8211; Hist\u00f3rico como el N\u00b0 1 del mundo en dobles que lograron ustedes.<\/b><\/p>\n<p class=\"paragraph\">GD- La verdad es que ninguna de las dos pens\u00f3 en llegar a tocar la cima del ranking. Yo creo que nosotras empezamos a jugar el dobles, porque la pas\u00e1bamos muy bien afuera de la cancha y, despu\u00e9s, lo hicimos en la cancha.<\/p>\n<p class=\"paragraph\"><b>&#8211; \u00bfQu\u00e9 las hac\u00eda pasarla tan bien dentro de la cancha?<\/b><\/p>\n<p class=\"paragraph\">GD- La verdad es que nosotras dos tenemos una conexi\u00f3n brutal. Antes y ahora, hay veces que ella piensa una cosa y yo la misma. Es raro. Nosotras est\u00e1bamos concentradas en el partido, pero sab\u00edamos todo lo que pasaba alrededor.<\/p>\n<p class=\"paragraph\">FP- Nosotras entren\u00e1bamos con su hermano y con mi entrenador, y ten\u00edamos muchos juegos. Un a\u00f1o llegamos los cuatro a Mosc\u00fa con pelo pintado cada uno de un color diferente.<\/p>\n<p class=\"paragraph\">De m\u00e1s est\u00e1 agregar que las risas volvieron a surgir de la mano del recuerdo. Y la charla tom\u00f3 el camino de las an\u00e9cdotas.<\/p>\n<p class=\"paragraph\">FP- Hubo una situaci\u00f3n que, ahora, resulta muy graciosa recordarla. Una vez, casi me peleo con una chica por defender a mi amiga.<\/p>\n<p class=\"paragraph\">GD- Es cierto, en medio de un partido, una de las rivales me dijo algo feo, la mir\u00e9 a Flavia y le dije: \u201cEsa chica me dijo algo muy feo, \u00bflo pod\u00e9s creer?\u201d. \u201c\u00bfTe dijo eso?\u201d y Flavia se fue muy enojada para adelante. Mientras con su raqueta golpeaba la red le gritaba a la chica rusa \u201c\u00a1Vieni qua! \u00a1Vieni qua!\u201d <b>La tuve que frenar para que no cruzara la red, si hasta baj\u00f3 el umpire -terminaba entre risas-. Fue un papel\u00f3n tremendo.<\/b><\/p>\n<p class=\"paragraph\">FP- Pero, yo tambi\u00e9n le hac\u00eda muchas cosas a ella. Un d\u00eda de lluvia muy fuerte en Miami, me sub\u00ed al auto en el que nos \u00edbamos y trab\u00e9 las puertas cuando ella se acerc\u00f3 -estalla de risa-. Fue el a\u00f1o que ganamos el torneo. Tuvimos tres d\u00edas off y me acompa\u00f1\u00f3 no recuerdo ad\u00f3nde y se larg\u00f3 uno de esos diluvios de Miami. Gisela trataba de entrar al auto y yo mov\u00eda el auto un metro adelante, ella llegaba y volv\u00eda para atr\u00e1s.<\/p>\n<p class=\"paragraph\">GD- Las dos est\u00e1bamos muertas de risa, pero yo empapada. Despu\u00e9s, me enferm\u00e9, tuve fiebre, pero, al final ganamos el torneo.<\/p>\n<p class=\"paragraph\">FP- (Envueltas en risas, contin\u00faa) Los sustos que le pegaba siempre, ella era la pobrecita, la sufrida del equipo por mis bromas. Gise era tan buena que le hac\u00eda cualquier cosa y no dec\u00eda nada.<\/p>\n<p class=\"paragraph\"><b>&#8211; \u00bfVolver\u00edan a vivir en este mundo del tenis? <\/b><\/p>\n<p class=\"paragraph\">FP- S\u00ed, aunque fue duro llegar ah\u00ed, no fue un camino f\u00e1cil. Ella (Gisela) con sus cosas, yo con las m\u00edas, cuando llegas ya es m\u00e1s bonito todo, pero el camino para llegar a obtener resultados y a jugar unos torneos\u2026 siempre se ve todo lo lindo, pero hay cosas detr\u00e1s. Pero, la verdad es que yo no cambiar\u00eda, vali\u00f3 la pena todo.<\/p>\n<p class=\"paragraph\">GD- Ojal\u00e1 nos hubi\u00e9ramos encontrado antes y hubi\u00e9ramos jugado m\u00e1s a\u00f1os juntas.<\/p>\n<p class=\"paragraph\">Gisela y Flavia siguen sonriendo, se levantan para ingresar al estadio. Los medios se han puesto en l\u00ednea para celebrarlas, la dupla N\u00b0 1 del mundo que incluy\u00f3 a una argentina. Una pareja que trascendi\u00f3 m\u00e1s all\u00e1 de su belleza y lo hizo a trav\u00e9s de sus triunfos.<\/p>\n","protected":false},"excerpt":{"rendered":"Flavia Pennetta y Gisela Dulko \u201cPas\u00f3 el tiempo, \u00bfno?\u201d, lanza Pennetta en cuanto se produce el encuentro con&hellip;\n","protected":false},"author":2,"featured_media":92101,"comment_status":"","ping_status":"","sticky":false,"template":"","format":"standard","meta":{"footnotes":""},"categories":[274],"tags":[168,25,24,408,23,167,327,326],"class_list":{"0":"post-92100","1":"post","2":"type-post","3":"status-publish","4":"format-standard","5":"has-post-thumbnail","7":"category-tenis","8":"tag-deportes","9":"tag-es","10":"tag-espana","11":"tag-horizontal","12":"tag-spain","13":"tag-sports","14":"tag-tenis","15":"tag-tennis"},"share_on_mastodon":{"url":"","error":""},"_links":{"self":[{"href":"https:\/\/www.europesays.com\/es\/wp-json\/wp\/v2\/posts\/92100","targetHints":{"allow":["GET"]}}],"collection":[{"href":"https:\/\/www.europesays.com\/es\/wp-json\/wp\/v2\/posts"}],"about":[{"href":"https:\/\/www.europesays.com\/es\/wp-json\/wp\/v2\/types\/post"}],"author":[{"embeddable":true,"href":"https:\/\/www.europesays.com\/es\/wp-json\/wp\/v2\/users\/2"}],"replies":[{"embeddable":true,"href":"https:\/\/www.europesays.com\/es\/wp-json\/wp\/v2\/comments?post=92100"}],"version-history":[{"count":0,"href":"https:\/\/www.europesays.com\/es\/wp-json\/wp\/v2\/posts\/92100\/revisions"}],"wp:featuredmedia":[{"embeddable":true,"href":"https:\/\/www.europesays.com\/es\/wp-json\/wp\/v2\/media\/92101"}],"wp:attachment":[{"href":"https:\/\/www.europesays.com\/es\/wp-json\/wp\/v2\/media?parent=92100"}],"wp:term":[{"taxonomy":"category","embeddable":true,"href":"https:\/\/www.europesays.com\/es\/wp-json\/wp\/v2\/categories?post=92100"},{"taxonomy":"post_tag","embeddable":true,"href":"https:\/\/www.europesays.com\/es\/wp-json\/wp\/v2\/tags?post=92100"}],"curies":[{"name":"wp","href":"https:\/\/api.w.org\/{rel}","templated":true}]}}