{"id":92130,"date":"2025-09-04T05:23:22","date_gmt":"2025-09-04T05:23:22","guid":{"rendered":"https:\/\/www.europesays.com\/es\/92130\/"},"modified":"2025-09-04T05:23:22","modified_gmt":"2025-09-04T05:23:22","slug":"bombazo-en-la-ufc-dana-white-anuncio-el-retiro-oficial-de-la-leyenda-jon-jones-ole-usa","status":"publish","type":"post","link":"https:\/\/www.europesays.com\/es\/92130\/","title":{"rendered":"\u00a1Bombazo en la UFC! Dana White anunci\u00f3 el retiro oficial de la leyenda Jon Jones :: Ol\u00e9 USA"},"content":{"rendered":"<p>21\/06\/2025 23:27hs. Actualizado al 21\/06\/2025 23:48hs.<\/p>\n<p><strong>\u00a1Inesperado!<\/strong> Este s\u00e1bado 21 de junio de 2025 no ser\u00e1 un d\u00eda m\u00e1s en la historia de la <strong><a href=\"https:\/\/www.ole.com.ar\/tema\/ufc.html\" title=\"UFC\" alt=\"UFC\" class=\"slug\" rel=\"nofollow noopener\" target=\"_blank\">UFC<\/a><\/strong>, sino que ser\u00e1 recordado como <strong>el d\u00eda en el que se confirm\u00f3 el retiro de una leyenda como <a href=\"https:\/\/www.ole.com.ar\/tema\/jon-jones.html\" title=\"Jon Jones\" alt=\"Jon Jones\" class=\"slug\" rel=\"nofollow noopener\" target=\"_blank\">Jon Jones<\/a><\/strong>. Para muchos, el m\u00e1ximo referente de las artes marciales mixtas, el Messi de este deporte (para trazar un paralelismo).<\/p>\n<p><strong>Una persona que lo gan\u00f3 absolutamente todo y que fue un ejemplo para muchos de los grandes peleadores que tiene este deporte. <\/strong>Un referente, un animal dentro del oct\u00e1gono, una leyenda. No alcanzan las palabras para describir lo que hizo por la UFC, el contenido que gener\u00f3, todo lo que logr\u00f3. <strong>Es, para muchos, el mejor de todos los tiempos.<\/strong> Y de un d\u00eda para el otro, sin dar ninguna se\u00f1al, se retir\u00f3.<\/p>\n<p>As\u00ed lo confirm\u00f3 <strong><a href=\"https:\/\/www.ole.com.ar\/tema\/dana-white.html\" title=\"Dana White\" alt=\"Dana White\" class=\"slug\" rel=\"nofollow noopener\" target=\"_blank\">Dana White<\/a>,<\/strong> Presidente de Ultimate Fighting Championship, en rueda de prensa. Una noticia que sorprendi\u00f3 a propios y extra\u00f1os, ya que era el campe\u00f3n del peso pesado, porque muchos fan\u00e1ticos esperaban y especulaban con futuros combates y porque nadie se lo esperaba. De esta manera,<strong> dej\u00f3 su cintur\u00f3n de peso pesado <\/strong>(era el campe\u00f3n) <strong>y ahora qued\u00f3 en manos de Tom Aspinall (15-3), campe\u00f3n interino mientras Jon no estaba.<\/strong><\/p>\n<p><img alt=\"Dej\u00f3 su cintur\u00f3n de peso pesado. (Brad Penner-Imagn Images)\" loading=\"lazy\" width=\"720\" height=\"100\" decoding=\"async\" data-nimg=\"1\" style=\"color:transparent\" src=\"https:\/\/www.europesays.com\/es\/wp-content\/uploads\/2025\/09\/Mqawdydoq_720x0__1.jpg\"\/>Dej\u00f3 su cintur\u00f3n de peso pesado. (Brad Penner-Imagn Images)<\/p>\n<p>Un hist\u00f3rico que se marcha un r\u00e9cord de 28-1 y que quedar\u00e1 en los libros de las artes marciales mixtas. <strong>\u00abJon Jones est\u00e1 retirado. Tom Aspinall es el campe\u00f3n de peso pesado de la UFC\u00bb<\/strong>, coment\u00f3 Dana durante una conferencia en Bak\u00fa, Azerbaiy\u00e1n. <\/p>\n<p>Por su parte, el nuevo campe\u00f3n de la categor\u00eda no tard\u00f3 en aparecer y hablar al respecto: <strong>\u00abPara los fans. Es hora de que esta divisi\u00f3n de peso pesado arranque. Un campe\u00f3n indiscutible activo\u00bb<\/strong>. El fin de un emblema, que si bien es verdad que no estuvo del todo presente en este \u00faltimo tiempo, siempre fue el mejor de todos. <\/p>\n<p><img alt=\"Se retir\u00f3 la leyenda. (AP Photo\/Michael Wyke, File)\" loading=\"lazy\" width=\"720\" height=\"100\" decoding=\"async\" data-nimg=\"1\" style=\"color:transparent\" src=\"https:\/\/www.europesays.com\/es\/wp-content\/uploads\/2025\/09\/0IMEYBGC5_720x0__1.jpg\"\/>Se retir\u00f3 la leyenda. (AP Photo\/Michael Wyke, File)<\/p>\n<p><strong>Apenas una derrota en toda su carrera: en 2009, ante Matt Hamill.<\/strong> Y encima una ca\u00edda que fue por descalificaci\u00f3n: golpe\u00f3 con los codos en una posici\u00f3n que ahora es legal. Tambi\u00e9n es cierto que desde 2020 en adelante apenas tuvo tres combates (los gan\u00f3 todos), pero siempre fue un ganador nato. <strong>El adi\u00f3s de un hist\u00f3rico, de un pionero, de una verdadera leyenda de la UFC.<\/strong><\/p>\n<p><strong>Dana White anunci\u00f3 el retiro oficial de Jon Jones de la UFC<\/strong><\/p>\n<p><a href=\"https:\/\/www.ole.com.ar\/usa\/ufc\/khalil-rountree-jamahal-hill-triunfo-ufc-baku-peso-semipesado-bahamondes-fiziev_0_lVRfQcxZCX.html\" aria-label=\"Khalil Rountree Jr. venci\u00f3 a Jamahal Hill en el UFC de Baku \" class=\"sc-198398ff-0 dGmAry\" rel=\"nofollow noopener\" target=\"_blank\"><img alt=\"Khalil Rountree Jr. venci\u00f3 a Jamahal Hill en el UFC de Baku \" loading=\"lazy\" width=\"290\" height=\"290\" decoding=\"async\" data-nimg=\"1\" style=\"color:transparent\" src=\"https:\/\/www.europesays.com\/es\/wp-content\/uploads\/2025\/09\/1vb-gtDlh_290x290__1.jpg\"\/><\/p>\n<p>Mir\u00e1 tambi\u00e9nKhalil Rountree Jr. venci\u00f3 a Jamahal Hill en el UFC de Baku <\/p>\n<p><a href=\"https:\/\/www.ole.com.ar\/usa\/ufc\/quien-pelea-ufc-hoy-hora-tv-cartelera-sabado-21-de-junio_0_hoI78ulKGV.html\" aria-label=\"\u00bfQui\u00e9n pelea en UFC hoy? Hora, TV y cartelera del s\u00e1bado 21 de junio\" class=\"sc-198398ff-0 dGmAry\" rel=\"nofollow noopener\" target=\"_blank\"><img alt=\"\u00bfQui\u00e9n pelea en UFC hoy? Hora, TV y cartelera del s\u00e1bado 21 de junio\" loading=\"lazy\" width=\"290\" height=\"290\" decoding=\"async\" data-nimg=\"1\" style=\"color:transparent\" src=\"https:\/\/www.europesays.com\/es\/wp-content\/uploads\/2025\/09\/2FRc50y1W_290x290__1.jpg\"\/><\/p>\n<p>Mir\u00e1 tambi\u00e9n\u00bfQui\u00e9n pelea en UFC hoy? Hora, TV y cartelera del s\u00e1bado 21 de junio<\/p>\n<p><a href=\"https:\/\/www.ole.com.ar\/usa\/boxeo\/cuando-es-pelea-franco-tenaglia-vs-joseph-hapgood-a-que-hora-como-ver-en-vivo-war-mma_0_fkDHoMZxBL.html\" aria-label=\"\u00bfCu\u00e1ndo es la pelea de Franco Tenaglia vs. Joseph Hapgood? A qu\u00e9 hora y c\u00f3mo ver en vivo WAR MMA\" class=\"sc-198398ff-0 dGmAry\" rel=\"nofollow noopener\" target=\"_blank\"><img alt=\"\u00bfCu\u00e1ndo es la pelea de Franco Tenaglia vs. Joseph Hapgood? A qu\u00e9 hora y c\u00f3mo ver en vivo WAR MMA\" loading=\"lazy\" width=\"290\" height=\"290\" decoding=\"async\" data-nimg=\"1\" style=\"color:transparent\" src=\"https:\/\/www.europesays.com\/es\/wp-content\/uploads\/2025\/09\/B_UbO2Fyd_290x290__1.jpg\"\/><\/p>\n<p>Mir\u00e1 tambi\u00e9n\u00bfCu\u00e1ndo es la pelea de Franco Tenaglia vs. Joseph Hapgood? A qu\u00e9 hora y c\u00f3mo ver en vivo WAR MMA<\/p>\n<p><a href=\"https:\/\/www.ole.com.ar\/usa\/ufc\/dijo-ilia-topuria-video-previa-ufc-317-advertencia-charles-oliveira-pelea-combate-posteo-entrena_0_SkdVGSPJmE.html\" aria-label=\"Ilia Topuria no duda y lanza una dura advertencia para Charles Oliveira de cara a su combate en el UFC 317\" class=\"sc-198398ff-0 dGmAry\" rel=\"nofollow noopener\" target=\"_blank\"><img alt=\"Ilia Topuria no duda y lanza una dura advertencia para Charles Oliveira de cara a su combate en el UFC 317\" loading=\"lazy\" width=\"290\" height=\"290\" decoding=\"async\" data-nimg=\"1\" style=\"color:transparent\" src=\"https:\/\/www.europesays.com\/es\/wp-content\/uploads\/2025\/09\/QCymL0HIc_290x290__1.jpg\"\/><\/p>\n<p>Mir\u00e1 tambi\u00e9nIlia Topuria no duda y lanza una dura advertencia para Charles Oliveira de cara a su combate en el UFC 317<\/p>\n<p><a href=\"https:\/\/www.ole.com.ar\/usa\/ufc\/dijo-ilia-topuria-pelea-combate-charles-oliveira-ufc-317-titulo-indiscutido-ko-noquea-round-asalto-picante-video_0_xn6iqJEEWJ.html\" aria-label=\"Ilia Topuria adelanta en qu\u00e9 asalto vencer\u00e1 a Charles Oliveira en el UFC 317: &quot;Ser\u00e1 un espect\u00e1culo corto&quot;\" class=\"sc-198398ff-0 dGmAry\" rel=\"nofollow noopener\" target=\"_blank\"><img alt=\"Ilia Topuria adelanta en qu\u00e9 asalto vencer\u00e1 a Charles Oliveira en el UFC 317: &quot;Ser\u00e1 un espect\u00e1culo corto&quot;\" loading=\"lazy\" width=\"290\" height=\"290\" decoding=\"async\" data-nimg=\"1\" style=\"color:transparent\" src=\"https:\/\/www.europesays.com\/es\/wp-content\/uploads\/2025\/09\/4WZyPNsci_290x290__1.jpg\"\/><\/p>\n<p>Mir\u00e1 tambi\u00e9nIlia Topuria adelanta en qu\u00e9 asalto vencer\u00e1 a Charles Oliveira en el UFC 317: \u00abSer\u00e1 un espect\u00e1culo corto\u00bb<\/p>\n","protected":false},"excerpt":{"rendered":"21\/06\/2025 23:27hs. Actualizado al 21\/06\/2025 23:48hs. \u00a1Inesperado! Este s\u00e1bado 21 de junio de 2025 no ser\u00e1 un d\u00eda&hellip;\n","protected":false},"author":2,"featured_media":92131,"comment_status":"","ping_status":"","sticky":false,"template":"","format":"standard","meta":{"footnotes":""},"categories":[276],"tags":[168,25,24,23,167,343],"class_list":{"0":"post-92130","1":"post","2":"type-post","3":"status-publish","4":"format-standard","5":"has-post-thumbnail","7":"category-ufc","8":"tag-deportes","9":"tag-es","10":"tag-espana","11":"tag-spain","12":"tag-sports","13":"tag-ufc"},"share_on_mastodon":{"url":"","error":""},"_links":{"self":[{"href":"https:\/\/www.europesays.com\/es\/wp-json\/wp\/v2\/posts\/92130","targetHints":{"allow":["GET"]}}],"collection":[{"href":"https:\/\/www.europesays.com\/es\/wp-json\/wp\/v2\/posts"}],"about":[{"href":"https:\/\/www.europesays.com\/es\/wp-json\/wp\/v2\/types\/post"}],"author":[{"embeddable":true,"href":"https:\/\/www.europesays.com\/es\/wp-json\/wp\/v2\/users\/2"}],"replies":[{"embeddable":true,"href":"https:\/\/www.europesays.com\/es\/wp-json\/wp\/v2\/comments?post=92130"}],"version-history":[{"count":0,"href":"https:\/\/www.europesays.com\/es\/wp-json\/wp\/v2\/posts\/92130\/revisions"}],"wp:featuredmedia":[{"embeddable":true,"href":"https:\/\/www.europesays.com\/es\/wp-json\/wp\/v2\/media\/92131"}],"wp:attachment":[{"href":"https:\/\/www.europesays.com\/es\/wp-json\/wp\/v2\/media?parent=92130"}],"wp:term":[{"taxonomy":"category","embeddable":true,"href":"https:\/\/www.europesays.com\/es\/wp-json\/wp\/v2\/categories?post=92130"},{"taxonomy":"post_tag","embeddable":true,"href":"https:\/\/www.europesays.com\/es\/wp-json\/wp\/v2\/tags?post=92130"}],"curies":[{"name":"wp","href":"https:\/\/api.w.org\/{rel}","templated":true}]}}