{"id":92143,"date":"2025-09-04T05:32:06","date_gmt":"2025-09-04T05:32:06","guid":{"rendered":"https:\/\/www.europesays.com\/es\/92143\/"},"modified":"2025-09-04T05:32:06","modified_gmt":"2025-09-04T05:32:06","slug":"un-libro-que-reune-25-anos-de-columnas-con-analisis-economicos-y-opiniones-politicas","status":"publish","type":"post","link":"https:\/\/www.europesays.com\/es\/92143\/","title":{"rendered":"Un libro que re\u00fane 25 a\u00f1os de columnas con an\u00e1lisis econ\u00f3micos y opiniones pol\u00edticas"},"content":{"rendered":"<p><strong>El Gun Club fue testigo del lanzamiento de #Cerodemagogias, el nuevo libro del columnista LR y jefe de estrategia global en XP Investments, Alberto Bernal<\/strong>, que se re\u00fane 25 a\u00f1os de opiniones y an\u00e1lisis econ\u00f3mico realizados a trav\u00e9s de sus columnas publicadas en el diario La Rep\u00fablica.<\/p>\n<p>El evento de lanzamiento cont\u00f3 con la participaci\u00f3n de empresarios y allegados de Bernal, <strong>quienes presenciaron un conversatorio moderado por el director de La FM, Juan Lozano, el cual gir\u00f3 en torno a la recopilaci\u00f3n de las columnas<\/strong>, la posici\u00f3n del autor sobre algunos temas coyunturales de car\u00e1cter nacional e internacional, y el prop\u00f3sito detr\u00e1s del lanzamiento.<\/p>\n<p>Esto \u00faltimo, <strong>pues, el objetivo del autor es que los fondos recolectados con la venta del libro sean destinados a la Fundaci\u00f3n Juanfe<\/strong>.<\/p>\n<p><strong>Detalles del texto<\/strong><\/p>\n<p><strong>Aunque el libro se termin\u00f3 de editar en mayo de 2025, sus p\u00e1ginas se empezaron a escribir en el 2000<\/strong>, justo cuando el autor public\u00f3 sus primeras columnas en el Diario La Rep\u00fablica.<\/p>\n<p><strong>Desde entonces, se han recopilado 25 a\u00f1os de an\u00e1lisis econ\u00f3micos, opiniones pol\u00edticas y observaciones sobre los acontecimientos nacionales e internacionales<\/strong> que han dejado huella en muchos de sus lectores con columnas como \u2018La culpa no es de las tasas\u2019, \u2018Duele Ecopetrol\u2019, \u2018El efecto Milei\u2019, \u2018La Ley de las Consecuencias\u2019, \u2018Sin crecimiento no hay para\u00edso\u2019, \u2018Trump 2\u2019, \u2018El milagro chino\u2019, \u2018La tragedia venezolana\u2019, entre otras.<\/p>\n<p>Bernal, destaca en sus escritos por ofrecer una visi\u00f3n clara a trav\u00e9s de la palabra sin adornos, exponiendo su punto de vista, en el que advierte que estamos en un continente que a\u00fan se debate entre el populismo ideol\u00f3gico y el pragmatismo serio, <strong>lo que lo ha llevado a posicionarse como una figura clave en la opini\u00f3n p\u00fablica con sus an\u00e1lisis<\/strong>.<\/p>\n","protected":false},"excerpt":{"rendered":"El Gun Club fue testigo del lanzamiento de #Cerodemagogias, el nuevo libro del columnista LR y jefe de&hellip;\n","protected":false},"author":2,"featured_media":92144,"comment_status":"","ping_status":"","sticky":false,"template":"","format":"standard","meta":{"footnotes":""},"categories":[172],"tags":[7239,4952,10737,3288,10740,224,3903,10738,10734,209,634,10736,10735,146,10744,147,25,24,10743,10742,1671,2893,7531,9416,10745,225,1023,166,10741,23,10739,5535,4664],"class_list":{"0":"post-92143","1":"post","2":"type-post","3":"status-publish","4":"format-standard","5":"has-post-thumbnail","7":"category-libros","8":"tag-agro","9":"tag-ambiente","10":"tag-automotor","11":"tag-bancos","12":"tag-bolsas","13":"tag-books","14":"tag-comercio","15":"tag-comunicaciones","16":"tag-construccin","17":"tag-cultura","18":"tag-deporte","19":"tag-educacin","20":"tag-energa-y-minas","21":"tag-entertainment","22":"tag-entretenimento","23":"tag-entretenimiento","24":"tag-es","25":"tag-espana","26":"tag-espectculos","27":"tag-gastronoma","28":"tag-hacienda","29":"tag-industria","30":"tag-judicial","31":"tag-laboral","32":"tag-legislacin-marcas","33":"tag-libros","34":"tag-moda","35":"tag-salud","36":"tag-seguros","37":"tag-spain","38":"tag-tecnologa","39":"tag-transporte","40":"tag-turismo"},"share_on_mastodon":{"url":"","error":""},"_links":{"self":[{"href":"https:\/\/www.europesays.com\/es\/wp-json\/wp\/v2\/posts\/92143","targetHints":{"allow":["GET"]}}],"collection":[{"href":"https:\/\/www.europesays.com\/es\/wp-json\/wp\/v2\/posts"}],"about":[{"href":"https:\/\/www.europesays.com\/es\/wp-json\/wp\/v2\/types\/post"}],"author":[{"embeddable":true,"href":"https:\/\/www.europesays.com\/es\/wp-json\/wp\/v2\/users\/2"}],"replies":[{"embeddable":true,"href":"https:\/\/www.europesays.com\/es\/wp-json\/wp\/v2\/comments?post=92143"}],"version-history":[{"count":0,"href":"https:\/\/www.europesays.com\/es\/wp-json\/wp\/v2\/posts\/92143\/revisions"}],"wp:featuredmedia":[{"embeddable":true,"href":"https:\/\/www.europesays.com\/es\/wp-json\/wp\/v2\/media\/92144"}],"wp:attachment":[{"href":"https:\/\/www.europesays.com\/es\/wp-json\/wp\/v2\/media?parent=92143"}],"wp:term":[{"taxonomy":"category","embeddable":true,"href":"https:\/\/www.europesays.com\/es\/wp-json\/wp\/v2\/categories?post=92143"},{"taxonomy":"post_tag","embeddable":true,"href":"https:\/\/www.europesays.com\/es\/wp-json\/wp\/v2\/tags?post=92143"}],"curies":[{"name":"wp","href":"https:\/\/api.w.org\/{rel}","templated":true}]}}