{"id":92311,"date":"2025-09-04T07:25:08","date_gmt":"2025-09-04T07:25:08","guid":{"rendered":"https:\/\/www.europesays.com\/es\/92311\/"},"modified":"2025-09-04T07:25:08","modified_gmt":"2025-09-04T07:25:08","slug":"se-viraliza-caida-de-maria-antonieta-de-las-nieves-en-mexico-video","status":"publish","type":"post","link":"https:\/\/www.europesays.com\/es\/92311\/","title":{"rendered":"se viraliza ca\u00edda de Mar\u00eda Antonieta de las Nieves en M\u00e9xico [VIDEO]"},"content":{"rendered":"<p><strong>Mar\u00eda Antonieta de las Nieves<\/strong>, la actriz que a sus 78 a\u00f1os sigue dando vida a la &#8216;<a href=\"https:\/\/rpp.pe\/noticias\/la-chilindrina\" rel=\"follow noopener nofollow\" target=\"_blank\">La Chilindrina<\/a>&#8216;, sufri\u00f3 una ca\u00edda en el Teatro de los Insurgentes, en Ciudad de M\u00e9xico, cuando acud\u00eda como espectadora al espect\u00e1culo Cabaret, protagonizado por <strong>Mon Laferte<\/strong>.<\/p>\n<p>El incidente ocurri\u00f3 mientras la artista sub\u00eda por las escaleras del recinto. El momento fue captado en video por uno de los asistentes y r\u00e1pidamente se hizo viral en redes sociales.<\/p>\n<p>De inmediato, dos mujeres que se encontraban cerca la auxiliaron, ayud\u00e1ndola a continuar su trayecto. Hasta el momento no hay un pronunciamiento por parte de la actriz ni de sus representantes sobre este incidente.<\/p>\n<p>La mexicana estuvo a finales de julio en Lima, donde present\u00f3 su espect\u00e1culo circense con el personaje de <strong>La Chilindrina<\/strong>. Su regreso al pa\u00eds coincidi\u00f3 con la visita de dos de sus recordados compa\u00f1eros de El Chavo del 8;\u00a0<a href=\"https:\/\/rpp.pe\/famosos\/celebridades\/carlos-villagran-quico-descarta-reencuentro-con-la-chilindrina-y-edgar-vivar-excompaneros-de-el-chavo-del-ocho-noticia-1648129\" rel=\"follow noopener nofollow\" target=\"_blank\">Carlos Villagr\u00e1n<\/a> y <a href=\"https:\/\/rpp.pe\/famosos\/celebridades\/edgar-vivar-y-maria-antonieta-de-las-nieves-se-reencontraron-en-lima-video-noticia-1650291\" rel=\"follow noopener nofollow\" target=\"_blank\">Edgar Vivar<\/a>.<\/p>\n<p>&#8216;La Chilindrina&#8217; estuvo hospitalizada<\/p>\n<p>Hace una semana, <strong>Mar\u00eda Antonieta de las Nieves<\/strong> fue noticia debido a un problema de salud que sufri\u00f3 tras su visita a Per\u00fa, que la llev\u00f3 a ser hospitalizada de urgencia.\u00a0Ante las especulaciones, tuvo que publicar un video en sus redes sociales para informar que ya se encontraba recuperada.<\/p>\n<p>\u00abQu\u00e9 tal amigos. Soy Mar\u00eda Antonieta de las Nieves. Aqu\u00ed como siempre estoy haciendo mis dibujitos, haciendo mis bromas, haciendo mis cosas que me gustan hacer. En fin. La estoy pasando muy bien. Ojal\u00e1 que ustedes la pasen bien, como la estoy pasando yo. Gracias, los quiero mucho\u00bb, se\u00f1al\u00f3.<\/p>\n<p>Algunos medios mexicanos se\u00f1alaron que la actriz fue internada por presentar posibles \u00abs\u00edntomas de deterioro neurol\u00f3gico\u00bb; sin embargo, <a href=\"https:\/\/rpp.pe\/videos\/entretenimiento\/maria-antonieta-de-las-nieves-publica-video-luego-de-que-reportaran-complicaciones-en-su-salud-noticia-1652378\" rel=\"follow noopener nofollow\" target=\"_blank\">ella sali\u00f3 a aclarar su situaci\u00f3n<\/a>.<\/p>\n<p>\u00abGracias a todos los que se han preocupado por mi salud. Durante la gira en Per\u00fa tuve una fuerte deshidrataci\u00f3n que me baj\u00f3 el sodio, pero ya estoy en mi casa descansando y todo est\u00e1 bien, gracias a Dios\u00bb.\u00a0<\/p>\n","protected":false},"excerpt":{"rendered":"Mar\u00eda Antonieta de las Nieves, la actriz que a sus 78 a\u00f1os sigue dando vida a la &#8216;La&hellip;\n","protected":false},"author":2,"featured_media":92312,"comment_status":"","ping_status":"","sticky":false,"template":"","format":"standard","meta":{"footnotes":""},"categories":[174],"tags":[255,4858,146,147,25,24,256,4856,4857,23],"class_list":{"0":"post-92311","1":"post","2":"type-post","3":"status-publish","4":"format-standard","5":"has-post-thumbnail","7":"category-famosos","8":"tag-celebrities","9":"tag-el-chavo-del-8","10":"tag-entertainment","11":"tag-entretenimiento","12":"tag-es","13":"tag-espana","14":"tag-famosos","15":"tag-la-chilindrina","16":"tag-mara-antonieta-de-las-nieves","17":"tag-spain"},"share_on_mastodon":{"url":"","error":""},"_links":{"self":[{"href":"https:\/\/www.europesays.com\/es\/wp-json\/wp\/v2\/posts\/92311","targetHints":{"allow":["GET"]}}],"collection":[{"href":"https:\/\/www.europesays.com\/es\/wp-json\/wp\/v2\/posts"}],"about":[{"href":"https:\/\/www.europesays.com\/es\/wp-json\/wp\/v2\/types\/post"}],"author":[{"embeddable":true,"href":"https:\/\/www.europesays.com\/es\/wp-json\/wp\/v2\/users\/2"}],"replies":[{"embeddable":true,"href":"https:\/\/www.europesays.com\/es\/wp-json\/wp\/v2\/comments?post=92311"}],"version-history":[{"count":0,"href":"https:\/\/www.europesays.com\/es\/wp-json\/wp\/v2\/posts\/92311\/revisions"}],"wp:featuredmedia":[{"embeddable":true,"href":"https:\/\/www.europesays.com\/es\/wp-json\/wp\/v2\/media\/92312"}],"wp:attachment":[{"href":"https:\/\/www.europesays.com\/es\/wp-json\/wp\/v2\/media?parent=92311"}],"wp:term":[{"taxonomy":"category","embeddable":true,"href":"https:\/\/www.europesays.com\/es\/wp-json\/wp\/v2\/categories?post=92311"},{"taxonomy":"post_tag","embeddable":true,"href":"https:\/\/www.europesays.com\/es\/wp-json\/wp\/v2\/tags?post=92311"}],"curies":[{"name":"wp","href":"https:\/\/api.w.org\/{rel}","templated":true}]}}