{"id":92328,"date":"2025-09-04T07:36:03","date_gmt":"2025-09-04T07:36:03","guid":{"rendered":"https:\/\/www.europesays.com\/es\/92328\/"},"modified":"2025-09-04T07:36:03","modified_gmt":"2025-09-04T07:36:03","slug":"lisboa-suspende-el-servicio-de-funiculares-historicos-tras-el-accidente-que-causo-15-muertes-internacional","status":"publish","type":"post","link":"https:\/\/www.europesays.com\/es\/92328\/","title":{"rendered":"Lisboa suspende el servicio de funiculares hist\u00f3ricos tras el accidente que caus\u00f3 15 muertes | Internacional"},"content":{"rendered":"<p class=\"\">Lisboa ha amanecido este jueves a\u00fan conmocionada por la tragedia vivida pocas horas antes, al descarrilar un funicular que provoc\u00f3 la muerte de 15 personas y heridas a una veintena, entre ellas dos personas de nacionalidad espa\u00f1ola, que ya han recibido el alta hospitalaria. Entre los fallecidos se encuentra el guardafrenos del funicular, Andr\u00e9 Jorge Gon\u00e7alves Marques. <\/p>\n<p class=\"\">El suceso ha llevado al Ayuntamiento de Lisboa a suspender el servicio de tres funiculares hist\u00f3ricos de caracter\u00edsticas similares al siniestrado, que son una de las grandes atracciones tur\u00edsticas de la ciudad. As\u00ed, los transportes de Gra\u00e7a, Bica y Lavra, que salvan grandes desniveles, est\u00e1n interrumpidos de momento por decisi\u00f3n del Ayuntamiento de Lisboa, que ha decretado tres d\u00edas de luto oficial. Este jueves el duelo institucional se extiende a todo el pa\u00eds.<\/p>\n<p class=\"\">El funicular de la Gloria, donde se registr\u00f3 el accidente pasadas las 18.00 del mi\u00e9rcoles, comenz\u00f3 a funcionar en 1885 y fue electrificado a comienzos del XX. Transporta al a\u00f1o a cerca de tres millones de viajeros, en su mayor\u00eda turistas, que quieren conocer uno de los medios de transporte hist\u00f3ricos de la capital portuguesa.<\/p>\n<p class=\"\">Los populares carruajes amarillos de tranv\u00edas y funiculares constituyen uno de los s\u00edmbolos de Lisboa m\u00e1s fotografiados y solicitados por los visitantes.<\/p>\n<p class=\"\">[Noticia de \u00faltima hora. Habr\u00e1 actualizaci\u00f3n en breve]<\/p>\n","protected":false},"excerpt":{"rendered":"Lisboa ha amanecido este jueves a\u00fan conmocionada por la tragedia vivida pocas horas antes, al descarrilar un funicular&hellip;\n","protected":false},"author":2,"featured_media":92329,"comment_status":"","ping_status":"","sticky":false,"template":"","format":"standard","meta":{"footnotes":""},"categories":[42],"tags":[5960,17,18,33574,13,14,11,61,62,63,64,19,20,4577,9,10,15,16,1462,12,4664,21,22,431,65,66,67],"class_list":{"0":"post-92328","1":"post","2":"type-post","3":"status-publish","4":"format-standard","5":"has-post-thumbnail","7":"category-internacional","8":"tag-accidentes","9":"tag-breaking-news","10":"tag-breakingnews","11":"tag-espanoles-extranjero","12":"tag-featured-news","13":"tag-featurednews","14":"tag-headlines","15":"tag-internacional","16":"tag-international","17":"tag-international-news","18":"tag-internationalnews","19":"tag-latest-news","20":"tag-latestnews","21":"tag-lisboa","22":"tag-news","23":"tag-noticias","24":"tag-noticias-destacadas","25":"tag-noticiasdestacadas","26":"tag-portugal","27":"tag-titulares","28":"tag-turismo","29":"tag-ultimas-noticias","30":"tag-ultimasnoticias","31":"tag-victimas","32":"tag-world","33":"tag-world-news","34":"tag-worldnews"},"share_on_mastodon":{"url":"","error":""},"_links":{"self":[{"href":"https:\/\/www.europesays.com\/es\/wp-json\/wp\/v2\/posts\/92328","targetHints":{"allow":["GET"]}}],"collection":[{"href":"https:\/\/www.europesays.com\/es\/wp-json\/wp\/v2\/posts"}],"about":[{"href":"https:\/\/www.europesays.com\/es\/wp-json\/wp\/v2\/types\/post"}],"author":[{"embeddable":true,"href":"https:\/\/www.europesays.com\/es\/wp-json\/wp\/v2\/users\/2"}],"replies":[{"embeddable":true,"href":"https:\/\/www.europesays.com\/es\/wp-json\/wp\/v2\/comments?post=92328"}],"version-history":[{"count":0,"href":"https:\/\/www.europesays.com\/es\/wp-json\/wp\/v2\/posts\/92328\/revisions"}],"wp:featuredmedia":[{"embeddable":true,"href":"https:\/\/www.europesays.com\/es\/wp-json\/wp\/v2\/media\/92329"}],"wp:attachment":[{"href":"https:\/\/www.europesays.com\/es\/wp-json\/wp\/v2\/media?parent=92328"}],"wp:term":[{"taxonomy":"category","embeddable":true,"href":"https:\/\/www.europesays.com\/es\/wp-json\/wp\/v2\/categories?post=92328"},{"taxonomy":"post_tag","embeddable":true,"href":"https:\/\/www.europesays.com\/es\/wp-json\/wp\/v2\/tags?post=92328"}],"curies":[{"name":"wp","href":"https:\/\/api.w.org\/{rel}","templated":true}]}}