{"id":92347,"date":"2025-09-04T07:49:07","date_gmt":"2025-09-04T07:49:07","guid":{"rendered":"https:\/\/www.europesays.com\/es\/92347\/"},"modified":"2025-09-04T07:49:07","modified_gmt":"2025-09-04T07:49:07","slug":"pinturas-de-antonio-pena-que-dan-voz-a-la-mujer-y-a-los-inmigrantes","status":"publish","type":"post","link":"https:\/\/www.europesays.com\/es\/92347\/","title":{"rendered":"Pinturas de Antonio Pe\u00f1a que dan voz a la mujer y a los inmigrantes"},"content":{"rendered":"<p>&#8216;Isegoria&#8217; es un t\u00e9rmino de la antigua Grecia que viene a significar \u00abel derecho a la palabra de los ciudadanos en la asamblea\u00bb. De  &#8230; dicha afirmaci\u00f3n, podr\u00eda deducirse que todos ten\u00edan derecho a la palabra, \u00abpero no era as\u00ed\u00bb, recuerda el fil\u00f3sofo y artista Antonio Pe\u00f1a (Azpeitia, 1962), \u00abporque la categor\u00eda de ciudadano s\u00f3lo la ten\u00edan aquellos varones nacidos en la polis, por lo que quedaban excluidas las mujeres, los esclavos y los extranjeros\u00bb. Partiendo de la idea que transmite esta palabra griega, Pe\u00f1a ha creado una obra pict\u00f3rica que expone en la galer\u00eda La Central de Gros hasta el pr\u00f3ximo 30 de septiembre en la que reivindica el derecho a la palabra de todos las personas.<\/p>\n<p class=\"v-p\">La pintura es para Antonio Pe\u00f1a un veh\u00edculo para la reflexi\u00f3n filos\u00f3fica y sus obras buscan crear preguntas en el espectador. \u00abLa filosof\u00eda no es otra cosa que una cadena de preguntas\u00bb, recuerda. En esta muestra presenta una treintena de cuadros que \u00abdesde la abstracci\u00f3n se complementan con lo figurativo\u00bb para darle un significado a la obra. As\u00ed, el autor reflexiona sobre la situaci\u00f3n de la mujer y de los inmigrantes, \u00aben una \u00e9poca marcada por las grandes migraciones, donde la hospitalidad se ha convertido en un complejo sistema plagado de contradicciones, porque solo se acoge al que cumple nuestras normas\u00bb.<\/p>\n<p class=\"v-p\">El azul predomina en todas las obras, al ser \u00abun color c\u00e1lido que est\u00e1 dentro de m\u00ed\u00bb, explica el artista. \u00abDurante muchos a\u00f1os viv\u00ed en Menorca, y el azul me aporta la calidez del Mediterr\u00e1neo, pero tambi\u00e9n la frialdad de los hielos polares del norte de Finlandia que tambi\u00e9n he visitado. Ese antagonismo entre los dos sentidos del color me gusta\u00bb. Entre los azules destacan algunas pinceladas naranjas. \u00abAl ser colores complementarios se potencian entre s\u00ed. Y en el caso del rojo viene a representar un momento de crisis o drama\u00bb.<\/p>\n<p>Obras protagonistas<\/p>\n<p class=\"v-p\">Dos cuadros de grandes dimensiones abren la exposici\u00f3n. El primero presenta unas figuras casi andr\u00f3ginas, en distintas posturas y posiciones, que \u00abdialogan entre s\u00ed pero tambi\u00e9n con el espectador\u00bb. Con esta propuesta el artista busca que esas figuras sean contempladas como \u00abprotagonistas de la obra, y no como objetos de belleza, ni de deseo ni de erotismo, que es como se ha presentado muchas veces a la mujer en el arte\u00bb. El segundo es una reinterpretaci\u00f3n de &#8216;Susana y los viejos&#8217; (1610) de la pintora barroca Artemisa Gentileschi, quien muestra c\u00f3mo los dos ancianos se ciernen sobre la protagonista de esta historia b\u00edblica.<\/p>\n<p><img decoding=\"async\" loading=\"lazy\" src=\"https:\/\/www.europesays.com\/es\/wp-content\/uploads\/2025\/09\/obra-pena-kNG--748x524@Diario Vasco.jpg\" class=\"v-a-img\" width=\"748\" height=\"524\" alt=\"El azul predomina en todas las obras de Pe\u00f1a.\" data-voc-vtm-id=\"in-text-traffic\"\/><\/p>\n<p>El azul predomina en todas las obras de Pe\u00f1a.<\/p>\n<p>I\u00f1igo Royo<\/p>\n<p><img loading=\"lazy\" decoding=\"async\" src=\"https:\/\/www.europesays.com\/es\/wp-content\/uploads\/2025\/09\/obra-pena-kNG--748x524@Diario Vasco.jpg\" class=\"v-mdl__img-z\" width=\"748\" height=\"524\" alt=\"\"\/><\/p>\n<p class=\"v-p\">Un a\u00f1o despu\u00e9s de su representaci\u00f3n la autora fue violada por uno de los disc\u00edpulos de su padre, aunque con la ayuda de \u00e9ste, denuncio y se enjuici\u00f3 al violador (aunque posteriormente fue indultado por el Papa). \u00abMe llam\u00f3 la atenci\u00f3n tanto la historia de Susana como la de Artemisa y me pareci\u00f3 adecuado homenajear a estas mujeres pintoras que en la historia del arte han sido silenciadas\u00bb, reivindica Pe\u00f1a.<\/p>\n<ul class=\"v-u\">\n<li class=\"v-u__l\">\n<p class=\"v-p\">\nT\u00edtulo:<br \/>\n&#8216;Isegoria&#8217;, el fil\u00f3sofo y pintor Antonio Pe\u00f1a.\n<\/p>\n<\/li>\n<li class=\"v-u__l\">\n<p class=\"v-p\">\nLugar:<br \/>\nGaler\u00eda La Central (calle Nueva, 5, en Gros).\n<\/p>\n<\/li>\n<li class=\"v-u__l\">\n<p class=\"v-p\">\nFecha:<br \/>\nSe podr\u00e1 visitar hasta el 30 de septiembre.\n<\/p>\n<\/li>\n<\/ul>\n<p class=\"v-p\">Distintas series completan la muestra, como la que lleva por t\u00edtulo &#8216;El mar de las palabras&#8217;, donde se representa el drama de los cayucos. En &#8216;Agora&#8217; reivindica el derecho a la palabra de todas la personas y en la serie &#8216;Muro de la voz&#8217; denuncia las dificultades a las que deben enfrentarse los emigrantes que han sobrevivido al drama de atravesar el Mediterr\u00e1neo o cualquier otra frontera. \u00abCuando parece que ya han llegado a alg\u00fan sitio el mar les vuelve a levantar hacia arriba porque se encuentran con un muro de condiciones y requisitos que tienen que cumplir para que sean aceptados\u00bb.<\/p>\n<p class=\"v-p\">La propuesta expositiva &#8216;Isegora&#8217; es la tercera parte de un proyecto iniciado y presentado en la exposici\u00f3n colectiva individual de La Central Art Galery, denominado &#8216;Etxean&#8217;, junto a los artistas Juan Luis Goenaga e I\u00f1aki Ruiz de Egino, en la que con la obra presentada se abordaba una reflexi\u00f3n, desde el enfoque de la Deconstrucci\u00f3n, en torno al concepto de &#8216;hospitalidad&#8217; en el contexto del hogar y mayorazgo vasco, y desde la hospitalidad en los estado naci\u00f3n. En el marco de esta exposici\u00f3n, el propio artista ofrece visitas guiadas.<\/p>\n","protected":false},"excerpt":{"rendered":"&#8216;Isegoria&#8217; es un t\u00e9rmino de la antigua Grecia que viene a significar \u00abel derecho a la palabra de&hellip;\n","protected":false},"author":2,"featured_media":92348,"comment_status":"","ping_status":"","sticky":false,"template":"","format":"standard","meta":{"footnotes":""},"categories":[173],"tags":[1247,229,233,231,230,7441,232,234,146,147,25,24,891,2461,4877,5480,23,1447],"class_list":{"0":"post-92347","1":"post","2":"type-post","3":"status-publish","4":"format-standard","5":"has-post-thumbnail","7":"category-arte-y-diseno","8":"tag-antonio","9":"tag-arte","10":"tag-arte-y-diseno","11":"tag-arts","12":"tag-arts-and-design","13":"tag-dan","14":"tag-design","15":"tag-diseno","16":"tag-entertainment","17":"tag-entretenimiento","18":"tag-es","19":"tag-espana","20":"tag-inmigrantes","21":"tag-mujer","22":"tag-pena","23":"tag-pinturas","24":"tag-spain","25":"tag-voz"},"share_on_mastodon":{"url":"","error":""},"_links":{"self":[{"href":"https:\/\/www.europesays.com\/es\/wp-json\/wp\/v2\/posts\/92347","targetHints":{"allow":["GET"]}}],"collection":[{"href":"https:\/\/www.europesays.com\/es\/wp-json\/wp\/v2\/posts"}],"about":[{"href":"https:\/\/www.europesays.com\/es\/wp-json\/wp\/v2\/types\/post"}],"author":[{"embeddable":true,"href":"https:\/\/www.europesays.com\/es\/wp-json\/wp\/v2\/users\/2"}],"replies":[{"embeddable":true,"href":"https:\/\/www.europesays.com\/es\/wp-json\/wp\/v2\/comments?post=92347"}],"version-history":[{"count":0,"href":"https:\/\/www.europesays.com\/es\/wp-json\/wp\/v2\/posts\/92347\/revisions"}],"wp:featuredmedia":[{"embeddable":true,"href":"https:\/\/www.europesays.com\/es\/wp-json\/wp\/v2\/media\/92348"}],"wp:attachment":[{"href":"https:\/\/www.europesays.com\/es\/wp-json\/wp\/v2\/media?parent=92347"}],"wp:term":[{"taxonomy":"category","embeddable":true,"href":"https:\/\/www.europesays.com\/es\/wp-json\/wp\/v2\/categories?post=92347"},{"taxonomy":"post_tag","embeddable":true,"href":"https:\/\/www.europesays.com\/es\/wp-json\/wp\/v2\/tags?post=92347"}],"curies":[{"name":"wp","href":"https:\/\/api.w.org\/{rel}","templated":true}]}}