{"id":92417,"date":"2025-09-04T08:35:08","date_gmt":"2025-09-04T08:35:08","guid":{"rendered":"https:\/\/www.europesays.com\/es\/92417\/"},"modified":"2025-09-04T08:35:08","modified_gmt":"2025-09-04T08:35:08","slug":"los-herederos-de-cuadro-robado-por-un-oficial-nazi-lo-entregan-a-la-justicia","status":"publish","type":"post","link":"https:\/\/www.europesays.com\/es\/92417\/","title":{"rendered":"Los herederos de cuadro robado por un oficial nazi lo entregan a la Justicia"},"content":{"rendered":"<p>Buenos Aires (EFE).- Los herederos de un cuadro robado por un oficial nazi durante la Segunda Guerra Mundial y ubicado en los \u00faltimos d\u00edas en la ciudad argentina de Mar del Plata, entregaron este mi\u00e9rcoles la obra de arte a la Justicia del pa\u00eds.<\/p>\n<p>La entrega del cuadro en Mar del Plata (400 kil\u00f3metros al sur de Buenos Aires) la anunci\u00f3 el fiscal federal Daniel Adler en una rueda de prensa en la que se exhibi\u00f3 la obra, \u2018Retrato de una dama\u2019, del italiano Giuseppe Ghislandi (1655-1743).<\/p>\n<p>Patricia Kadgien y su esposo, herederos del <a href=\"https:\/\/efe.com\/cultura\/2023-01-14\/del-sotano-al-museo-el-arte-italiano-que-los-nazis-no-pudieron-arrebatar\/\" rel=\"nofollow noopener\" target=\"_blank\">cuadro robado<\/a>, entregaron la pintura despu\u00e9s de que este martes quedaran bajo arresto domiciliario en el contexto de una investigaci\u00f3n judicial.<\/p>\n<p>La obra de arte la detect\u00f3 en una publicaci\u00f3n de internet un periodista neerland\u00e9s.<\/p>\n<p>\u00bfC\u00f3mo termin\u00f3 un cuadro robado por un oficial nazi en Argentina?<\/p>\n<p>\u2018Retrato de una dama\u2019 fue confiscado de la galer\u00eda del comerciante de arte jud\u00edo Jacques Goudstikker, en \u00c1msterdam, durante la ocupaci\u00f3n nazi.<\/p>\n<p>Patricia Kadgien es hija de Friedrich Kadgien, un alto funcionario de Adolf Hitler que muri\u00f3 en <a href=\"https:\/\/efe.com\/mundo\/2025-05-11\/argentina-documentos-nazismo-corte-suprema\/\" rel=\"nofollow noopener\" target=\"_blank\">Buenos Aires<\/a> en 1978, se\u00f1alado como uno de los responsables de la apropiaci\u00f3n de numerosas obras de arte, mediante saqueos o ventas forzadas, a jud\u00edos holandeses, entre ellas varias de la colecci\u00f3n de Goudstikker.<\/p>\n<p><img loading=\"lazy\" data-recalc-dims=\"1\" decoding=\"async\" width=\"900\" height=\"600\" src=\"https:\/\/www.europesays.com\/es\/wp-content\/uploads\/2025\/09\/Argentina-nazi-1.webp\" alt=\"Los herederos del cuadro robado por un oficial nazi lo entregan a la Justicia de Argentina\" class=\"wp-image-2120249\" style=\"width:980px;height:auto\"  \/>Fotograf\u00eda del cuadro \u2018Retrato de una dama\u2019, un oficial nazi durante la Segunda Guerra Mundial, en Mar del Plata (Argentina). EFE\/STR<\/p>\n<p>La semana pasada y el lunes \u00faltimo la Polic\u00eda allan\u00f3 la casa de Kadgien en busca de pistas sobre el <a href=\"https:\/\/efe.com\/cultura\/2024-10-09\/recuperan-cuadro-de-monet-de-1865-robado-por-los-nazis-en-1940\/\" rel=\"nofollow noopener\" target=\"_blank\">paradero del cuadro<\/a>, buscado desde hace d\u00e9cadas.<\/p>\n<p>Tambi\u00e9n se allanaron otros tres domicilios vinculados a la pareja, pero en ninguno de ellos encontraron la obra en cuesti\u00f3n.<\/p>\n<p>El peri\u00f3dico neerland\u00e9s AD logr\u00f3 descubrir \u2018Retrato de una dama\u2019 en una publicaci\u00f3n de venta de la casa de Kadgien.<\/p>\n<p>En las fotos de la publicaci\u00f3n de la agencia inmobiliaria Robles Casas&amp;Campos, que ya est\u00e1 dada de baja, se pudo ver la pintura expuesta en el sal\u00f3n principal de la vivienda, colgada encima de un sill\u00f3n verde.<\/p>\n<p>Cuando los efectivos policiales ingresaron por primera vez al domicilio encontraron, en su lugar, un enorme tapiz con motivos de paisaje y caballos.<\/p>\n","protected":false},"excerpt":{"rendered":"Buenos Aires (EFE).- Los herederos de un cuadro robado por un oficial nazi durante la Segunda Guerra Mundial&hellip;\n","protected":false},"author":2,"featured_media":92418,"comment_status":"","ping_status":"","sticky":false,"template":"","format":"standard","meta":{"footnotes":""},"categories":[173],"tags":[283,229,233,231,230,232,234,146,147,25,24,23],"class_list":{"0":"post-92417","1":"post","2":"type-post","3":"status-publish","4":"format-standard","5":"has-post-thumbnail","7":"category-arte-y-diseno","8":"tag-argentina","9":"tag-arte","10":"tag-arte-y-diseno","11":"tag-arts","12":"tag-arts-and-design","13":"tag-design","14":"tag-diseno","15":"tag-entertainment","16":"tag-entretenimiento","17":"tag-es","18":"tag-espana","19":"tag-spain"},"share_on_mastodon":{"url":"","error":""},"_links":{"self":[{"href":"https:\/\/www.europesays.com\/es\/wp-json\/wp\/v2\/posts\/92417","targetHints":{"allow":["GET"]}}],"collection":[{"href":"https:\/\/www.europesays.com\/es\/wp-json\/wp\/v2\/posts"}],"about":[{"href":"https:\/\/www.europesays.com\/es\/wp-json\/wp\/v2\/types\/post"}],"author":[{"embeddable":true,"href":"https:\/\/www.europesays.com\/es\/wp-json\/wp\/v2\/users\/2"}],"replies":[{"embeddable":true,"href":"https:\/\/www.europesays.com\/es\/wp-json\/wp\/v2\/comments?post=92417"}],"version-history":[{"count":0,"href":"https:\/\/www.europesays.com\/es\/wp-json\/wp\/v2\/posts\/92417\/revisions"}],"wp:featuredmedia":[{"embeddable":true,"href":"https:\/\/www.europesays.com\/es\/wp-json\/wp\/v2\/media\/92418"}],"wp:attachment":[{"href":"https:\/\/www.europesays.com\/es\/wp-json\/wp\/v2\/media?parent=92417"}],"wp:term":[{"taxonomy":"category","embeddable":true,"href":"https:\/\/www.europesays.com\/es\/wp-json\/wp\/v2\/categories?post=92417"},{"taxonomy":"post_tag","embeddable":true,"href":"https:\/\/www.europesays.com\/es\/wp-json\/wp\/v2\/tags?post=92417"}],"curies":[{"name":"wp","href":"https:\/\/api.w.org\/{rel}","templated":true}]}}