{"id":92421,"date":"2025-09-04T08:37:08","date_gmt":"2025-09-04T08:37:08","guid":{"rendered":"https:\/\/www.europesays.com\/es\/92421\/"},"modified":"2025-09-04T08:37:08","modified_gmt":"2025-09-04T08:37:08","slug":"juego-de-pelotas-llego-a-antena-3-como-el-ultimo-chapuzon-del-verano-y-con-juanra-bonet-como-pez-en-el-agua","status":"publish","type":"post","link":"https:\/\/www.europesays.com\/es\/92421\/","title":{"rendered":"&#8216;Juego de pelotas&#8217; lleg\u00f3 a Antena 3 como el \u00faltimo chapuz\u00f3n del verano y con Juanra Bonet como pez en el agua"},"content":{"rendered":"<p class=\"article-text\">\n        <strong>Este mi\u00e9rcoles, 3 de septiembre, Antena 3<\/strong>\u00a0estren\u00f3 su <strong>Juego de pelotas<\/strong>, el nuevo concurso presentado por\u00a0<strong>Juanra Bonet<\/strong>, que lleg\u00f3 como un chapuz\u00f3n de famosos ligero, f\u00e1cil de ver, entretenido, pero m\u00e1s adecuado para el caluroso agosto.\n    <\/p>\n<p>    <a href=\"https:\/\/www.eldiario.es\/noticias\/antena-3-presenta-emparejados-joaquin-susana-saborido-presentador-le-propone-tu-cara-me-suena-gestara_1_12571913.html\" data-mrf-recirculation=\"saber-mas\" data-dl-event=\"saber-mas\" rel=\"nofollow noopener\" target=\"_blank\"><\/p>\n<p class=\"know-more__title\">Antena 3 presenta &#8216;Emparejados&#8217; con Joaqu\u00edn de presentador y le propone &#8216;Tu cara me suena&#8217;: \u00abEs algo que se gestar\u00e1\u00bb<\/p>\n<p>            <img decoding=\"async\" class=\"lazy\" loading=\"lazy\" data-src=\"https:\/\/static.eldiario.es\/clip\/a6f3a0bd-cc09-4831-b1ef-002095c9c571_16-9-aspect-ratio_default_0.jpg\" src=\"data:image\/svg+xml,%3Csvg xmlns=\" http:=\"\" viewbox=\"0 0 880 495\" alt=\"Antena 3 presenta 'Emparejados' con Joaqu\u00edn de presentador y le propone 'Tu cara me suena': &quot;Es algo que se gestar\u00e1&quot;\"\/><\/p>\n<p>                        <\/a><\/p>\n<p class=\"article-text\">\n        El ritmo r\u00e1pido del formato producido por <strong>Warner Bros ITVP Espa\u00f1a &#8211;<\/strong> adaptaci\u00f3n del neerland\u00e9s\u00a0De Kwis met Ballen- y la <strong>cuidada selecci\u00f3n de unos concursantes a\u00fan m\u00e1s veloces de mente<\/strong> y capaces de divertir al m\u00e1s aburrido, hicieron del estreno una entrega en la que daban ganas de sumergirse.\n    <\/p>\n<p class=\"article-text\">\n        Tambi\u00e9n lo logr\u00f3 un <strong>Juanra Bonet <\/strong>\u00fanico en su capacidad de transitar la tensi\u00f3n y el humor a la vez. Haciendo dudar a los concursantes entre controlar sus nervios por caer a la piscina, o su risa para no tragar agua.\n    <\/p>\n<blockquote class=\"twitter-tweet\" data-lang=\"es\"><p><a href=\"https:\/\/twitter.com\/X\/status\/1963353692754604316?ref_src=twsrc%5Etfw\" rel=\"nofollow noopener\" target=\"_blank\"><\/p><\/blockquote>\n<p>    Las cinco rondas que enfrentaron a cantantes contra humoristas<\/p>\n<p class=\"article-text\">\n        La mec\u00e1nica del concurso es sencilla:<strong> cinco rondas de preguntas<\/strong> en las que enfrentan a <strong>dos grupos de famosos<\/strong>. Al seleccionar cada categor\u00eda, se presentan seis respuestas posibles a cada pregunta, de las cuales solo una ser\u00e1 incorrecta.\n    <\/p>\n<p class=\"article-text\">\n        Cada jugador debe colocarse frente a la respuesta que crea correcta. Al o\u00edr \u201cpelotas en juego\u201d las pelotas bajan por el trampol\u00edn y el que se coloca en la <strong>respuesta incorrecta es empujado por la pelota, cae al agua y es eliminado<\/strong>, acabando su turno con un gran chapuz\u00f3n.\n    <\/p>\n<p class=\"article-text\">\n        De esta manera, el primero que cay\u00f3 fue El Monaguillo, del equipo de c\u00f3micos, le sigui\u00f3 Rosa, del de cantantes, y as\u00ed David, Angy y el resto. Hasta que s\u00f3lo quedaron <strong>Susi, Henar y Agust\u00edn, ganando la primera entrega de<\/strong><strong> Pelotas en juego<\/strong><strong>. <\/strong>\n    <\/p>\n<p>    <a href=\"https:\/\/www.eldiario.es\/vertele\/noticias\/pablo-motos-provoco-risa-reverte-insistirle-pedro-sanchez-no-tienes-quieres-lena_1_12576684.html\" data-mrf-recirculation=\"saber-mas-abajo\" data-dl-event=\"saber-mas-abajo\" rel=\"nofollow noopener\" target=\"_blank\"><\/p>\n<p class=\"know-more__title\">Pablo Motos provoc\u00f3 la risa de Reverte al insistirle en Pedro S\u00e1nchez: \u201c\u00bfNo tienes bastante?, \u00bfquieres m\u00e1s le\u00f1a?\u201d<\/p>\n<p>            <img decoding=\"async\" class=\"lazy\" loading=\"lazy\" data-src=\"https:\/\/static.eldiario.es\/clip\/3d268997-e1d2-4eb1-b25d-a56cb01ac410_16-9-aspect-ratio_default_0.jpg\" src=\"data:image\/svg+xml,%3Csvg xmlns=\" http:=\"\" viewbox=\"0 0 880 495\" alt=\"Pablo Motos provoc\u00f3 la risa de Reverte al insistirle en Pedro S\u00e1nchez: &quot;\u00bfNo tienes bastante?, \u00bfquieres m\u00e1s le\u00f1a?&quot;\"\/><\/p>\n<p>                        <\/a><\/p>\n<blockquote class=\"twitter-tweet\" data-lang=\"es\"><p><a href=\"https:\/\/twitter.com\/X\/status\/1963352565837389923?ref_src=twsrc%5Etfw\" rel=\"nofollow noopener\" target=\"_blank\"><\/p><\/blockquote>\n<p class=\"article-text\">\n        As\u00ed, <strong>el equipo de los c\u00f3micos consigui\u00f3 un premio monetario<\/strong>, de miles de euros, que donaron \u00edntegramente a una ONG.\n    <\/p>\n<p>                                    <script async src=\"https:\/\/platform.twitter.com\/widgets.js\" charset=\"utf-8\"><\/script><\/p>\n","protected":false},"excerpt":{"rendered":"Este mi\u00e9rcoles, 3 de septiembre, Antena 3\u00a0estren\u00f3 su Juego de pelotas, el nuevo concurso presentado por\u00a0Juanra Bonet, que&hellip;\n","protected":false},"author":2,"featured_media":92422,"comment_status":"","ping_status":"","sticky":false,"template":"","format":"standard","meta":{"footnotes":""},"categories":[171],"tags":[1554,5051,9692,21544,22943,146,147,25,24,21543,1444,17359,21542,33595,23,3474,214,1793],"class_list":{"0":"post-92421","1":"post","2":"type-post","3":"status-publish","4":"format-standard","5":"has-post-thumbnail","7":"category-tv","8":"tag-1554","9":"tag-agua","10":"tag-antena","11":"tag-bonet","12":"tag-chapuzon","13":"tag-entertainment","14":"tag-entretenimiento","15":"tag-es","16":"tag-espana","17":"tag-juanra","18":"tag-juego","19":"tag-llego","20":"tag-pelotas","21":"tag-pez","22":"tag-spain","23":"tag-tardio","24":"tag-tv","25":"tag-verano"},"share_on_mastodon":{"url":"","error":""},"_links":{"self":[{"href":"https:\/\/www.europesays.com\/es\/wp-json\/wp\/v2\/posts\/92421","targetHints":{"allow":["GET"]}}],"collection":[{"href":"https:\/\/www.europesays.com\/es\/wp-json\/wp\/v2\/posts"}],"about":[{"href":"https:\/\/www.europesays.com\/es\/wp-json\/wp\/v2\/types\/post"}],"author":[{"embeddable":true,"href":"https:\/\/www.europesays.com\/es\/wp-json\/wp\/v2\/users\/2"}],"replies":[{"embeddable":true,"href":"https:\/\/www.europesays.com\/es\/wp-json\/wp\/v2\/comments?post=92421"}],"version-history":[{"count":0,"href":"https:\/\/www.europesays.com\/es\/wp-json\/wp\/v2\/posts\/92421\/revisions"}],"wp:featuredmedia":[{"embeddable":true,"href":"https:\/\/www.europesays.com\/es\/wp-json\/wp\/v2\/media\/92422"}],"wp:attachment":[{"href":"https:\/\/www.europesays.com\/es\/wp-json\/wp\/v2\/media?parent=92421"}],"wp:term":[{"taxonomy":"category","embeddable":true,"href":"https:\/\/www.europesays.com\/es\/wp-json\/wp\/v2\/categories?post=92421"},{"taxonomy":"post_tag","embeddable":true,"href":"https:\/\/www.europesays.com\/es\/wp-json\/wp\/v2\/tags?post=92421"}],"curies":[{"name":"wp","href":"https:\/\/api.w.org\/{rel}","templated":true}]}}