{"id":92427,"date":"2025-09-04T08:40:04","date_gmt":"2025-09-04T08:40:04","guid":{"rendered":"https:\/\/www.europesays.com\/es\/92427\/"},"modified":"2025-09-04T08:40:04","modified_gmt":"2025-09-04T08:40:04","slug":"vuelta-a-espana-2025-hoy-etapa-12-horario-recorrido-perfil-y-donde-ver-por-tv-el-mundo","status":"publish","type":"post","link":"https:\/\/www.europesays.com\/es\/92427\/","title":{"rendered":"Vuelta a Espa\u00f1a 2025 hoy, etapa 12: horario, recorrido, perfil y d\u00f3nde ver por TV &#8211; El Mundo"},"content":{"rendered":"<ol>\n<li><a href=\"https:\/\/news.google.com\/rss\/articles\/CBMid0FVX3lxTE5mV1llMjJjeWxZNUwzZVJjLXBGbFFva05iZDZkY0syakNRMDZjR3QzSnZZTFF4ZE4teU43U0VWNnNSZlVUSVhWR181Q0l3a0ZLa1l0dVNYRVpCYmlzb3ZuU01LdGNFRWotSUVSa1ItS2FpNUJ6NXhZ0gF3QVVfeXFMT0NBQ0FqbzN0QXdaYWxsRHVYZ2FoN2l5V0tZWk85aUdvdHhocjBTMFBoTDNHR3NrNkk1RzBhaXRRaF9kQnpGNENURThoQ0w0a2NFSUFReVNkbXphZzNEUk1HWTI4ZG9pQnNkcUFqNERnNHhTd3pzYzQ?oc=5\" target=\"_blank\" rel=\"nofollow noopener\">Vuelta a Espa\u00f1a 2025 hoy, etapa 12: horario, recorrido, perfil y d\u00f3nde ver por TV<\/a>&nbsp;&nbsp;El Mundo<\/li>\n<li><a href=\"https:\/\/news.google.com\/rss\/articles\/CBMi8wFBVV95cUxNRnMwNEdvT3EyNTh0akdmU1NPRzBpNnRJcGQybHRCSVNnbWMxY1FkVFNmZ0k4STNVOEFiak1kbWRsX0ZoRlowU1dpV1RQeFJmTnNLTXkwNUZJb2JtcE9tZlV3cmRqTUlzd1RjdS1vQTk1X2FiYllQNDc2QkJ0aldwXzN1LS1LWXlCYjFUbjJYTV9QZXBnekh3TFE3NXlEMkV2TWZ3UlNPN1VDV0wzbS1nTEFoSm96QzJEV3J6RERReWhTNHJnRl8tS1dSYzFOWEdmc0NWQ3VzY1dEeFBlOWtSV1hTODZtNTl6bFV1RkQzQlFkM2fSAYcCQVVfeXFMTmZZbV8zb0FFQndoYm5FWkpkMy12cmF3S1BzRWFyb3Z1OEJpRURSUW5yZHVub0xWcm1ady1HV2RyTmFBMDFQNXB6N1pfSkMwYWEwR1VGeVl5RXEydjc5OEZBVTZWV3F3RzBqNjRJdVN6NVJjNUpvWDhyN3kxaEpIVExEQk9FSmx6cTQ5YjBUaVNiZ1E3YmVQVVd0S3d3SHZtYU1JNkdPLW5UbU1XQzhEelJPbG9IQWV3NjFVcTdtUlprakxMMHY0aHJmQTNweFp4N1NJbmtlTk14ZHozcHBKLVY0eWdWMllKaVc4dDByZXNfQXVOVEo4Nm45azVGaUR2YWRpODF0TVk?oc=5\" target=\"_blank\" rel=\"nofollow noopener\">Acci\u00f3n Palestina convoca concentraciones en Laredo y en Los Corrales de Buelna por La Vuelta a Espa\u00f1a<\/a>&nbsp;&nbsp;Cadena SER<\/li>\n<li><a href=\"https:\/\/news.google.com\/rss\/articles\/CBMiqAFBVV95cUxNNFMxakhBMnROUUhUTTFUdTJjR25yTUVibGVfM1ozU1ZNVDU1bmNPS0FmdlRQZG92TGh6VG5PdWxWZDBpVmN1bndjWVZqS2VDcjNuclhNMzdObzRRaTIzOG5lUTI4dzhfbUxpQ004MWRXNy1zeUR5ckNnVGY2ZWpHYlY2dzRvUHdUdU5lU013RXdjUnlRUkt5MDFlcWJNWlZkQWw3QkxqMDc?oc=5\" target=\"_blank\" rel=\"nofollow noopener\">Consulta a qu\u00e9 hora pasa La Vuelta este jueves por tu pueblo<\/a>&nbsp;&nbsp;El Diario Monta\u00f1\u00e9s<\/li>\n<li><a href=\"https:\/\/news.google.com\/rss\/articles\/CBMizgFBVV95cUxQZEdJcUdpTWhxTkJPS19MVmpMbUpBNVc5cmh0RXh5dlpWdnllaGF6V2FJN0pMSUlUdVN5a2tJTkxyYTlwY3FSR2FURDNrSFRVNHZfWWc5R0JrREZMM1ZfRzNDZDhJbWk4Um9jMU1aVjFWbWlyNGRDR1JWZWtpNnVMUUlJSUZQc2drREVzT2lDdGRFVXB4a29ScjM4NGdZa1UyZUx6NUpSbm5CM2c5TUxtc2t6Q3cwSzM4eEpfMXdDRUJlODdjMjFERHJEYm1zUdIBzgFBVV95cUxNbkZkWUFpMzZLOFZ1X2VhdHNQbU1rTmtuMWNRV0lOOHhGRFpuUFFJOGtHc01uNTRwa05wcFZJYWxRbWJjNjZXOHFTNGM1eVUzYzkyS2Y5am44YTMtSmFxREltLWdEVFhoeTFzdDFGUGp4WE5OSS1fRVBpTU5YRGpwSEZ2ZUJZMFl6Z2pZNk9vSV9YSXZXcmRoRzNWazdPVFp1MkZDbkJtY3dJU3JrTnVDNk96WFVkVkVDSVFvUnNFMU9zNjdWcnE3UDBRTkhCdw?oc=5\" target=\"_blank\" rel=\"nofollow noopener\">M\u00e1s de uno Cantabria 03\/09\/2025<\/a>&nbsp;&nbsp;Onda Cero<\/li>\n<li><a href=\"https:\/\/news.google.com\/rss\/articles\/CBMisgFBVV95cUxQLTBJR3JTeW5RalZmY2VBbmpjVklTSWh6SEZHUWJDdmNrX3BQVWhJS0RseXQwek9DeHVuNGRScVFEMmNMb0g0ZzBzakZUcU15R2QwYkgxNXlWbXhSRWhHR0Z5VFVialNMTDdGQUdabEd1eUF6VnFqMXB5S3VNVDYwa2EwWTBSbXlGVmxVQ3FFSXRZaUNoeXF6WDROSHBTcUNhRGE1c3psWUk5d3dmdERYVkxB0gGyAUFVX3lxTE92eUVOTHlkRTd4NkhWcWpVdEZLMU5kOWY3WEJYZ0FHYlRuOGJ5eUV2Vy1QcW5jUkZWZUVoOExiN21tMDU2RTFlaWhlbW9KMlI5eGJhUm16TkZoV3Q5R0RfdTQyeUZYN01PMWR0MkdVbk9RdXd6bVJsLVhsdHFmVUVKMGh5azZHVktMVWdoTnZyb1RXRVh3SThyWmh2R3JPSlQ2UEtYek54NHVUSnR0NzNma0E?oc=5\" target=\"_blank\" rel=\"nofollow noopener\">Perfil, recorrido, hora y d\u00f3nde ver la Etapa 12 de la Vuelta a Espa\u00f1a entre Laredo y Los Corrales de Buelna<\/a>&nbsp;&nbsp;RTVE.es<\/li>\n<\/ol>\n","protected":false},"excerpt":{"rendered":"Vuelta a Espa\u00f1a 2025 hoy, etapa 12: horario, recorrido, perfil y d\u00f3nde ver por TV&nbsp;&nbsp;El Mundo Acci\u00f3n Palestina&hellip;\n","protected":false},"author":2,"featured_media":92428,"comment_status":"","ping_status":"","sticky":false,"template":"","format":"standard","meta":{"footnotes":""},"categories":[93],"tags":[2170,729,168,25,24,23,167,5411],"class_list":{"0":"post-92427","1":"post","2":"type-post","3":"status-publish","4":"format-standard","5":"has-post-thumbnail","7":"category-deportes","8":"tag-como","9":"tag-dda","10":"tag-deportes","11":"tag-es","12":"tag-espana","13":"tag-spain","14":"tag-sports","15":"tag-vuelta-a-espana"},"share_on_mastodon":{"url":"","error":""},"_links":{"self":[{"href":"https:\/\/www.europesays.com\/es\/wp-json\/wp\/v2\/posts\/92427","targetHints":{"allow":["GET"]}}],"collection":[{"href":"https:\/\/www.europesays.com\/es\/wp-json\/wp\/v2\/posts"}],"about":[{"href":"https:\/\/www.europesays.com\/es\/wp-json\/wp\/v2\/types\/post"}],"author":[{"embeddable":true,"href":"https:\/\/www.europesays.com\/es\/wp-json\/wp\/v2\/users\/2"}],"replies":[{"embeddable":true,"href":"https:\/\/www.europesays.com\/es\/wp-json\/wp\/v2\/comments?post=92427"}],"version-history":[{"count":0,"href":"https:\/\/www.europesays.com\/es\/wp-json\/wp\/v2\/posts\/92427\/revisions"}],"wp:featuredmedia":[{"embeddable":true,"href":"https:\/\/www.europesays.com\/es\/wp-json\/wp\/v2\/media\/92428"}],"wp:attachment":[{"href":"https:\/\/www.europesays.com\/es\/wp-json\/wp\/v2\/media?parent=92427"}],"wp:term":[{"taxonomy":"category","embeddable":true,"href":"https:\/\/www.europesays.com\/es\/wp-json\/wp\/v2\/categories?post=92427"},{"taxonomy":"post_tag","embeddable":true,"href":"https:\/\/www.europesays.com\/es\/wp-json\/wp\/v2\/tags?post=92427"}],"curies":[{"name":"wp","href":"https:\/\/api.w.org\/{rel}","templated":true}]}}