{"id":92431,"date":"2025-09-04T08:44:06","date_gmt":"2025-09-04T08:44:06","guid":{"rendered":"https:\/\/www.europesays.com\/es\/92431\/"},"modified":"2025-09-04T08:44:06","modified_gmt":"2025-09-04T08:44:06","slug":"los-futuros-del-ibex-35-se-estancan-y-dudan-antes-de-la-apertura","status":"publish","type":"post","link":"https:\/\/www.europesays.com\/es\/92431\/","title":{"rendered":"Los futuros del Ibex 35 se estancan y dudan antes de la apertura"},"content":{"rendered":"<p>    <img fetchpriority=\"high\" decoding=\"async\" src=\"data:image\/gif;base64,R0lGODlhAQABAIAAAAAAAP\/\/\/ywAAAAAAQABAAACAUwAOw==\" alt=\"Los futuros del Ibex 35 se estancan y dudan antes de la apertura\" loading=\"eager\" height=\"540\" width=\"960\" class=\"yf-1gfnohs loader\"\/> Los futuros del Ibex 35 se estancan y dudan antes de la apertura      <\/p>\n<p class=\"yf-1090901\"><strong>MERCADOS FINANCIEROS<\/strong><\/p>\n<p class=\"yf-1090901\">El \u00edndice Nikkei de Jap\u00f3n se recupera de su m\u00ednimo de casi un mes en la sesi\u00f3n anterior, con las acciones tecnol\u00f3gicas nacionales liderando el repunte tras las ganancias nocturnas de sus hom\u00f3logas estadounidenses.<\/p>\n<p class=\"yf-1090901\">Los precios del petr\u00f3leo caen, mientras los inversores y los operadores esperan la reuni\u00f3n del fin de semana de la OPEP+, en la que se espera que los productores estudien otro aumento de los objetivos de producci\u00f3n.<\/p>\n<p class=\"yf-1090901\"><strong>DATOS MACROECON\u00d3MICOS<\/strong><\/p>\n<p class=\"yf-1090901\">Hoy tenemos:<\/p>\n<p class=\"yf-1090901\">&#8211; Ventas minoristas de la Eurozona<\/p>\n<p class=\"yf-1090901\">&#8211; Subasta de bonos espa\u00f1oles a 3 y 7 a\u00f1os<\/p>\n<p class=\"yf-1090901\">&#8211; Informe Challenger sobre recortes de puestos de trabajo, solicitudes de subsidio por desempleo y balanza comercial de Estados Unidos<\/p>\n<p class=\"yf-1090901\"><strong>EMPRESAS<\/strong><\/p>\n<p class=\"yf-1090901\">Trump planea retirar permisos a Iberdrola, Engie y EDP para la tramitaci\u00f3n de cuatro parques e\u00f3licos marinos (Cinco D\u00edas, El Economista, El Confidencial, Expansi\u00f3n)<\/p>\n<p class=\"yf-1090901\">El contrato de CAF en Israel abre otro frente por el control de Talgo con el Gobierno vasco (El Confidencial)<\/p>\n<p class=\"yf-1090901\">Meli\u00e1 e Iberostar resisten en Cuba pese al desplome del turismo (Cinco D\u00edas)<\/p>\n<p class=\"yf-1090901\">Ryanair reduce su capacidad en Espa\u00f1a tras la subida de las tasas aeroportuarias, y AENA califica la decisi\u00f3n de \u00abchantaje\u00bb (Reuters)<\/p>\n<p class=\"yf-1090901\">La industria solar reclama ayuda al Gobierno por los aranceles de EEUU (Cinco D\u00edas)<\/p>\n<p class=\"yf-1090901\"><strong>ECONOM\u00cdA Y POL\u00cdTICA<\/strong><\/p>\n<p class=\"yf-1090901\">El Gobierno de Donald Trump solicit\u00f3 a la Corte Suprema de Estados Unidos que examinara r\u00e1pidamente una petici\u00f3n para mantener los aranceles generalizados aplicados en virtud de una ley de 1977 destinada a situaciones de emergencia, despu\u00e9s de que un tribunal inferior invalidara la mayor\u00eda de los grav\u00e1menes (Reuters)<\/p>\n<p class=\"yf-1090901\">Unos 30 l\u00edderes mantendr\u00e1n conversaciones con el presidente ucraniano, Volod\u00edmir Zelenski, sobre las futuras garant\u00edas de seguridad para Kiev si se produce un alto el fuego con Rusia, con la esperanza de haber hecho lo suficiente para persuadir a Estados Unidos de que respalde sus esfuerzos (Reuters)<\/p>\n<p class=\"yf-1090901\">El gobernador del Banco de Inglaterra, Andrew Bailey, dijo el mi\u00e9rcoles que el ritmo futuro de la restricci\u00f3n cuantitativa segu\u00eda siendo una \u00abdecisi\u00f3n abierta\u00bb para sus dirigentes monetarios este mes (Reuters)<\/p>\n","protected":false},"excerpt":{"rendered":"Los futuros del Ibex 35 se estancan y dudan antes de la apertura MERCADOS FINANCIEROS El \u00edndice Nikkei&hellip;\n","protected":false},"author":2,"featured_media":31129,"comment_status":"","ping_status":"","sticky":false,"template":"","format":"standard","meta":{"footnotes":""},"categories":[80],"tags":[16391,82,33596,95,94,16394,25,24,3501,9458,33597,23],"class_list":{"0":"post-92431","1":"post","2":"type-post","3":"status-publish","4":"format-standard","5":"has-post-thumbnail","7":"category-economia","8":"tag-banco-de-inglaterra","9":"tag-business","10":"tag-corte-suprema-de-estados-unidos","11":"tag-economia","12":"tag-economy","13":"tag-el-confidencial","14":"tag-es","15":"tag-espana","16":"tag-ibex-35","17":"tag-puestos-de-trabajo","18":"tag-situaciones-de-emergencia","19":"tag-spain"},"share_on_mastodon":{"url":"","error":""},"_links":{"self":[{"href":"https:\/\/www.europesays.com\/es\/wp-json\/wp\/v2\/posts\/92431","targetHints":{"allow":["GET"]}}],"collection":[{"href":"https:\/\/www.europesays.com\/es\/wp-json\/wp\/v2\/posts"}],"about":[{"href":"https:\/\/www.europesays.com\/es\/wp-json\/wp\/v2\/types\/post"}],"author":[{"embeddable":true,"href":"https:\/\/www.europesays.com\/es\/wp-json\/wp\/v2\/users\/2"}],"replies":[{"embeddable":true,"href":"https:\/\/www.europesays.com\/es\/wp-json\/wp\/v2\/comments?post=92431"}],"version-history":[{"count":0,"href":"https:\/\/www.europesays.com\/es\/wp-json\/wp\/v2\/posts\/92431\/revisions"}],"wp:featuredmedia":[{"embeddable":true,"href":"https:\/\/www.europesays.com\/es\/wp-json\/wp\/v2\/media\/31129"}],"wp:attachment":[{"href":"https:\/\/www.europesays.com\/es\/wp-json\/wp\/v2\/media?parent=92431"}],"wp:term":[{"taxonomy":"category","embeddable":true,"href":"https:\/\/www.europesays.com\/es\/wp-json\/wp\/v2\/categories?post=92431"},{"taxonomy":"post_tag","embeddable":true,"href":"https:\/\/www.europesays.com\/es\/wp-json\/wp\/v2\/tags?post=92431"}],"curies":[{"name":"wp","href":"https:\/\/api.w.org\/{rel}","templated":true}]}}