{"id":92462,"date":"2025-09-04T09:03:07","date_gmt":"2025-09-04T09:03:07","guid":{"rendered":"https:\/\/www.europesays.com\/es\/92462\/"},"modified":"2025-09-04T09:03:07","modified_gmt":"2025-09-04T09:03:07","slug":"el-betis-consigue-encajar-el-coste-de-antony-tras-una-negociacion-de-100-dias","status":"publish","type":"post","link":"https:\/\/www.europesays.com\/es\/92462\/","title":{"rendered":"El Betis consigue encajar el coste de Antony tras una negociaci\u00f3n de 100 d\u00edas"},"content":{"rendered":"<p style=\"\">Ma\u00f1ana se cumplen <strong>100 d\u00edas<\/strong> del \u00faltimo partido del <strong>Betis<\/strong> la pasada temporada, con el recuerdo de la disputa de toda una final de la <strong>Conference League<\/strong> frente al <strong>Chelsea<\/strong>. Se trataba de la despedida del curso del conjunto verdiblanco y  &#8230; de quien hab\u00eda sido una de sus estrellas en un tramo final de temporada para enmarcar. Antony se marchaba con una honda pena en su coraz\u00f3n y la voluntad de regresar a Sevilla, pese a los mil impedimentos que ya sab\u00eda que pondr\u00eda el <strong>Manchester United<\/strong>. Tantos que el fichaje se firm\u00f3 tres meses despu\u00e9s de su adi\u00f3s, en el l\u00edmite del mercado, con un esfuerzo tremendo por las tres partes: la <strong>apuesta econ\u00f3mica del Betis<\/strong> por encima de sus posibilidades o de lo deseable para un solo futbolista; la del jugador, ganando menos dinero de lo que percib\u00eda en Inglaterra o el que le ofrec\u00edan en Alemania (Bayern); y la conciencia del propio United de dejar salir a un hombre que le hab\u00eda costado 100 millones, pero cuyo rendimiento nunca estuvo cerca del esperado. Su salida no se pod\u00eda dilatar m\u00e1s tiempo. <strong>Antony<\/strong> hizo realidad aquella verdad del f\u00fatbol de que el jugador juega donde quiere. As\u00ed es. As\u00ed ser\u00e1, por lo menos, hasta <strong>2030<\/strong>. Cinco a\u00f1os firmados por <strong>22 millones m\u00e1s cuatro por objetivos<\/strong>, una cifra que no se ajusta a su valoraci\u00f3n en el mercado. Un negocio, a todas luces, redondo para el Betis.<\/p>\n<p class=\"voc-p\" style=\"\">Porque exist\u00eda cierto temor en la casa heliopolitana de haber puesto todos los huevos en la cesta del extremo brasile\u00f1o. Que el fichaje finalmente no se pudiese dar por una condiciones imposibles del <strong>Manchester United<\/strong>, quien a su vez tiene sus propios e importantes problemas deportivos. La idea principal era sacar a Antony a un precio real para la <strong>econom\u00eda b\u00e9tica<\/strong>. Que un traspaso por <strong>encima de los 20 millones<\/strong>, m\u00e1s un salario may\u00fasculo, no pensionase ni futuras operaciones ni hipotecase el resto de a\u00f1os que el jugador vestir\u00e1 la el\u00e1stica verdiblanca. De hecho, sin salir nadie m\u00e1s, el <strong>Betis<\/strong> pudo acometer la cesi\u00f3n de <strong>Amrabat<\/strong> sin salirse del l\u00edmite salarial, lo que deja bien a las claras que se ha jugado con fuego econ\u00f3mico pero sin quemarse. De hecho, en el club est\u00e1n m\u00e1s que contentos por el resultado financiero final de la operaci\u00f3n.<\/p>\n<p class=\"voc-p\" style=\"\">Aquella traba de \u00faltima hora sobre qui\u00e9n deb\u00eda pagar una comisi\u00f3n que le correspond\u00eda a Antony y su entorno qued\u00f3 resuelta entre el<strong> United<\/strong> y el propio futbolista zurdo. En ning\u00fan momento el <strong>Betis<\/strong> pod\u00eda dar un paso al frente para hacerse cargo de ella. Y es que los n\u00fameros est\u00e1n muy claros. De los <strong>22 de fijo<\/strong>, el Betis ir\u00e1 amortizando <strong>4,5 cada temporada<\/strong>, debido pagar casi un mill\u00f3n m\u00e1s al a\u00f1o en el caso de entrar en <strong>Champions<\/strong> o levantar un t\u00edtulo europeo. En esos casos, se pagar\u00e1 con gusto porque habr\u00e1 m\u00e1s en la caja. En el<strong> salario de Antony<\/strong> tambi\u00e9n se ha metido mano. El coste total del primer a\u00f1o, sumando la amortizaci\u00f3n, no alcanzar\u00e1 los <strong>diez millones (9,5)<\/strong>, estando cerca de lo que percib\u00eda a\u00f1os atr\u00e1s<strong> William Carvalho (9)<\/strong> o menos que los primeros a\u00f1os de <strong>Borja Iglesias<\/strong> hasta su ampliaci\u00f3n de contrato (10). Muy lejos de lo que costaba anualmente <strong>Nabil Fekir<\/strong>, quien fue el que rompi\u00f3 en su d\u00eda la baraja econ\u00f3mica, mostrando al Betis un camino que no deseaba continuar.<\/p>\n<p>\nDe porcentaje de venta a porcentaje de plusval\u00eda\n<\/p>\n<p class=\"voc-p\" style=\"\">Como en otros muchos casos, y siempre pendientes de una posible venta futura, el contrato del internacional por <strong>Brasil<\/strong> ir\u00e1 elevando las cantidades a\u00f1o a a\u00f1o. La media de estos cinco a\u00f1os, entre salario y amortizaci\u00f3n, no superar\u00e1 los 11 millones anuales, siendo el \u00faltimo de ellos el m\u00e1s alto de todos. Por tanto, un posible traspaso antes de 2030 ahorrar\u00eda ese \u00faltimo tramo de mayor gasto salarial en el <strong>Betis<\/strong>. Y aqu\u00ed entra la tercera pata del acuerdo con el United. <strong>Ram\u00f3n Alarc\u00f3n<\/strong> pele\u00f3 en <strong>M\u00e1nchester<\/strong> que el acuerdo de derechos compartidos fuese beneficioso para el <strong>Betis<\/strong>, es decir, qu\u00e9 cantidad se llevar\u00eda cada parte en una posible venta, seg\u00fan los porcentajes. El <strong>conjunto brit\u00e1nico quer\u00eda el 50% del total<\/strong> y eso significaba que todo el riesgo de la operaci\u00f3n, si <strong>Antony<\/strong> se devaluaba, era para el Betis. <strong>Qued\u00e1ndose un 50% de la futura plusval\u00eda<\/strong>, a los b\u00e9ticos les da para jugar con una venta posterior a mercados boyantes como<strong> Arabia<\/strong> o el pa\u00eds del futbolista. Tener una salida donde no perder al menos la amortizaci\u00f3n pendiente. Una buena jugada dentro de un negocio de casi 100 d\u00edas.<\/p>\n<p class=\"voc-p\" style=\"\">El <strong>Betis<\/strong> ha aumentado su masa salarial, ayudado principalmente por estar dentro de la <strong>regla 1:1<\/strong> que permite invertir cada euros recibido, dentro de un verano donde ha conseguido un buen chorreo de millones con traspasos menores, incluyendo a su vez una gran cantidad por las salidas de Johnny Cardoso y Jes\u00fas Rodr\u00edguez. Esa masa salarial, de todos modos, hay que alimentarla con los ingresos europeos. Cuanto mayor sea la competici\u00f3n, mucho mejores ser\u00e1n las partidas econ\u00f3micas recibidas. A eso aspira ya el Betis de Antony, Isco y compa\u00f1\u00eda. La <strong>Champions<\/strong> es el siguiente escal\u00f3n. Para eso se ha firmado a un jugador que lleg\u00f3 casi regalado unos meses por un grande europeo para hacerse \u00eddolo y estrella del proyecto europeo verdiblanco.<\/p>\n","protected":false},"excerpt":{"rendered":"Ma\u00f1ana se cumplen 100 d\u00edas del \u00faltimo partido del Betis la pasada temporada, con el recuerdo de la&hellip;\n","protected":false},"author":2,"featured_media":92463,"comment_status":"","ping_status":"","sticky":false,"template":"","format":"standard","meta":{"footnotes":""},"categories":[93],"tags":[23655,291,10310,4897,11384,168,33606,25,24,1239,23,167,2075],"class_list":{"0":"post-92462","1":"post","2":"type-post","3":"status-publish","4":"format-standard","5":"has-post-thumbnail","7":"category-deportes","8":"tag-antony","9":"tag-betis","10":"tag-consigue","11":"tag-coste","12":"tag-debajo","13":"tag-deportes","14":"tag-encajar","15":"tag-es","16":"tag-espana","17":"tag-mercado","18":"tag-spain","19":"tag-sports","20":"tag-valor"},"share_on_mastodon":{"url":"","error":""},"_links":{"self":[{"href":"https:\/\/www.europesays.com\/es\/wp-json\/wp\/v2\/posts\/92462","targetHints":{"allow":["GET"]}}],"collection":[{"href":"https:\/\/www.europesays.com\/es\/wp-json\/wp\/v2\/posts"}],"about":[{"href":"https:\/\/www.europesays.com\/es\/wp-json\/wp\/v2\/types\/post"}],"author":[{"embeddable":true,"href":"https:\/\/www.europesays.com\/es\/wp-json\/wp\/v2\/users\/2"}],"replies":[{"embeddable":true,"href":"https:\/\/www.europesays.com\/es\/wp-json\/wp\/v2\/comments?post=92462"}],"version-history":[{"count":0,"href":"https:\/\/www.europesays.com\/es\/wp-json\/wp\/v2\/posts\/92462\/revisions"}],"wp:featuredmedia":[{"embeddable":true,"href":"https:\/\/www.europesays.com\/es\/wp-json\/wp\/v2\/media\/92463"}],"wp:attachment":[{"href":"https:\/\/www.europesays.com\/es\/wp-json\/wp\/v2\/media?parent=92462"}],"wp:term":[{"taxonomy":"category","embeddable":true,"href":"https:\/\/www.europesays.com\/es\/wp-json\/wp\/v2\/categories?post=92462"},{"taxonomy":"post_tag","embeddable":true,"href":"https:\/\/www.europesays.com\/es\/wp-json\/wp\/v2\/tags?post=92462"}],"curies":[{"name":"wp","href":"https:\/\/api.w.org\/{rel}","templated":true}]}}