{"id":92472,"date":"2025-09-04T09:09:07","date_gmt":"2025-09-04T09:09:07","guid":{"rendered":"https:\/\/www.europesays.com\/es\/92472\/"},"modified":"2025-09-04T09:09:07","modified_gmt":"2025-09-04T09:09:07","slug":"feijoo-acusa-a-sanchez-de-someter-al-rey-a-un-choque-institucional-sin-precedentes-en-la-apertura-del-ano-judicial-espana","status":"publish","type":"post","link":"https:\/\/www.europesays.com\/es\/92472\/","title":{"rendered":"Feij\u00f3o acusa a S\u00e1nchez de \u201csometer al Rey a un choque institucional sin precedentes\u201d en la apertura del A\u00f1o Judicial | Espa\u00f1a"},"content":{"rendered":"<p class=\"\">El Partido Popular calienta la v\u00edspera de la apertura del A\u00f1o Judicial. Despu\u00e9s de que anunciar este mi\u00e9rcoles que no asistir\u00e1 al solemne acto, presidido por el Rey como cada septiembre, <a href=\"https:\/\/elpais.com\/espana\/2025-09-03\/feijoo-se-escuda-en-un-acto-de-ayuso-para-no-acudir-a-la-apertura-al-ano-judicial.html\" target=\"_self\" rel=\"nofollow noopener\" title=\"https:\/\/elpais.com\/espana\/2025-09-03\/feijoo-se-escuda-en-un-acto-de-ayuso-para-no-acudir-a-la-apertura-al-ano-judicial.html\">escud\u00e1ndose en que ten\u00eda \u201cun compromiso previo\u201d con un mitin del PP de Madrid,<\/a> el l\u00edder de la formaci\u00f3n, Alberto N\u00fa\u00f1ez Feij\u00f3o, ha pasado este jueves por alto esa excusa y defiende su ausencia poniendo el foco en el presidente del Gobierno. As\u00ed, Feij\u00f3o ha cargado desde primera hora de la ma\u00f1ana contra Pedro S\u00e1nchez acus\u00e1ndole de ser \u00e9l quien verdaderamente \u201cmancha\u201d la cita institucional \u201catacando a jueces\u201d y con \u201cun fiscal general procesado que se empe\u00f1a en intervenir ante el Supremo que le investiga\u201d. De esa forma se ha pronunciado el jefe de la oposici\u00f3n en la red social X, aludiendo <a href=\"https:\/\/elpais.com\/espana\/2025-09-01\/sanchez-hay-jueces-haciendo-politica-que-no-cumplen-la-ley.html\" target=\"_self\" rel=\"nofollow noopener\" title=\"https:\/\/elpais.com\/espana\/2025-09-01\/sanchez-hay-jueces-haciendo-politica-que-no-cumplen-la-ley.html\">a las palabras de S\u00e1nchez en TVE el lunes asegurando que hay \u201cjueces haciendo pol\u00edtica\u201d y al procesamiento de \u00c1lvaro Garc\u00eda Ortiz<\/a>. \u201cSometer al Rey a que presencie este choque institucional sin precedente es un error que no avalar\u00e9 con mi presencia\u201d, ha remachado. <\/p>\n<p class=\"\"><a href=\"https:\/\/elpais.com\/espana\/2025-09-04\/ultima-hora-de-la-actualidad-politica-en-directo.html\" target=\"_self\" rel=\"nofollow noopener\" title=\"https:\/\/elpais.com\/espana\/2025-09-04\/ultima-hora-de-la-actualidad-politica-en-directo.html\">Estas son las primeras declaraciones<\/a>, aunque a trav\u00e9s de un mensaje en redes sociales, de Feij\u00f3o, despu\u00e9s de que su equipo difundiese un comunicado pasadas la 15.00 de este mi\u00e9rcoles y en el que anunciaban su ausencia en el acto de este viernes en el Tribunal Supremo. Ser\u00e1 la primera vez \u2014desde que tom\u00f3 posesi\u00f3n de su cargo como l\u00edder de la oposici\u00f3n en abril 2022\u2014, que el jefe de los populares falte a la cita institucional, en la que ha estado presente cada septiembre desde entonces. En la nota enviada a la prensa, Feij\u00f3o se escud\u00f3 en que ten\u00eda un \u201ccompromiso previo\u201d adquirido con la presidenta de la Comunidad de Madrid, Isabel D\u00edaz Ayuso, que celebra la inauguraci\u00f3n del curso pol\u00edtico de su formaci\u00f3n en Arganda del Rey. Aunque G\u00e9nova carg\u00f3 a rengl\u00f3n seguido contra el fiscal general y contra S\u00e1nchez, admitiendo la motivaci\u00f3n real que subyac\u00eda en su negativa a no acudir al evento y enred\u00e1ndose en sus propias palabras.<\/p>\n<blockquote class=\"twitter-tweet\">\n<p lang=\"es\" dir=\"ltr\">Quien mancha la apertura del a\u00f1o judicial es S\u00e1nchez atacando a jueces y un fiscal general procesado que se empe\u00f1a en intervenir ante el Supremo que le investiga. <\/p>\n<p>Someter al Rey a que presencie este choque institucional sin precedente es un error que no avalar\u00e9 con mi\u2026<\/p>\n<p>\u2014 Alberto N\u00fa\u00f1ez Feij\u00f3o (@NunezFeijoo) <a href=\"https:\/\/twitter.com\/NunezFeijoo\/status\/1963467060505100672?ref_src=twsrc%5Etfw\" rel=\"nofollow noopener\" target=\"_blank\">September 4, 2025<\/a><\/p><\/blockquote>\n<p class=\"\">Con el mensaje lanzado en redes este jueves, Feij\u00f3o fija ya el tiro en el presidente del Gobierno como el motivo que le ha llevado a no acudir al acto y pasa por alto, sin siquiera mencionarlo, el mitin de Ayuso. Este jueves, Feij\u00f3o tiene previsto adem\u00e1s acudir a una escuela infantil en el inicio de curso en Guadalajara junto al l\u00edder del PP de Castilla-La Mancha, Paco N\u00fa\u00f1ez, donde se espera ahonde, ante los medios, en su motivaci\u00f3n para rechazar la invitaci\u00f3n, que supone dar plant\u00f3n no solo a S\u00e1nchez y al resto de la plana mayor de la judicatura, sino tambi\u00e9n a Felipe VI. El Rey recibi\u00f3 ya en audiencia este mi\u00e9rcoles en Zarzuela a \u00c1lvaro Garc\u00eda Ortiz, que le entreg\u00f3 la memoria judicial. Fuentes de Casa Real confirmaron durante la jornada que hab\u00edan recibido notificaci\u00f3n por parte de G\u00e9nova sobre la decisi\u00f3n de Feij\u00f3o.<\/p>\n<p class=\"\">Mientras la tensi\u00f3n va en aumento, las cr\u00edticas empiezan a aflorar desde el Gobierno. \u201cEste plante del Sr. Feij\u00f3o en la apertura del a\u00f1o judicial es una grave desconsideraci\u00f3n al Rey, al TS, al FGE, al CGPJ y a la carrera judicial y fiscal al completo\u201d, ha escrito el ministro de Presidencia, Justicia y Relaciones con las Cortes, F\u00e9lix Bola\u00f1os. \u201cRespetar las instituciones democr\u00e1ticas es fundamental en un Estado de Derecho\u201d, ha agregado el dirigente socialista.<\/p>\n<p class=\"\">El inicio de curso arranca as\u00ed con PSOE y PP totalmente alejados, sumando las discrepancias sobre la justicia al ya arreciado enfrentamiento este verano por los incendios. En una entrevista en Antena 3, la vicesecretaria de Regeneraci\u00f3n Institucional del PP, Cuca Gamarra, se ha sumado a las cr\u00edticas contra el fiscal general del Estado y ha defendido a Feij\u00f3o. \u201cLa situaci\u00f3n es an\u00f3mala y no le vamos a dar normalidad\u201d, ha subrayado. \u201c[\u00c1lvaro Garc\u00eda Ortiz] No puede seguir siendo fiscal general. Esta es la anomal\u00eda, que siga siendo fiscal general del Estado y el Gobierno le siga respaldando\u201d, ha remachado.<\/p>\n<p class=\"\">No es la primera vez que Feij\u00f3o rechaza acudir a un acto institucional. Tampoco asisti\u00f3<a href=\"https:\/\/elpais.com\/espana\/2025-06-12\/la-crisis-del-psoe-empana-la-conmemoracion-de-los-40-anos-de-la-entrada-de-espana-en-la-ue.html\" rel=\"nofollow noopener\" title=\"https:\/\/elpais.com\/espana\/2025-06-12\/la-crisis-del-psoe-empana-la-conmemoracion-de-los-40-anos-de-la-entrada-de-espana-en-la-ue.html\" target=\"_blank\"> el 40\u00ba aniversario de la firma del tratado de adhesi\u00f3n de Espa\u00f1a a la UE<\/a> el pasado mes de junio, celebrado en el Palacio Real y con la presencia de Felipe VI, tras hacerse p\u00fablico el informe de la Unidad Central Operativa (UCO) que implicaba al exsecretario general de PSOE Santos Cerd\u00e1n con un papel preponderante en el caso Koldo.<\/p>\n<p><script async src=\"https:\/\/platform.twitter.com\/widgets.js\" charset=\"utf-8\"><\/script><\/p>\n","protected":false},"excerpt":{"rendered":"El Partido Popular calienta la v\u00edspera de la apertura del A\u00f1o Judicial. Despu\u00e9s de que anunciar este mi\u00e9rcoles&hellip;\n","protected":false},"author":2,"featured_media":92473,"comment_status":"","ping_status":"","sticky":false,"template":"","format":"standard","meta":{"footnotes":""},"categories":[8],"tags":[6069,8577,33608,17,18,6042,25,24,13,14,11439,9401,4767,11,2159,2158,19,20,9,10,15,16,2959,952,956,23,12,4874,21,22],"class_list":{"0":"post-92472","1":"post","2":"type-post","3":"status-publish","4":"format-standard","5":"has-post-thumbnail","7":"category-espana","8":"tag-alberto-nunez-feijoo","9":"tag-alvaro-garcia-ortiz","10":"tag-ano-judicial","11":"tag-breaking-news","12":"tag-breakingnews","13":"tag-casa-real","14":"tag-es","15":"tag-espana","16":"tag-featured-news","17":"tag-featurednews","18":"tag-felipe-vi","19":"tag-fiscales","20":"tag-fiscalia","21":"tag-headlines","22":"tag-jueces","23":"tag-justicia","24":"tag-latest-news","25":"tag-latestnews","26":"tag-news","27":"tag-noticias","28":"tag-noticias-destacadas","29":"tag-noticiasdestacadas","30":"tag-pedro-sanchez","31":"tag-politica","32":"tag-pp","33":"tag-spain","34":"tag-titulares","35":"tag-tribunal-supremo","36":"tag-ultimas-noticias","37":"tag-ultimasnoticias"},"share_on_mastodon":{"url":"","error":""},"_links":{"self":[{"href":"https:\/\/www.europesays.com\/es\/wp-json\/wp\/v2\/posts\/92472","targetHints":{"allow":["GET"]}}],"collection":[{"href":"https:\/\/www.europesays.com\/es\/wp-json\/wp\/v2\/posts"}],"about":[{"href":"https:\/\/www.europesays.com\/es\/wp-json\/wp\/v2\/types\/post"}],"author":[{"embeddable":true,"href":"https:\/\/www.europesays.com\/es\/wp-json\/wp\/v2\/users\/2"}],"replies":[{"embeddable":true,"href":"https:\/\/www.europesays.com\/es\/wp-json\/wp\/v2\/comments?post=92472"}],"version-history":[{"count":0,"href":"https:\/\/www.europesays.com\/es\/wp-json\/wp\/v2\/posts\/92472\/revisions"}],"wp:featuredmedia":[{"embeddable":true,"href":"https:\/\/www.europesays.com\/es\/wp-json\/wp\/v2\/media\/92473"}],"wp:attachment":[{"href":"https:\/\/www.europesays.com\/es\/wp-json\/wp\/v2\/media?parent=92472"}],"wp:term":[{"taxonomy":"category","embeddable":true,"href":"https:\/\/www.europesays.com\/es\/wp-json\/wp\/v2\/categories?post=92472"},{"taxonomy":"post_tag","embeddable":true,"href":"https:\/\/www.europesays.com\/es\/wp-json\/wp\/v2\/tags?post=92472"}],"curies":[{"name":"wp","href":"https:\/\/api.w.org\/{rel}","templated":true}]}}