{"id":92493,"date":"2025-09-04T09:22:15","date_gmt":"2025-09-04T09:22:15","guid":{"rendered":"https:\/\/www.europesays.com\/es\/92493\/"},"modified":"2025-09-04T09:22:15","modified_gmt":"2025-09-04T09:22:15","slug":"como-y-por-que-escribi-una-novela-que-incomoda-y-quita-romanticismo-a-la-adopcion","status":"publish","type":"post","link":"https:\/\/www.europesays.com\/es\/92493\/","title":{"rendered":"C\u00f3mo y por qu\u00e9 escrib\u00ed una novela que incomoda y quita romanticismo a la adopci\u00f3n"},"content":{"rendered":"<p><img alt=\"Agustina Adamoli\" class=\"global-image\" decoding=\"async\" fetchpriority=\"high\" height=\"1080\" loading=\"eager\" src=\"https:\/\/www.europesays.com\/es\/wp-content\/uploads\/2025\/09\/M3RTN7BESRC5PHF7UAM7HJULCA.jpg\" width=\"1920\"\/>Agustina Adamoli<\/p>\n<p class=\"paragraph\">Sab\u00eda que ten\u00eda una buena historia para contar. Todos los que adoptamos un hijo tenemos una. Yo quer\u00eda narrar el proceso de adopci\u00f3n y el sufrimiento que atraviesan las familias en ese recorrido. Porque nosotros lo hab\u00edamos vivido en carne propia y me parec\u00eda que la cantidad de situaciones delirantes con las cuales nos hab\u00edamos enfrentado merec\u00edan ser compartidas. Cuando uno se embarca en la decisi\u00f3n de ahijar de esa manera, se mete de lleno en un universo totalmente nuevo, muy particular y un poco enloquecedor. Al hacerlo en otro pa\u00eds, ese desaf\u00edo se nutre -adem\u00e1s- de otros matices culturales espec\u00edficos (en este caso los de <b>Hait\u00ed<\/b>). Uno se sube, casi sin saberlo, a una especie de <b>monta\u00f1a rusa <\/b>cuyo relato no tiene desperdicio. Al d\u00eda de hoy, cada vez que recuerdo las cosas que tuvimos que pasar, me parece todo muy surrealista. \u00bfC\u00f3mo puede ser que un juez te d\u00e9 un certificado de idoneidad sin conocerte personalmente? Y al mismo tiempo, \u00bfpor qu\u00e9 la justicia tiene que decidir si soy apta para adoptar? \u00bfY qu\u00e9 pasa con los hijos biol\u00f3gicos? \u00bfAlguien se asegura de que los adultos estemos capacitados para criarlos? <\/p>\n<p class=\"paragraph\">Empec\u00e9 a escribir <b>Como un cicl\u00f3n<\/b> en un taller de escritura. Durante tres a\u00f1os, semana tras semana, fui presentando cap\u00edtulos que mis compa\u00f1eros y compa\u00f1eras comentaban junto al profesor. Cuando uno se basa en su propia vida para escribir, ten\u00e9s la ventaja del hilo conductor que es la cronolog\u00eda misma de los hechos. La trama se fue construyendo con ese orden y los temas empezaron a emerger: la reacci\u00f3n de los familiares y amigos al anunciar la noticia, los prejuicios de los conocidos, las dudas sobre la transparencia en las distintas fases, las relaciones con otras personas adoptantes, la imagen de la madre blanca y el hijo negro.<\/p>\n<p><img alt=\"\u201cComo un cicl\u00f3n\u201d: historias surrealistas\" class=\"global-image\" decoding=\"async\" fetchpriority=\"low\" height=\"1080\" loading=\"lazy\" src=\"https:\/\/www.europesays.com\/es\/wp-content\/uploads\/2025\/09\/LDJH2A3PUFAPXABIQOTJRI3J5M.jpg\" width=\"1920\"\/>\u201cComo un cicl\u00f3n\u201d: historias surrealistas detr\u00e1s de la adopci\u00f3n internacional en Hait\u00ed<\/p>\n<p class=\"paragraph\">Eleg\u00ed <b>hacer foco en la familia adoptante<\/b> y no en el ni\u00f1o. Es dif\u00edcil de explicar, pero no quer\u00eda escribir una historia de adopci\u00f3n. Quer\u00eda un libro que hablara de la construcci\u00f3n de una familia. Que pudiera cautivar a cualquier lector o lectora, no solamente a los que este tema los toca de una manera u otra. Quer\u00eda que, al leerlo, cualquiera pudiera identificarse de alg\u00fan modo con las situaciones cotidianas que arman y desarman la vida de esa familia, en esa ciudad, en ese barrio porte\u00f1o en particular. Adem\u00e1s, el hecho de que la pareja protagonista ya tuviera una hija biol\u00f3gica al decidir adoptar (tal cual fue en nuestro caso), me sumaba por lo inusual. Sus miedos y expectativas tambi\u00e9n quedaron plasmados en la novela. Al igual que las peleas y diferencias que irrumpieron en la pareja durante la larga espera. <\/p>\n<p class=\"paragraph\">La estructura se fue armando sola. Reconozco el riesgo de empezar el relato con un flashforward, pero me seduc\u00eda un comienzo distinto, que te met\u00eda de cabeza en la historia y me tentaba mucho que quedara as\u00ed. Hay algo del lenguaje audiovisual actual que todos consumimos con las series de las plataformas que se termin\u00f3 traduciendo en el armado de mi novela. Por ejemplo, la mayor\u00eda de los cap\u00edtulos terminan en suspenso, imitando los momentos culminantes que vemos al final de los episodios en las pantallas. La din\u00e1mica de los hechos hace que la historia est\u00e9 en<b> propulsi\u00f3n constante<\/b>, convirti\u00e9ndose en una especie de <b>thriller burocr\u00e1tico<\/b> donde los protagonistas avanzan a ciegas entre su deseo, la incertidumbre, la desaz\u00f3n y la esperanza.<\/p>\n<p><img alt=\"Ni\u00f1os en Hait\u00ed, v\u00edctimas de\" class=\"global-image\" decoding=\"async\" fetchpriority=\"low\" height=\"4480\" loading=\"lazy\" src=\"https:\/\/www.europesays.com\/es\/wp-content\/uploads\/2025\/09\/IEHMJHOOBRCTXDWM3EDTO6IBNQ.JPG\" width=\"6720\"\/>Ni\u00f1os en Hait\u00ed, v\u00edctimas de una cruel realidad social (Foto: REUTERS\/Fildor Pq Egeder)<\/p>\n<p class=\"paragraph\">Alguna vez me dijeron que escribo como <b>un tren de alta velocidad<\/b> y creo que eso describe bastante bien mi estilo narrativo. Tambi\u00e9n me tildaron de \u201cdesfachatada\u201d, y me lo tom\u00e9 como un piropo. No me interesa escribir algo que no hace ruido. Me atrae mucho la idea de que el lector se quede pensando en un tema planteado en el libro, que no lo suelte, o que se cuestione actitudes que naturalizamos como sociedad. As\u00ed como en mi primera novela <b>(a)Fortunata<\/b> ataco la idealizaci\u00f3n de la maternidad, en <b>Como un cicl\u00f3n <\/b>trato de desromantizar la adopci\u00f3n. Definitivamente este es un libro que incomoda, que habla tambi\u00e9n de racismo, desequilibrio de poder y privilegios. Son cuestiones que est\u00e1n m\u00e1s en segundo plano, pero siempre est\u00e1n.<\/p>\n<p class=\"paragraph\">El humor, que para m\u00ed es sagrado, est\u00e1 muy presente. Fue dif\u00edcil calibrar la dosis necesaria. Pero creo que mi mayor desaf\u00edo fue la construcci\u00f3n de los personajes porque necesitaba que lograran emocionar y divertir al mismo tiempo. La autoficci\u00f3n tiene ese doble filo que es que la vida misma te regala una historia. Despu\u00e9s todo se va transformando y uno tiene que disfrazarse de<b> alquimista<\/b>, medir los condimentos necesarios para que la trama funcione, m\u00e1s all\u00e1 de los hechos que efectivamente sucedieron, de lo que fue real o no. <\/p>\n","protected":false},"excerpt":{"rendered":"Agustina Adamoli Sab\u00eda que ten\u00eda una buena historia para contar. Todos los que adoptamos un hijo tenemos una.&hellip;\n","protected":false},"author":2,"featured_media":92494,"comment_status":"","ping_status":"","sticky":false,"template":"","format":"standard","meta":{"footnotes":""},"categories":[172],"tags":[33624,224,3675,146,147,25,24,26224,225,757,23],"class_list":{"0":"post-92493","1":"post","2":"type-post","3":"status-publish","4":"format-standard","5":"has-post-thumbnail","7":"category-libros","8":"tag-artibonite","9":"tag-books","10":"tag-civil-unrest","11":"tag-entertainment","12":"tag-entretenimiento","13":"tag-es","14":"tag-espana","15":"tag-human-interest-brights-odd-news","16":"tag-libros","17":"tag-south-america-central-america","18":"tag-spain"},"share_on_mastodon":{"url":"","error":""},"_links":{"self":[{"href":"https:\/\/www.europesays.com\/es\/wp-json\/wp\/v2\/posts\/92493","targetHints":{"allow":["GET"]}}],"collection":[{"href":"https:\/\/www.europesays.com\/es\/wp-json\/wp\/v2\/posts"}],"about":[{"href":"https:\/\/www.europesays.com\/es\/wp-json\/wp\/v2\/types\/post"}],"author":[{"embeddable":true,"href":"https:\/\/www.europesays.com\/es\/wp-json\/wp\/v2\/users\/2"}],"replies":[{"embeddable":true,"href":"https:\/\/www.europesays.com\/es\/wp-json\/wp\/v2\/comments?post=92493"}],"version-history":[{"count":0,"href":"https:\/\/www.europesays.com\/es\/wp-json\/wp\/v2\/posts\/92493\/revisions"}],"wp:featuredmedia":[{"embeddable":true,"href":"https:\/\/www.europesays.com\/es\/wp-json\/wp\/v2\/media\/92494"}],"wp:attachment":[{"href":"https:\/\/www.europesays.com\/es\/wp-json\/wp\/v2\/media?parent=92493"}],"wp:term":[{"taxonomy":"category","embeddable":true,"href":"https:\/\/www.europesays.com\/es\/wp-json\/wp\/v2\/categories?post=92493"},{"taxonomy":"post_tag","embeddable":true,"href":"https:\/\/www.europesays.com\/es\/wp-json\/wp\/v2\/tags?post=92493"}],"curies":[{"name":"wp","href":"https:\/\/api.w.org\/{rel}","templated":true}]}}