{"id":92611,"date":"2025-09-04T10:29:08","date_gmt":"2025-09-04T10:29:08","guid":{"rendered":"https:\/\/www.europesays.com\/es\/92611\/"},"modified":"2025-09-04T10:29:08","modified_gmt":"2025-09-04T10:29:08","slug":"no-me-maten-los-detractores","status":"publish","type":"post","link":"https:\/\/www.europesays.com\/es\/92611\/","title":{"rendered":"\u00abNo me maten los detractores\u00bb"},"content":{"rendered":"<p><img decoding=\"async\" class=\"voc-author__img\" src=\"https:\/\/s2.abcstatics.com\/comun\/2015\/img\/autor\/autor-5261-foto-4.png\" alt=\"Mari Carmen Parra\"\/><\/p>\n<p class=\"voc-p\" style=\"\"><a href=\"https:\/\/www.abc.es\/play\/television\/noticias\/presentador-telediario-deslengua-decir-rodeos-detras-cancion-20250901093455-nt.html\" target=\"_self\" data-voc-vtm-id=\"in-text-traffic\" title=\"Bricio Segovia\" data-mrf-link=\"www.abc.es\" rel=\"nofollow noopener\">Bricio Segovia<\/a> ha logrado dar al <strong>Informativo matinal de Telecinco<\/strong> un sello personal y caracter\u00edstico que consigue aunar el rigor y la seriedad period\u00edstica que requieren los temas que conforman un Telediario, pero a la vez aporta un punto de espontaneidad y cercan\u00eda con la audiencia en los asuntos de car\u00e1cter social y m\u00e1s distendidos. Una buena muestra de ello la ha vuelto a dejar este jueves cuando el presentador se lanzaba a dejar una<strong> confesi\u00f3n personal<\/strong> a sabiendas que su revelaci\u00f3n podr\u00eda traer mucha cola. <\/p>\n<p class=\"voc-p\" style=\"\">El <strong>Telediario<\/strong> matinal de <strong>Telecinco<\/strong> hab\u00eda arrancado bien temprano para informar a la audiencia de las principales noticias que tra\u00eda la jornada. Pol\u00edtica nacional, internacional o el accidente del funicular en Lisboa eran algunos de los asuntos que el Informativo de la cadena de <a href=\"https:\/\/www.abc.es\/noticias\/telecinco\/\" target=\"_self\" data-voc-vtm-id=\"in-text-traffic\" title=\"Mediaset\" data-mrf-link=\"www.abc.es\" rel=\"nofollow noopener\">Mediaset<\/a> iba abordando a medida que iba avanzando. <\/p>\n<p class=\"voc-p\" style=\"\">Sin embargo, el <strong>Telediario<\/strong> de <strong>Telecinco<\/strong>, como siempre, tambi\u00e9n dej\u00f3 hueco a otros asuntos como a la \u00faltima jornada del Festval de Vitoria o a la \u00faltima encuesta que hab\u00eda lanzado el CIS a los espa\u00f1oles.<\/p>\n<p class=\"voc-p\" style=\"\">\u00abBueno, y con esta imagen ya se pueden imaginar que ahora viene una pregunta importante\u00bb, comenzaba diciendo <a href=\"https:\/\/www.abc.es\/play\/television\/noticias\/presentador-telediario-avisa-llegada-cine-obra-maestra-20250829092555-nt.html\" target=\"_self\" data-voc-vtm-id=\"in-text-traffic\" title=\"Bricio Segovia\" data-mrf-link=\"www.abc.es\" rel=\"nofollow noopener\">Bricio Segovia<\/a> a los telespectadores. \u00abParen motores\u00bb, indicaba el presentador del <strong>Informativo<\/strong> matinal de <strong>Telecinco<\/strong> antes de formular una pregunta capital al p\u00fablico. \u00ab\u00bfQu\u00e9 son m\u00e1s de tortilla de cebolla o sin cebolla?\u00bb, cuestionaba el periodista que ofrec\u00eda su personal respuesta.<\/p>\n<p class=\"voc-p\" style=\"\">\u00abAunque yo ya les digo que a m\u00ed me encanta con cebolla\u00bb, confesaba el presentador del <strong>Informativo<\/strong> matinal de Telecinco. \u00abNo me maten los detractores\u00bb, a\u00f1ad\u00eda con sorna el periodista que pasaba a introducir la informaci\u00f3n que el Telediario hab\u00eda preparado. \u00abSaben, es la eterna discusi\u00f3n en las calles y el CIS ha preguntado sobre esto y ojo a la respuesta que ha ganado\u00bb, advert\u00eda el <strong>presentador<\/strong>. <\/p>\n<p class=\"voc-p\" style=\"\">\u00abHemos ganado los de cebolla, es la m\u00e1s popular\u00bb, revelaba<a href=\"https:\/\/www.abc.es\/play\/television\/noticias\/presentador-telediario-rotundo-nuevo-beneficio-dieta-mediterranea-20250826093425-nt.html\" target=\"_self\" data-voc-vtm-id=\"in-text-traffic\" title=\" Bricio Segovia\" data-mrf-link=\"www.abc.es\" rel=\"nofollow noopener\"> Bricio Segovia<\/a> que terminaba el distendido momento ofreciendo el resultado de la encuesta del <strong>Telediario<\/strong> de Telecinco. \u00abPero, claro, en la calle el debate sigue igual de vivo, no lo tenemos al final tan claro, van a verlo\u00bb, zanjaba el <strong>presentador<\/strong> del Informativo matinal de Telecinco.<\/p>\n<p>Reportar un error<\/p>\n","protected":false},"excerpt":{"rendered":"Bricio Segovia ha logrado dar al Informativo matinal de Telecinco un sello personal y caracter\u00edstico que consigue aunar&hellip;\n","protected":false},"author":2,"featured_media":92612,"comment_status":"","ping_status":"","sticky":false,"template":"","format":"standard","meta":{"footnotes":""},"categories":[174],"tags":[1575,255,24235,33659,146,147,25,24,256,4348,33658,3053,9693,1421,23,4686],"class_list":{"0":"post-92611","1":"post","2":"type-post","3":"status-publish","4":"format-standard","5":"has-post-thumbnail","7":"category-famosos","8":"tag-ante","9":"tag-celebrities","10":"tag-confesion","11":"tag-detractores","12":"tag-entertainment","13":"tag-entretenimiento","14":"tag-es","15":"tag-espana","16":"tag-famosos","17":"tag-juega","18":"tag-maten","19":"tag-personal","20":"tag-presentador","21":"tag-publico","22":"tag-spain","23":"tag-telediario"},"share_on_mastodon":{"url":"","error":""},"_links":{"self":[{"href":"https:\/\/www.europesays.com\/es\/wp-json\/wp\/v2\/posts\/92611","targetHints":{"allow":["GET"]}}],"collection":[{"href":"https:\/\/www.europesays.com\/es\/wp-json\/wp\/v2\/posts"}],"about":[{"href":"https:\/\/www.europesays.com\/es\/wp-json\/wp\/v2\/types\/post"}],"author":[{"embeddable":true,"href":"https:\/\/www.europesays.com\/es\/wp-json\/wp\/v2\/users\/2"}],"replies":[{"embeddable":true,"href":"https:\/\/www.europesays.com\/es\/wp-json\/wp\/v2\/comments?post=92611"}],"version-history":[{"count":0,"href":"https:\/\/www.europesays.com\/es\/wp-json\/wp\/v2\/posts\/92611\/revisions"}],"wp:featuredmedia":[{"embeddable":true,"href":"https:\/\/www.europesays.com\/es\/wp-json\/wp\/v2\/media\/92612"}],"wp:attachment":[{"href":"https:\/\/www.europesays.com\/es\/wp-json\/wp\/v2\/media?parent=92611"}],"wp:term":[{"taxonomy":"category","embeddable":true,"href":"https:\/\/www.europesays.com\/es\/wp-json\/wp\/v2\/categories?post=92611"},{"taxonomy":"post_tag","embeddable":true,"href":"https:\/\/www.europesays.com\/es\/wp-json\/wp\/v2\/tags?post=92611"}],"curies":[{"name":"wp","href":"https:\/\/api.w.org\/{rel}","templated":true}]}}